{"id":33197,"date":"2022-06-22T19:03:43","date_gmt":"2022-06-22T17:03:43","guid":{"rendered":"https:\/\/franziskanergymnasium-kreuzburg.de\/cms\/?p=33197"},"modified":"2022-06-23T18:51:46","modified_gmt":"2022-06-23T16:51:46","slug":"2-preis-beim-bundeswettbewerb-fremdsprachen-franzoesisch-klasse-7","status":"publish","type":"post","link":"https:\/\/franziskanergymnasium-kreuzburg.de\/cms\/2-preis-beim-bundeswettbewerb-fremdsprachen-franzoesisch-klasse-7\/","title":{"rendered":"2. Preis beim Bundeswettbewerb Fremdsprachen &#8211; Franz\u00f6sisch, Klasse 7"},"content":{"rendered":"<p>Mona R. (7e) berichtet von der Preisverleihung im Bundeswettbewerb Fremdsprachen. Ein ausf\u00fchrlicher Bericht zum Wettbewerb ist in der n\u00e4chsten Ausgabe des \u201eContact\u201c zu lesen.<\/p><p>\r\n<div id=\"attachment_33198\" style=\"width: 235px\" class=\"wp-caption alignright\"><a attid=\"33198\"  href=\"https:\/\/franziskanergymnasium-kreuzburg.de\/cms\/wp-content\/uploads\/2022\/06\/Foto_Preisverleihung.jpg\" rel=\"lightbox[33197]\"><img loading=\"lazy\" decoding=\"async\" aria-describedby=\"caption-attachment-33198\" src=\"https:\/\/franziskanergymnasium-kreuzburg.de\/cms\/wp-content\/uploads\/2022\/06\/Foto_Preisverleihung-225x300.jpg\" alt=\"\" width=\"225\" height=\"300\" class=\"size-medium wp-image-33198\" srcset=\"https:\/\/franziskanergymnasium-kreuzburg.de\/cms\/wp-content\/uploads\/2022\/06\/Foto_Preisverleihung-225x300.jpg 225w, https:\/\/franziskanergymnasium-kreuzburg.de\/cms\/wp-content\/uploads\/2022\/06\/Foto_Preisverleihung-768x1024.jpg 768w, https:\/\/franziskanergymnasium-kreuzburg.de\/cms\/wp-content\/uploads\/2022\/06\/Foto_Preisverleihung.jpg 900w\" sizes=\"auto, (max-width: 225px) 100vw, 225px\" \/><\/a><p id=\"caption-attachment-33198\" class=\"wp-caption-text\">Von links &#8211; Maja S. (7e), Julia R. (7e), Mona R. (7e) \u2013 nicht dabei waren bei der Preisverleihung Julian G. (7d) und Philipp K. (7e)<\/p><\/div><em>Am Dienstag, dem 14.06.22, fand die Preisverleihung des diesj\u00e4hrigen Bundeswettbewerbs Fremdsprachen statt. Sie wurde dieses Jahr von dem Gewinner, der Heinrich-Heine-Schule, organisiert und fand im B\u00fcrgerhaus in Dreieich-Sprendlingen statt. Es konnten nur drei Sch\u00fclerinnen aus unserem 5-er-Team mitkommen und wir entschieden uns, zusammen mit Frau Kallenbach, f\u00fcr eine Anreise mit \u00f6ffentlichen Verkehrsmitteln. Leider hatte der geplante Zug sehr viel Versp\u00e4tung, weshalb wir eine andere Linie nehmen und einen Umweg fahren mussten. Aufgrund dessen trafen wir mit knapp zwanzig Minuten Versp\u00e4tung bei der Preisverleihung ein, hatten jedoch gl\u00fccklicherweise noch nichts Wichtiges verpasst. Nach einer kurzen Erl\u00e4uterung des Wettbewerbs erfolgte die Vorstellung einiger der besten Beitr\u00e4ge, einer wurde sogar live auf der B\u00fchne pr\u00e4sentiert. Anschlie\u00dfend wurden zun\u00e4chst die Preise des Solo- und dann die des Teamwettbewerbs verteilt. Schlie\u00dflich rief man auch uns auf die B\u00fchne und fragte uns, was das Schwierigste bei der Erarbeitung unserer \u201a\u00e9mission de radio\u2018 (unser Beitrag war eine franz\u00f6sischsprachige Radiosendung) gewesen war. Neben einem Geldpreis gewannen wir mit B\u00fcchern und weiteren Geschenken gef\u00fcllte Taschen des Fernsehsenders \u201aarte\u2018. Nach einem kleinen Snack, der von der Heinrich-Heine-Schule bereitgestellt wurde, machten wir uns gegen fr\u00fchen Nachmittag wieder auf den Heimweg. Mit unserem Preisgeld werden wir im kommenden Schuljahr gemeinsam eine Aktion durchf\u00fchren. <\/em><\/p>\r\n\r\n","protected":false},"excerpt":{"rendered":"Mona R. (7e) berichtet von der Preisverleihung im Bundeswettbewerb Fremdsprachen. Ein ausf\u00fchrlicher Bericht zum Wettbewerb ist in der n\u00e4chsten Ausgabe des \u201eContact\u201c zu lesen. Am Dienstag, dem 14.06.22, fand die Preisverleihung des diesj\u00e4hrigen Bundeswettbewerbs Fremdsprachen statt. Sie wurde dieses Jahr von dem Gewinner, der Heinrich-Heine-Schule, organisiert und fand im B\u00fcrgerhaus in Dreieich-Sprendlingen statt. Es konnten nur drei Sch\u00fclerinnen aus unserem 5-er-Team mitkommen und wir entschieden uns, zusammen mit Frau Kallenbach, f\u00fcr eine Anreise mit \u00f6ffentlichen Verkehrsmitteln. Leider hatte der geplante Zug sehr viel Versp\u00e4tung, weshalb wir eine andere Linie nehmen und einen Umweg fahren mussten. Aufgrund dessen trafen wir mit knapp zwanzig Minuten Versp\u00e4tung bei der Preisverleihung ein, hatten jedoch gl\u00fccklicherweise noch nichts Wichtiges verpasst. Nach einer kurzen Erl\u00e4uterung des Wettbewerbs erfolgte die Vorstellung einiger der besten Beitr\u00e4ge, einer wurde sogar live auf der B\u00fchne pr\u00e4sentiert. Anschlie\u00dfend wurden zun\u00e4chst die Preise des Solo- und dann die des Teamwettbewerbs verteilt. Schlie\u00dflich rief man auch uns auf die B\u00fchne und fragte uns, was das Schwierigste bei der Erarbeitung unserer \u201a\u00e9mission de radio\u2018 (unser Beitrag war eine franz\u00f6sischsprachige Radiosendung) gewesen war. Neben einem Geldpreis gewannen wir mit B\u00fcchern und weiteren Geschenken gef\u00fcllte Taschen des Fernsehsenders \u201aarte\u2018. Nach einem kleinen Snack, der von der Heinrich-Heine-Schule bereitgestellt wurde, machten wir uns gegen fr\u00fchen Nachmittag wieder auf den Heimweg. Mit unserem Preisgeld werden wir im kommenden Schuljahr gemeinsam eine Aktion durchf\u00fchren.","protected":false},"author":3,"featured_media":33199,"comment_status":"closed","ping_status":"closed","sticky":false,"template":"","format":"standard","meta":{"ngg_post_thumbnail":0,"footnotes":""},"categories":[252],"tags":[500,486,123],"class_list":["post-33197","post","type-post","status-publish","format-standard","has-post-thumbnail","hentry","category-fachbereich-1","tag-bundeswettbewerb","tag-franzoesisch","tag-fremdsprachen"],"publishpress_future_action":{"enabled":false,"date":"2026-05-06 12:51:15","action":"change-status","newStatus":"draft","terms":[],"taxonomy":"category","extraData":[]},"publishpress_future_workflow_manual_trigger":{"enabledWorkflows":[]},"_links":{"self":[{"href":"https:\/\/franziskanergymnasium-kreuzburg.de\/cms\/wp-json\/wp\/v2\/posts\/33197","targetHints":{"allow":["GET"]}}],"collection":[{"href":"https:\/\/franziskanergymnasium-kreuzburg.de\/cms\/wp-json\/wp\/v2\/posts"}],"about":[{"href":"https:\/\/franziskanergymnasium-kreuzburg.de\/cms\/wp-json\/wp\/v2\/types\/post"}],"author":[{"embeddable":true,"href":"https:\/\/franziskanergymnasium-kreuzburg.de\/cms\/wp-json\/wp\/v2\/users\/3"}],"replies":[{"embeddable":true,"href":"https:\/\/franziskanergymnasium-kreuzburg.de\/cms\/wp-json\/wp\/v2\/comments?post=33197"}],"version-history":[{"count":4,"href":"https:\/\/franziskanergymnasium-kreuzburg.de\/cms\/wp-json\/wp\/v2\/posts\/33197\/revisions"}],"predecessor-version":[{"id":33206,"href":"https:\/\/franziskanergymnasium-kreuzburg.de\/cms\/wp-json\/wp\/v2\/posts\/33197\/revisions\/33206"}],"wp:featuredmedia":[{"embeddable":true,"href":"https:\/\/franziskanergymnasium-kreuzburg.de\/cms\/wp-json\/wp\/v2\/media\/33199"}],"wp:attachment":[{"href":"https:\/\/franziskanergymnasium-kreuzburg.de\/cms\/wp-json\/wp\/v2\/media?parent=33197"}],"wp:term":[{"taxonomy":"category","embeddable":true,"href":"https:\/\/franziskanergymnasium-kreuzburg.de\/cms\/wp-json\/wp\/v2\/categories?post=33197"},{"taxonomy":"post_tag","embeddable":true,"href":"https:\/\/franziskanergymnasium-kreuzburg.de\/cms\/wp-json\/wp\/v2\/tags?post=33197"}],"curies":[{"name":"wp","href":"https:\/\/api.w.org\/{rel}","templated":true}]}}