{"id":33410,"date":"2022-07-06T07:43:31","date_gmt":"2022-07-06T05:43:31","guid":{"rendered":"https:\/\/franziskanergymnasium-kreuzburg.de\/cms\/?p=33410"},"modified":"2022-08-05T15:41:01","modified_gmt":"2022-08-05T13:41:01","slug":"schueleraustausch-besuch-aus-portugal-tag-1","status":"publish","type":"post","link":"https:\/\/franziskanergymnasium-kreuzburg.de\/cms\/schueleraustausch-besuch-aus-portugal-tag-1\/","title":{"rendered":"Sch\u00fcleraustausch Besuch aus Portugal  &#8211;  Tag 1"},"content":{"rendered":"<p>Vom ersten Tag ihres Besuches in Deutschland im Rahmen des Sch\u00fcleraustauschs berichten die portugiesischen Sch\u00fclerinnen Sarah C., Mia und Zoe:<\/p><p>\r\n<em>Der Tag begann f\u00fcr uns Portugiesinnen und Portugiesen um drei Uhr morgens, weil wir um vier Uhr schon am Flughafen sein mussten, um zum Check-In zu gehen. Wir verabschiedeten uns von unseren Eltern und gingen zum Boarding. Urspr\u00fcnglich sollte unser Flug um sechs Uhr morgens starten, aber er hatte ungef\u00e4hr 20 Minuten Versp\u00e4tung. Trotzdem war der Flug f\u00fcr uns alle gut, weil wir noch einmal schlafen konnten. Entgegen aller Erwartungen kamen wir schon vor zehn Uhr in Frankfurt an und trafen dort Frau Geus. Mit Taxis fuhren wir zusammen zur Kreuzburg, wo wir leider nicht direkt alle Deutschen trafen, weil diese den Sportsfun-Day hatten. Doch wir konnten noch einige interessante Spiele bestaunen. Um 11.45 Uhr trafen wir uns mit den deutschen Austauschpartnern in der Cafeteria und a\u00dfen dort zu Mittag. Das Essen hatten die Cafeteria und die deutschen Sch\u00fcler:innen f\u00fcr uns organisiert. Nachdem wir fertig waren, besprachen wir unser Programm f\u00fcr die n\u00e4chsten Tage und waren anschlie\u00dfend um 13.30 Uhr fertig und durften nach Hause gehen. Die meisten machten dies auch, um sich auszuruhen und die Familien kennenzulernen. Sp\u00e4ter gingen wir noch an den Gro\u00dfkrotzenburger See. Bis ungef\u00e4hr 18.00 Uhr blieben die meisten dort und fuhren erst dann wieder nach Hause. Viele Sch\u00fcler:innen gingen recht fr\u00fch ins Bett, weil alle sehr m\u00fcde waren, aber manche trafen sich noch bei einem deutschen Austauschpartner zu Hause. <\/p><p>\r\nWir hatten alle einen sehr sch\u00f6nen Tag und waren sehr froh, dass wir unsere Austauschpartner:innen und Freunde wiedersehen konnten.<\/em><\/p>\r\n\r\n<a attid=\"33414\"  href=\"https:\/\/franziskanergymnasium-kreuzburg.de\/cms\/wp-content\/uploads\/2022\/07\/29.06.2022-Buffet-in-der-Cafeteria2.jpg\" rel=\"lightbox[33410]\"><img loading=\"lazy\" decoding=\"async\" src=\"https:\/\/franziskanergymnasium-kreuzburg.de\/cms\/wp-content\/uploads\/2022\/07\/29.06.2022-Buffet-in-der-Cafeteria2-225x300.jpg\" alt=\"\" width=\"225\" height=\"300\" class=\"alignnone size-medium wp-image-33414\" srcset=\"https:\/\/franziskanergymnasium-kreuzburg.de\/cms\/wp-content\/uploads\/2022\/07\/29.06.2022-Buffet-in-der-Cafeteria2-225x300.jpg 225w, https:\/\/franziskanergymnasium-kreuzburg.de\/cms\/wp-content\/uploads\/2022\/07\/29.06.2022-Buffet-in-der-Cafeteria2-768x1024.jpg 768w, https:\/\/franziskanergymnasium-kreuzburg.de\/cms\/wp-content\/uploads\/2022\/07\/29.06.2022-Buffet-in-der-Cafeteria2.jpg 900w\" sizes=\"auto, (max-width: 225px) 100vw, 225px\" \/><\/a>\r\n<a attid=\"33412\"  href=\"https:\/\/franziskanergymnasium-kreuzburg.de\/cms\/wp-content\/uploads\/2022\/07\/29.06.2022-Gemeinsames-Mittagessen-.jpg\" rel=\"lightbox[33410]\"><img loading=\"lazy\" decoding=\"async\" src=\"https:\/\/franziskanergymnasium-kreuzburg.de\/cms\/wp-content\/uploads\/2022\/07\/29.06.2022-Gemeinsames-Mittagessen--300x273.jpg\" alt=\"\" width=\"300\" height=\"273\" class=\"alignnone size-medium wp-image-33412\" srcset=\"https:\/\/franziskanergymnasium-kreuzburg.de\/cms\/wp-content\/uploads\/2022\/07\/29.06.2022-Gemeinsames-Mittagessen--300x273.jpg 300w, https:\/\/franziskanergymnasium-kreuzburg.de\/cms\/wp-content\/uploads\/2022\/07\/29.06.2022-Gemeinsames-Mittagessen--768x698.jpg 768w, https:\/\/franziskanergymnasium-kreuzburg.de\/cms\/wp-content\/uploads\/2022\/07\/29.06.2022-Gemeinsames-Mittagessen-.jpg 1000w\" sizes=\"auto, (max-width: 300px) 100vw, 300px\" \/><\/a>\r\n<a attid=\"33413\"  href=\"https:\/\/franziskanergymnasium-kreuzburg.de\/cms\/wp-content\/uploads\/2022\/07\/29.06.2022-Buffet-in-der-Cafeteria1.jpg\" rel=\"lightbox[33410]\"><img loading=\"lazy\" decoding=\"async\" src=\"https:\/\/franziskanergymnasium-kreuzburg.de\/cms\/wp-content\/uploads\/2022\/07\/29.06.2022-Buffet-in-der-Cafeteria1-300x198.jpg\" alt=\"\" width=\"300\" height=\"198\" class=\"alignnone size-medium wp-image-33413\" srcset=\"https:\/\/franziskanergymnasium-kreuzburg.de\/cms\/wp-content\/uploads\/2022\/07\/29.06.2022-Buffet-in-der-Cafeteria1-300x198.jpg 300w, https:\/\/franziskanergymnasium-kreuzburg.de\/cms\/wp-content\/uploads\/2022\/07\/29.06.2022-Buffet-in-der-Cafeteria1-1024x675.jpg 1024w, https:\/\/franziskanergymnasium-kreuzburg.de\/cms\/wp-content\/uploads\/2022\/07\/29.06.2022-Buffet-in-der-Cafeteria1-768x506.jpg 768w, https:\/\/franziskanergymnasium-kreuzburg.de\/cms\/wp-content\/uploads\/2022\/07\/29.06.2022-Buffet-in-der-Cafeteria1.jpg 1200w\" sizes=\"auto, (max-width: 300px) 100vw, 300px\" \/><\/a>","protected":false},"excerpt":{"rendered":"Vom ersten Tag ihres Besuches in Deutschland im Rahmen des Sch\u00fcleraustauschs berichten die portugiesischen Sch\u00fclerinnen Sarah C., Mia und Zoe: Der Tag begann f\u00fcr uns Portugiesinnen und Portugiesen um drei Uhr morgens, weil wir um vier Uhr schon am Flughafen sein mussten, um zum Check-In zu gehen. Wir verabschiedeten uns von unseren Eltern und gingen zum Boarding. Urspr\u00fcnglich sollte unser Flug um sechs Uhr morgens starten, aber er hatte ungef\u00e4hr 20 Minuten Versp\u00e4tung. Trotzdem war der Flug f\u00fcr uns alle gut, weil wir noch einmal schlafen konnten. Entgegen aller Erwartungen kamen wir schon vor zehn Uhr in Frankfurt an und trafen dort Frau Geus. Mit Taxis fuhren wir zusammen zur Kreuzburg, wo wir leider nicht direkt alle Deutschen trafen, weil diese den Sportsfun-Day hatten. Doch wir konnten noch einige interessante Spiele bestaunen. Um 11.45 Uhr trafen wir uns mit den deutschen Austauschpartnern in der Cafeteria und a\u00dfen dort zu Mittag. Das Essen hatten die Cafeteria und die deutschen Sch\u00fcler:innen f\u00fcr uns organisiert. Nachdem wir fertig waren, besprachen wir unser Programm f\u00fcr die n\u00e4chsten Tage und waren anschlie\u00dfend um 13.30 Uhr fertig und durften nach Hause gehen. Die meisten machten dies auch, um sich auszuruhen und die Familien kennenzulernen. Sp\u00e4ter gingen wir noch an den Gro\u00dfkrotzenburger See. Bis ungef\u00e4hr 18.00 Uhr blieben die meisten dort und fuhren erst dann wieder nach Hause. Viele Sch\u00fcler:innen gingen recht fr\u00fch ins Bett, weil alle sehr m\u00fcde waren, aber manche trafen sich noch bei einem deutschen Austauschpartner zu Hause. Wir hatten alle einen sehr sch\u00f6nen Tag und waren sehr froh, dass wir unsere Austauschpartner:innen und Freunde wiedersehen konnten.","protected":false},"author":3,"featured_media":33413,"comment_status":"closed","ping_status":"closed","sticky":false,"template":"","format":"standard","meta":{"ngg_post_thumbnail":0,"footnotes":""},"categories":[1,509],"tags":[],"class_list":["post-33410","post","type-post","status-publish","format-standard","has-post-thumbnail","hentry","category-allgemein","category-erasmus"],"publishpress_future_action":{"enabled":false,"date":"2026-05-06 00:59:28","action":"change-status","newStatus":"draft","terms":[],"taxonomy":"category","extraData":[]},"publishpress_future_workflow_manual_trigger":{"enabledWorkflows":[]},"_links":{"self":[{"href":"https:\/\/franziskanergymnasium-kreuzburg.de\/cms\/wp-json\/wp\/v2\/posts\/33410","targetHints":{"allow":["GET"]}}],"collection":[{"href":"https:\/\/franziskanergymnasium-kreuzburg.de\/cms\/wp-json\/wp\/v2\/posts"}],"about":[{"href":"https:\/\/franziskanergymnasium-kreuzburg.de\/cms\/wp-json\/wp\/v2\/types\/post"}],"author":[{"embeddable":true,"href":"https:\/\/franziskanergymnasium-kreuzburg.de\/cms\/wp-json\/wp\/v2\/users\/3"}],"replies":[{"embeddable":true,"href":"https:\/\/franziskanergymnasium-kreuzburg.de\/cms\/wp-json\/wp\/v2\/comments?post=33410"}],"version-history":[{"count":6,"href":"https:\/\/franziskanergymnasium-kreuzburg.de\/cms\/wp-json\/wp\/v2\/posts\/33410\/revisions"}],"predecessor-version":[{"id":33434,"href":"https:\/\/franziskanergymnasium-kreuzburg.de\/cms\/wp-json\/wp\/v2\/posts\/33410\/revisions\/33434"}],"wp:featuredmedia":[{"embeddable":true,"href":"https:\/\/franziskanergymnasium-kreuzburg.de\/cms\/wp-json\/wp\/v2\/media\/33413"}],"wp:attachment":[{"href":"https:\/\/franziskanergymnasium-kreuzburg.de\/cms\/wp-json\/wp\/v2\/media?parent=33410"}],"wp:term":[{"taxonomy":"category","embeddable":true,"href":"https:\/\/franziskanergymnasium-kreuzburg.de\/cms\/wp-json\/wp\/v2\/categories?post=33410"},{"taxonomy":"post_tag","embeddable":true,"href":"https:\/\/franziskanergymnasium-kreuzburg.de\/cms\/wp-json\/wp\/v2\/tags?post=33410"}],"curies":[{"name":"wp","href":"https:\/\/api.w.org\/{rel}","templated":true}]}}