{"id":33711,"date":"2022-07-26T21:44:07","date_gmt":"2022-07-26T19:44:07","guid":{"rendered":"https:\/\/franziskanergymnasium-kreuzburg.de\/cms\/?p=33711"},"modified":"2022-07-26T21:44:07","modified_gmt":"2022-07-26T19:44:07","slug":"sommerkonzert-als-openair-veranstaltung","status":"publish","type":"post","link":"https:\/\/franziskanergymnasium-kreuzburg.de\/cms\/sommerkonzert-als-openair-veranstaltung\/","title":{"rendered":"Sommerkonzert als Openair-Veranstaltung"},"content":{"rendered":"<p>Nach vielen Unsicherheiten konnte in diesem Jahr das traditionelle Sommerkonzert wieder stattfinden. Die Musiker:innen entschieden sich f\u00fcr eine Auff\u00fchrung im Kloster-\/Schulhof. Die Ch\u00f6re und Orchester wurden f\u00fcr diese Entscheidung mit einer wundervollen Sommerabend-Atmosph\u00e4re belohnt, die &#8211; im Verbund mit beeindruckenden musikalischen Beitr\u00e4gen &#8211; von den Besucher:innen begeistert angenommen wurde.<\/p>\r\n<a attid=\"33733\"  href=\"https:\/\/franziskanergymnasium-kreuzburg.de\/cms\/wp-content\/uploads\/2022\/07\/2022_07_19Sommerkonzert-Publikum3.jpg\" rel=\"lightbox[33711]\"><img decoding=\"async\" src=\"https:\/\/franziskanergymnasium-kreuzburg.de\/cms\/wp-content\/uploads\/2022\/07\/2022_07_19Sommerkonzert-Publikum3-300x177.jpg\" alt=\"\" width=\"220\"  class=\"alignnone size-medium wp-image-33733\" srcset=\"https:\/\/franziskanergymnasium-kreuzburg.de\/cms\/wp-content\/uploads\/2022\/07\/2022_07_19Sommerkonzert-Publikum3-300x177.jpg 300w, https:\/\/franziskanergymnasium-kreuzburg.de\/cms\/wp-content\/uploads\/2022\/07\/2022_07_19Sommerkonzert-Publikum3-1024x603.jpg 1024w, https:\/\/franziskanergymnasium-kreuzburg.de\/cms\/wp-content\/uploads\/2022\/07\/2022_07_19Sommerkonzert-Publikum3-768x452.jpg 768w, https:\/\/franziskanergymnasium-kreuzburg.de\/cms\/wp-content\/uploads\/2022\/07\/2022_07_19Sommerkonzert-Publikum3.jpg 1200w\" sizes=\"(max-width: 300px) 100vw, 300px\" \/><\/a>\r\n\r\n<a attid=\"33732\"  href=\"https:\/\/franziskanergymnasium-kreuzburg.de\/cms\/wp-content\/uploads\/2022\/07\/2022_07_19Sommerkonzert-Publikum2.jpg\" rel=\"lightbox[33711]\"><img decoding=\"async\" src=\"https:\/\/franziskanergymnasium-kreuzburg.de\/cms\/wp-content\/uploads\/2022\/07\/2022_07_19Sommerkonzert-Publikum2-300x200.jpg\" alt=\"\" width=\"220\"  class=\"alignnone size-medium wp-image-33732\" srcset=\"https:\/\/franziskanergymnasium-kreuzburg.de\/cms\/wp-content\/uploads\/2022\/07\/2022_07_19Sommerkonzert-Publikum2-300x200.jpg 300w, https:\/\/franziskanergymnasium-kreuzburg.de\/cms\/wp-content\/uploads\/2022\/07\/2022_07_19Sommerkonzert-Publikum2-1024x683.jpg 1024w, https:\/\/franziskanergymnasium-kreuzburg.de\/cms\/wp-content\/uploads\/2022\/07\/2022_07_19Sommerkonzert-Publikum2-768x512.jpg 768w, https:\/\/franziskanergymnasium-kreuzburg.de\/cms\/wp-content\/uploads\/2022\/07\/2022_07_19Sommerkonzert-Publikum2.jpg 1200w\" sizes=\"(max-width: 300px) 100vw, 300px\" \/><\/a>\r\n\r\n<a attid=\"33731\"  href=\"https:\/\/franziskanergymnasium-kreuzburg.de\/cms\/wp-content\/uploads\/2022\/07\/2022_07_19Sommerkonzert-Publikum1.jpg\" rel=\"lightbox[33711]\"><img decoding=\"async\" src=\"https:\/\/franziskanergymnasium-kreuzburg.de\/cms\/wp-content\/uploads\/2022\/07\/2022_07_19Sommerkonzert-Publikum1-300x200.jpg\" alt=\"\" width=\"220\" class=\"alignnone size-medium wp-image-33731\" srcset=\"https:\/\/franziskanergymnasium-kreuzburg.de\/cms\/wp-content\/uploads\/2022\/07\/2022_07_19Sommerkonzert-Publikum1-300x200.jpg 300w, https:\/\/franziskanergymnasium-kreuzburg.de\/cms\/wp-content\/uploads\/2022\/07\/2022_07_19Sommerkonzert-Publikum1-1024x683.jpg 1024w, https:\/\/franziskanergymnasium-kreuzburg.de\/cms\/wp-content\/uploads\/2022\/07\/2022_07_19Sommerkonzert-Publikum1-768x512.jpg 768w, https:\/\/franziskanergymnasium-kreuzburg.de\/cms\/wp-content\/uploads\/2022\/07\/2022_07_19Sommerkonzert-Publikum1.jpg 1200w\" sizes=\"(max-width: 300px) 100vw, 300px\" \/><\/a>\r\n\r\n<a attid=\"33713\"  href=\"https:\/\/franziskanergymnasium-kreuzburg.de\/cms\/wp-content\/uploads\/2022\/07\/2022_07_19Sommerkonzert-5er6erChor1.jpg\" rel=\"lightbox[33711]\"><img decoding=\"async\" src=\"https:\/\/franziskanergymnasium-kreuzburg.de\/cms\/wp-content\/uploads\/2022\/07\/2022_07_19Sommerkonzert-5er6erChor1-300x149.jpg\" alt=\"\" width=\"220\"  class=\"alignnone size-medium wp-image-33713\" srcset=\"https:\/\/franziskanergymnasium-kreuzburg.de\/cms\/wp-content\/uploads\/2022\/07\/2022_07_19Sommerkonzert-5er6erChor1-300x149.jpg 300w, https:\/\/franziskanergymnasium-kreuzburg.de\/cms\/wp-content\/uploads\/2022\/07\/2022_07_19Sommerkonzert-5er6erChor1-1024x509.jpg 1024w, https:\/\/franziskanergymnasium-kreuzburg.de\/cms\/wp-content\/uploads\/2022\/07\/2022_07_19Sommerkonzert-5er6erChor1-768x382.jpg 768w, https:\/\/franziskanergymnasium-kreuzburg.de\/cms\/wp-content\/uploads\/2022\/07\/2022_07_19Sommerkonzert-5er6erChor1.jpg 1200w\" sizes=\"(max-width: 300px) 100vw, 300px\" \/><\/a>\r\n\r\n<a attid=\"33712\"  href=\"https:\/\/franziskanergymnasium-kreuzburg.de\/cms\/wp-content\/uploads\/2022\/07\/2022_07_19Sommerkonzert-5er6erChor.jpg\" rel=\"lightbox[33711]\"><img decoding=\"async\" src=\"https:\/\/franziskanergymnasium-kreuzburg.de\/cms\/wp-content\/uploads\/2022\/07\/2022_07_19Sommerkonzert-5er6erChor-300x183.jpg\" alt=\"\" width=\"220\"  class=\"alignnone size-medium wp-image-33712\" srcset=\"https:\/\/franziskanergymnasium-kreuzburg.de\/cms\/wp-content\/uploads\/2022\/07\/2022_07_19Sommerkonzert-5er6erChor-300x183.jpg 300w, https:\/\/franziskanergymnasium-kreuzburg.de\/cms\/wp-content\/uploads\/2022\/07\/2022_07_19Sommerkonzert-5er6erChor-1024x625.jpg 1024w, https:\/\/franziskanergymnasium-kreuzburg.de\/cms\/wp-content\/uploads\/2022\/07\/2022_07_19Sommerkonzert-5er6erChor-768x469.jpg 768w, https:\/\/franziskanergymnasium-kreuzburg.de\/cms\/wp-content\/uploads\/2022\/07\/2022_07_19Sommerkonzert-5er6erChor.jpg 1200w\" sizes=\"(max-width: 300px) 100vw, 300px\" \/><\/a>\r\n\r\n<a attid=\"33725\"  href=\"https:\/\/franziskanergymnasium-kreuzburg.de\/cms\/wp-content\/uploads\/2022\/07\/2022_07_19Sommerkonzert-klBigband.jpg\" rel=\"lightbox[33711]\"><img decoding=\"async\" src=\"https:\/\/franziskanergymnasium-kreuzburg.de\/cms\/wp-content\/uploads\/2022\/07\/2022_07_19Sommerkonzert-klBigband-300x171.jpg\" alt=\"\" width=\"220\"  class=\"alignnone size-medium wp-image-33725\" srcset=\"https:\/\/franziskanergymnasium-kreuzburg.de\/cms\/wp-content\/uploads\/2022\/07\/2022_07_19Sommerkonzert-klBigband-300x171.jpg 300w, https:\/\/franziskanergymnasium-kreuzburg.de\/cms\/wp-content\/uploads\/2022\/07\/2022_07_19Sommerkonzert-klBigband-1024x584.jpg 1024w, https:\/\/franziskanergymnasium-kreuzburg.de\/cms\/wp-content\/uploads\/2022\/07\/2022_07_19Sommerkonzert-klBigband-768x438.jpg 768w, https:\/\/franziskanergymnasium-kreuzburg.de\/cms\/wp-content\/uploads\/2022\/07\/2022_07_19Sommerkonzert-klBigband.jpg 1200w\" sizes=\"(max-width: 300px) 100vw, 300px\" \/><\/a>\r\n\r\n<a attid=\"33726\"  href=\"https:\/\/franziskanergymnasium-kreuzburg.de\/cms\/wp-content\/uploads\/2022\/07\/2022_07_19Sommerkonzert-klOrchester.jpg\" rel=\"lightbox[33711]\"><img decoding=\"async\" src=\"https:\/\/franziskanergymnasium-kreuzburg.de\/cms\/wp-content\/uploads\/2022\/07\/2022_07_19Sommerkonzert-klOrchester-300x170.jpg\" alt=\"\" width=\"220\"  class=\"alignnone size-medium wp-image-33726\" srcset=\"https:\/\/franziskanergymnasium-kreuzburg.de\/cms\/wp-content\/uploads\/2022\/07\/2022_07_19Sommerkonzert-klOrchester-300x170.jpg 300w, https:\/\/franziskanergymnasium-kreuzburg.de\/cms\/wp-content\/uploads\/2022\/07\/2022_07_19Sommerkonzert-klOrchester-1024x581.jpg 1024w, https:\/\/franziskanergymnasium-kreuzburg.de\/cms\/wp-content\/uploads\/2022\/07\/2022_07_19Sommerkonzert-klOrchester-768x436.jpg 768w, https:\/\/franziskanergymnasium-kreuzburg.de\/cms\/wp-content\/uploads\/2022\/07\/2022_07_19Sommerkonzert-klOrchester.jpg 1200w\" sizes=\"(max-width: 300px) 100vw, 300px\" \/><\/a>\r\n\r\n<a attid=\"33727\"  href=\"https:\/\/franziskanergymnasium-kreuzburg.de\/cms\/wp-content\/uploads\/2022\/07\/2022_07_19Sommerkonzert-klOrchester1.jpg\" rel=\"lightbox[33711]\"><img decoding=\"async\" src=\"https:\/\/franziskanergymnasium-kreuzburg.de\/cms\/wp-content\/uploads\/2022\/07\/2022_07_19Sommerkonzert-klOrchester1-300x222.jpg\" alt=\"\" width=\"190\"  class=\"alignnone size-medium wp-image-33727\" srcset=\"https:\/\/franziskanergymnasium-kreuzburg.de\/cms\/wp-content\/uploads\/2022\/07\/2022_07_19Sommerkonzert-klOrchester1-300x222.jpg 300w, https:\/\/franziskanergymnasium-kreuzburg.de\/cms\/wp-content\/uploads\/2022\/07\/2022_07_19Sommerkonzert-klOrchester1-1024x756.jpg 1024w, https:\/\/franziskanergymnasium-kreuzburg.de\/cms\/wp-content\/uploads\/2022\/07\/2022_07_19Sommerkonzert-klOrchester1-768x567.jpg 768w, https:\/\/franziskanergymnasium-kreuzburg.de\/cms\/wp-content\/uploads\/2022\/07\/2022_07_19Sommerkonzert-klOrchester1.jpg 1200w\" sizes=\"(max-width: 300px) 100vw, 300px\" \/><\/a>\r\n\r\n<a attid=\"33723\"  href=\"https:\/\/franziskanergymnasium-kreuzburg.de\/cms\/wp-content\/uploads\/2022\/07\/2022_07_19Sommerkonzert-Jugendchor.jpg\" rel=\"lightbox[33711]\"><img decoding=\"async\" src=\"https:\/\/franziskanergymnasium-kreuzburg.de\/cms\/wp-content\/uploads\/2022\/07\/2022_07_19Sommerkonzert-Jugendchor-300x162.jpg\" alt=\"\" width=\"240\"  class=\"alignnone size-medium wp-image-33723\" srcset=\"https:\/\/franziskanergymnasium-kreuzburg.de\/cms\/wp-content\/uploads\/2022\/07\/2022_07_19Sommerkonzert-Jugendchor-300x162.jpg 300w, https:\/\/franziskanergymnasium-kreuzburg.de\/cms\/wp-content\/uploads\/2022\/07\/2022_07_19Sommerkonzert-Jugendchor-1024x551.jpg 1024w, https:\/\/franziskanergymnasium-kreuzburg.de\/cms\/wp-content\/uploads\/2022\/07\/2022_07_19Sommerkonzert-Jugendchor-768x413.jpg 768w, https:\/\/franziskanergymnasium-kreuzburg.de\/cms\/wp-content\/uploads\/2022\/07\/2022_07_19Sommerkonzert-Jugendchor.jpg 1200w\" sizes=\"(max-width: 300px) 100vw, 300px\" \/><\/a>\r\n\r\n<a attid=\"33721\"  href=\"https:\/\/franziskanergymnasium-kreuzburg.de\/cms\/wp-content\/uploads\/2022\/07\/2022_07_19Sommerkonzert-Elternchor.jpg\" rel=\"lightbox[33711]\"><img decoding=\"async\" src=\"https:\/\/franziskanergymnasium-kreuzburg.de\/cms\/wp-content\/uploads\/2022\/07\/2022_07_19Sommerkonzert-Elternchor-300x204.jpg\" alt=\"\" width=\"220\"  class=\"alignnone size-medium wp-image-33721\" srcset=\"https:\/\/franziskanergymnasium-kreuzburg.de\/cms\/wp-content\/uploads\/2022\/07\/2022_07_19Sommerkonzert-Elternchor-300x204.jpg 300w, https:\/\/franziskanergymnasium-kreuzburg.de\/cms\/wp-content\/uploads\/2022\/07\/2022_07_19Sommerkonzert-Elternchor-1024x695.jpg 1024w, https:\/\/franziskanergymnasium-kreuzburg.de\/cms\/wp-content\/uploads\/2022\/07\/2022_07_19Sommerkonzert-Elternchor-768x522.jpg 768w, https:\/\/franziskanergymnasium-kreuzburg.de\/cms\/wp-content\/uploads\/2022\/07\/2022_07_19Sommerkonzert-Elternchor.jpg 1200w\" sizes=\"(max-width: 300px) 100vw, 300px\" \/><\/a>\r\n\r\n\r\n\r\n<a attid=\"33719\"  href=\"https:\/\/franziskanergymnasium-kreuzburg.de\/cms\/wp-content\/uploads\/2022\/07\/2022_07_19Sommerkonzert-Bigband.jpg\" rel=\"lightbox[33711]\"><img decoding=\"async\" src=\"https:\/\/franziskanergymnasium-kreuzburg.de\/cms\/wp-content\/uploads\/2022\/07\/2022_07_19Sommerkonzert-Bigband-300x162.jpg\" alt=\"\" width=\"220\"  class=\"alignnone size-medium wp-image-33719\" srcset=\"https:\/\/franziskanergymnasium-kreuzburg.de\/cms\/wp-content\/uploads\/2022\/07\/2022_07_19Sommerkonzert-Bigband-300x162.jpg 300w, https:\/\/franziskanergymnasium-kreuzburg.de\/cms\/wp-content\/uploads\/2022\/07\/2022_07_19Sommerkonzert-Bigband-1024x552.jpg 1024w, https:\/\/franziskanergymnasium-kreuzburg.de\/cms\/wp-content\/uploads\/2022\/07\/2022_07_19Sommerkonzert-Bigband-768x414.jpg 768w, https:\/\/franziskanergymnasium-kreuzburg.de\/cms\/wp-content\/uploads\/2022\/07\/2022_07_19Sommerkonzert-Bigband.jpg 1200w\" sizes=\"(max-width: 300px) 100vw, 300px\" \/><\/a>\r\n\r\n<a attid=\"33720\"  href=\"https:\/\/franziskanergymnasium-kreuzburg.de\/cms\/wp-content\/uploads\/2022\/07\/2022_07_19Sommerkonzert-Bigband1.jpg\" rel=\"lightbox[33711]\"><img decoding=\"async\" src=\"https:\/\/franziskanergymnasium-kreuzburg.de\/cms\/wp-content\/uploads\/2022\/07\/2022_07_19Sommerkonzert-Bigband1-300x200.jpg\" alt=\"\" width=\"220\" class=\"alignnone size-medium wp-image-33720\" srcset=\"https:\/\/franziskanergymnasium-kreuzburg.de\/cms\/wp-content\/uploads\/2022\/07\/2022_07_19Sommerkonzert-Bigband1-300x200.jpg 300w, https:\/\/franziskanergymnasium-kreuzburg.de\/cms\/wp-content\/uploads\/2022\/07\/2022_07_19Sommerkonzert-Bigband1-1024x683.jpg 1024w, https:\/\/franziskanergymnasium-kreuzburg.de\/cms\/wp-content\/uploads\/2022\/07\/2022_07_19Sommerkonzert-Bigband1-768x512.jpg 768w, https:\/\/franziskanergymnasium-kreuzburg.de\/cms\/wp-content\/uploads\/2022\/07\/2022_07_19Sommerkonzert-Bigband1.jpg 1200w\" sizes=\"(max-width: 300px) 100vw, 300px\" \/><\/a>\r\n\r\n<a attid=\"33723\"  href=\"https:\/\/franziskanergymnasium-kreuzburg.de\/cms\/wp-content\/uploads\/2022\/07\/2022_07_19Sommerkonzert-Jugendchor.jpg\" rel=\"lightbox[33711]\"><img decoding=\"async\" src=\"https:\/\/franziskanergymnasium-kreuzburg.de\/cms\/wp-content\/uploads\/2022\/07\/2022_07_19Sommerkonzert-Jugendchor-300x162.jpg\" alt=\"\" width=\"220\"  class=\"alignnone size-medium wp-image-33723\" srcset=\"https:\/\/franziskanergymnasium-kreuzburg.de\/cms\/wp-content\/uploads\/2022\/07\/2022_07_19Sommerkonzert-Jugendchor-300x162.jpg 300w, https:\/\/franziskanergymnasium-kreuzburg.de\/cms\/wp-content\/uploads\/2022\/07\/2022_07_19Sommerkonzert-Jugendchor-1024x551.jpg 1024w, https:\/\/franziskanergymnasium-kreuzburg.de\/cms\/wp-content\/uploads\/2022\/07\/2022_07_19Sommerkonzert-Jugendchor-768x413.jpg 768w, https:\/\/franziskanergymnasium-kreuzburg.de\/cms\/wp-content\/uploads\/2022\/07\/2022_07_19Sommerkonzert-Jugendchor.jpg 1200w\" sizes=\"(max-width: 300px) 100vw, 300px\" \/><\/a>\r\n\r\n<a attid=\"33724\"  href=\"https:\/\/franziskanergymnasium-kreuzburg.de\/cms\/wp-content\/uploads\/2022\/07\/2022_07_19Sommerkonzert-Kammerchor.jpg\" rel=\"lightbox[33711]\"><img decoding=\"async\" src=\"https:\/\/franziskanergymnasium-kreuzburg.de\/cms\/wp-content\/uploads\/2022\/07\/2022_07_19Sommerkonzert-Kammerchor-300x200.jpg\" alt=\"\" width=\"220\" h class=\"alignnone size-medium wp-image-33724\" srcset=\"https:\/\/franziskanergymnasium-kreuzburg.de\/cms\/wp-content\/uploads\/2022\/07\/2022_07_19Sommerkonzert-Kammerchor-300x200.jpg 300w, https:\/\/franziskanergymnasium-kreuzburg.de\/cms\/wp-content\/uploads\/2022\/07\/2022_07_19Sommerkonzert-Kammerchor-1024x683.jpg 1024w, https:\/\/franziskanergymnasium-kreuzburg.de\/cms\/wp-content\/uploads\/2022\/07\/2022_07_19Sommerkonzert-Kammerchor-768x512.jpg 768w, https:\/\/franziskanergymnasium-kreuzburg.de\/cms\/wp-content\/uploads\/2022\/07\/2022_07_19Sommerkonzert-Kammerchor.jpg 1200w\" sizes=\"(max-width: 300px) 100vw, 300px\" \/><\/a>\r\n\r\n<a attid=\"33728\"  href=\"https:\/\/franziskanergymnasium-kreuzburg.de\/cms\/wp-content\/uploads\/2022\/07\/2022_07_19Sommerkonzert-Orchester1.jpg\" rel=\"lightbox[33711]\"><img decoding=\"async\" src=\"https:\/\/franziskanergymnasium-kreuzburg.de\/cms\/wp-content\/uploads\/2022\/07\/2022_07_19Sommerkonzert-Orchester1-300x170.jpg\" alt=\"\" width=\"220\"  class=\"alignnone size-medium wp-image-33728\" srcset=\"https:\/\/franziskanergymnasium-kreuzburg.de\/cms\/wp-content\/uploads\/2022\/07\/2022_07_19Sommerkonzert-Orchester1-300x170.jpg 300w, https:\/\/franziskanergymnasium-kreuzburg.de\/cms\/wp-content\/uploads\/2022\/07\/2022_07_19Sommerkonzert-Orchester1-1024x580.jpg 1024w, https:\/\/franziskanergymnasium-kreuzburg.de\/cms\/wp-content\/uploads\/2022\/07\/2022_07_19Sommerkonzert-Orchester1-768x435.jpg 768w, https:\/\/franziskanergymnasium-kreuzburg.de\/cms\/wp-content\/uploads\/2022\/07\/2022_07_19Sommerkonzert-Orchester1.jpg 1200w\" sizes=\"(max-width: 300px) 100vw, 300px\" \/><\/a>\r\n\r\n<a attid=\"33729\"  href=\"https:\/\/franziskanergymnasium-kreuzburg.de\/cms\/wp-content\/uploads\/2022\/07\/2022_07_19Sommerkonzert-Orchester2.jpg\" rel=\"lightbox[33711]\"><img decoding=\"async\" src=\"https:\/\/franziskanergymnasium-kreuzburg.de\/cms\/wp-content\/uploads\/2022\/07\/2022_07_19Sommerkonzert-Orchester2-300x200.jpg\" alt=\"\" width=\"220\" class=\"alignnone size-medium wp-image-33729\" srcset=\"https:\/\/franziskanergymnasium-kreuzburg.de\/cms\/wp-content\/uploads\/2022\/07\/2022_07_19Sommerkonzert-Orchester2-300x200.jpg 300w, https:\/\/franziskanergymnasium-kreuzburg.de\/cms\/wp-content\/uploads\/2022\/07\/2022_07_19Sommerkonzert-Orchester2-1024x683.jpg 1024w, https:\/\/franziskanergymnasium-kreuzburg.de\/cms\/wp-content\/uploads\/2022\/07\/2022_07_19Sommerkonzert-Orchester2-768x512.jpg 768w, https:\/\/franziskanergymnasium-kreuzburg.de\/cms\/wp-content\/uploads\/2022\/07\/2022_07_19Sommerkonzert-Orchester2.jpg 1200w\" sizes=\"(max-width: 300px) 100vw, 300px\" \/><\/a>\r\n\r\n<a attid=\"33730\"  href=\"https:\/\/franziskanergymnasium-kreuzburg.de\/cms\/wp-content\/uploads\/2022\/07\/2022_07_19Sommerkonzert-Publikum0.jpg\" rel=\"lightbox[33711]\"><img decoding=\"async\" src=\"https:\/\/franziskanergymnasium-kreuzburg.de\/cms\/wp-content\/uploads\/2022\/07\/2022_07_19Sommerkonzert-Publikum0-300x200.jpg\" alt=\"\" width=\"220\"  class=\"alignnone size-medium wp-image-33730\" srcset=\"https:\/\/franziskanergymnasium-kreuzburg.de\/cms\/wp-content\/uploads\/2022\/07\/2022_07_19Sommerkonzert-Publikum0-300x200.jpg 300w, https:\/\/franziskanergymnasium-kreuzburg.de\/cms\/wp-content\/uploads\/2022\/07\/2022_07_19Sommerkonzert-Publikum0-1024x683.jpg 1024w, https:\/\/franziskanergymnasium-kreuzburg.de\/cms\/wp-content\/uploads\/2022\/07\/2022_07_19Sommerkonzert-Publikum0-768x512.jpg 768w, https:\/\/franziskanergymnasium-kreuzburg.de\/cms\/wp-content\/uploads\/2022\/07\/2022_07_19Sommerkonzert-Publikum0.jpg 1200w\" sizes=\"(max-width: 300px) 100vw, 300px\" \/><\/a>\r\n\r\n<a attid=\"33718\"  href=\"https:\/\/franziskanergymnasium-kreuzburg.de\/cms\/wp-content\/uploads\/2022\/07\/2022_07_19Sommerkonzert-alleChoere-und-Orchester4.jpg\" rel=\"lightbox[33711]\"><img decoding=\"async\" src=\"https:\/\/franziskanergymnasium-kreuzburg.de\/cms\/wp-content\/uploads\/2022\/07\/2022_07_19Sommerkonzert-alleChoere-und-Orchester4-300x200.jpg\" alt=\"\" width=\"220\"  class=\"alignnone size-medium wp-image-33718\" srcset=\"https:\/\/franziskanergymnasium-kreuzburg.de\/cms\/wp-content\/uploads\/2022\/07\/2022_07_19Sommerkonzert-alleChoere-und-Orchester4-300x200.jpg 300w, https:\/\/franziskanergymnasium-kreuzburg.de\/cms\/wp-content\/uploads\/2022\/07\/2022_07_19Sommerkonzert-alleChoere-und-Orchester4-1024x683.jpg 1024w, https:\/\/franziskanergymnasium-kreuzburg.de\/cms\/wp-content\/uploads\/2022\/07\/2022_07_19Sommerkonzert-alleChoere-und-Orchester4-768x512.jpg 768w, https:\/\/franziskanergymnasium-kreuzburg.de\/cms\/wp-content\/uploads\/2022\/07\/2022_07_19Sommerkonzert-alleChoere-und-Orchester4.jpg 1200w\" sizes=\"(max-width: 300px) 100vw, 300px\" \/><\/a>\r\n\r\n<a attid=\"33717\"  href=\"https:\/\/franziskanergymnasium-kreuzburg.de\/cms\/wp-content\/uploads\/2022\/07\/2022_07_19Sommerkonzert-alleChoere-und-Orchester3.jpg\" rel=\"lightbox[33711]\"><img decoding=\"async\" src=\"https:\/\/franziskanergymnasium-kreuzburg.de\/cms\/wp-content\/uploads\/2022\/07\/2022_07_19Sommerkonzert-alleChoere-und-Orchester3-300x200.jpg\" alt=\"\" width=\"220\"  class=\"alignnone size-medium wp-image-33717\" srcset=\"https:\/\/franziskanergymnasium-kreuzburg.de\/cms\/wp-content\/uploads\/2022\/07\/2022_07_19Sommerkonzert-alleChoere-und-Orchester3-300x200.jpg 300w, https:\/\/franziskanergymnasium-kreuzburg.de\/cms\/wp-content\/uploads\/2022\/07\/2022_07_19Sommerkonzert-alleChoere-und-Orchester3-1024x683.jpg 1024w, https:\/\/franziskanergymnasium-kreuzburg.de\/cms\/wp-content\/uploads\/2022\/07\/2022_07_19Sommerkonzert-alleChoere-und-Orchester3-768x512.jpg 768w, https:\/\/franziskanergymnasium-kreuzburg.de\/cms\/wp-content\/uploads\/2022\/07\/2022_07_19Sommerkonzert-alleChoere-und-Orchester3.jpg 1200w\" sizes=\"(max-width: 300px) 100vw, 300px\" \/><\/a>\r\n\r\n<a attid=\"33716\"  href=\"https:\/\/franziskanergymnasium-kreuzburg.de\/cms\/wp-content\/uploads\/2022\/07\/2022_07_19Sommerkonzert-alleChoere-und-Orchester2.jpg\" rel=\"lightbox[33711]\"><img decoding=\"async\" src=\"https:\/\/franziskanergymnasium-kreuzburg.de\/cms\/wp-content\/uploads\/2022\/07\/2022_07_19Sommerkonzert-alleChoere-und-Orchester2-300x178.jpg\" alt=\"\" width=\"220\" class=\"alignnone size-medium wp-image-33716\" srcset=\"https:\/\/franziskanergymnasium-kreuzburg.de\/cms\/wp-content\/uploads\/2022\/07\/2022_07_19Sommerkonzert-alleChoere-und-Orchester2-300x178.jpg 300w, https:\/\/franziskanergymnasium-kreuzburg.de\/cms\/wp-content\/uploads\/2022\/07\/2022_07_19Sommerkonzert-alleChoere-und-Orchester2-1024x608.jpg 1024w, https:\/\/franziskanergymnasium-kreuzburg.de\/cms\/wp-content\/uploads\/2022\/07\/2022_07_19Sommerkonzert-alleChoere-und-Orchester2-768x456.jpg 768w, https:\/\/franziskanergymnasium-kreuzburg.de\/cms\/wp-content\/uploads\/2022\/07\/2022_07_19Sommerkonzert-alleChoere-und-Orchester2.jpg 1200w\" sizes=\"(max-width: 300px) 100vw, 300px\" \/><\/a>\r\n\r\n<a attid=\"33715\"  href=\"https:\/\/franziskanergymnasium-kreuzburg.de\/cms\/wp-content\/uploads\/2022\/07\/2022_07_19Sommerkonzert-alleChoere-und-Orchester1.jpg\" rel=\"lightbox[33711]\"><img decoding=\"async\" src=\"https:\/\/franziskanergymnasium-kreuzburg.de\/cms\/wp-content\/uploads\/2022\/07\/2022_07_19Sommerkonzert-alleChoere-und-Orchester1-300x200.jpg\" alt=\"\" width=\"220\"  class=\"alignnone size-medium wp-image-33715\" srcset=\"https:\/\/franziskanergymnasium-kreuzburg.de\/cms\/wp-content\/uploads\/2022\/07\/2022_07_19Sommerkonzert-alleChoere-und-Orchester1-300x200.jpg 300w, https:\/\/franziskanergymnasium-kreuzburg.de\/cms\/wp-content\/uploads\/2022\/07\/2022_07_19Sommerkonzert-alleChoere-und-Orchester1-1024x683.jpg 1024w, https:\/\/franziskanergymnasium-kreuzburg.de\/cms\/wp-content\/uploads\/2022\/07\/2022_07_19Sommerkonzert-alleChoere-und-Orchester1-768x512.jpg 768w, https:\/\/franziskanergymnasium-kreuzburg.de\/cms\/wp-content\/uploads\/2022\/07\/2022_07_19Sommerkonzert-alleChoere-und-Orchester1.jpg 1200w\" sizes=\"(max-width: 300px) 100vw, 300px\" \/><\/a>\r\n\r\n<a attid=\"33714\"  href=\"https:\/\/franziskanergymnasium-kreuzburg.de\/cms\/wp-content\/uploads\/2022\/07\/2022_07_19Sommerkonzert-alleChoere-und-Orchester.jpg\" rel=\"lightbox[33711]\"><img decoding=\"async\" src=\"https:\/\/franziskanergymnasium-kreuzburg.de\/cms\/wp-content\/uploads\/2022\/07\/2022_07_19Sommerkonzert-alleChoere-und-Orchester-300x187.jpg\" alt=\"\" width=\"220\" class=\"alignnone size-medium wp-image-33714\" srcset=\"https:\/\/franziskanergymnasium-kreuzburg.de\/cms\/wp-content\/uploads\/2022\/07\/2022_07_19Sommerkonzert-alleChoere-und-Orchester-300x187.jpg 300w, https:\/\/franziskanergymnasium-kreuzburg.de\/cms\/wp-content\/uploads\/2022\/07\/2022_07_19Sommerkonzert-alleChoere-und-Orchester-1024x638.jpg 1024w, https:\/\/franziskanergymnasium-kreuzburg.de\/cms\/wp-content\/uploads\/2022\/07\/2022_07_19Sommerkonzert-alleChoere-und-Orchester-768x478.jpg 768w, https:\/\/franziskanergymnasium-kreuzburg.de\/cms\/wp-content\/uploads\/2022\/07\/2022_07_19Sommerkonzert-alleChoere-und-Orchester-400x250.jpg 400w, https:\/\/franziskanergymnasium-kreuzburg.de\/cms\/wp-content\/uploads\/2022\/07\/2022_07_19Sommerkonzert-alleChoere-und-Orchester.jpg 1146w\" sizes=\"(max-width: 300px) 100vw, 300px\" \/><\/a>\r\n","protected":false},"excerpt":{"rendered":"Nach vielen Unsicherheiten konnte in diesem Jahr das traditionelle Sommerkonzert wieder stattfinden. Die Musiker:innen entschieden sich f\u00fcr eine Auff\u00fchrung im Kloster-\/Schulhof. Die Ch\u00f6re und Orchester wurden f\u00fcr diese Entscheidung mit einer wundervollen Sommerabend-Atmosph\u00e4re belohnt, die &#8211; im Verbund mit beeindruckenden musikalischen Beitr\u00e4gen &#8211; von den Besucher:innen begeistert angenommen wurde.","protected":false},"author":3,"featured_media":33714,"comment_status":"closed","ping_status":"closed","sticky":false,"template":"","format":"standard","meta":{"ngg_post_thumbnail":0,"footnotes":""},"categories":[1,252],"tags":[463,461,506,505],"class_list":["post-33711","post","type-post","status-publish","format-standard","has-post-thumbnail","hentry","category-allgemein","category-fachbereich-1","tag-konzert","tag-musik","tag-orchester","tag-sommerkonzert-chor"],"publishpress_future_action":{"enabled":false,"date":"2026-05-06 01:00:24","action":"change-status","newStatus":"draft","terms":[],"taxonomy":"category","extraData":[]},"publishpress_future_workflow_manual_trigger":{"enabledWorkflows":[]},"_links":{"self":[{"href":"https:\/\/franziskanergymnasium-kreuzburg.de\/cms\/wp-json\/wp\/v2\/posts\/33711","targetHints":{"allow":["GET"]}}],"collection":[{"href":"https:\/\/franziskanergymnasium-kreuzburg.de\/cms\/wp-json\/wp\/v2\/posts"}],"about":[{"href":"https:\/\/franziskanergymnasium-kreuzburg.de\/cms\/wp-json\/wp\/v2\/types\/post"}],"author":[{"embeddable":true,"href":"https:\/\/franziskanergymnasium-kreuzburg.de\/cms\/wp-json\/wp\/v2\/users\/3"}],"replies":[{"embeddable":true,"href":"https:\/\/franziskanergymnasium-kreuzburg.de\/cms\/wp-json\/wp\/v2\/comments?post=33711"}],"version-history":[{"count":9,"href":"https:\/\/franziskanergymnasium-kreuzburg.de\/cms\/wp-json\/wp\/v2\/posts\/33711\/revisions"}],"predecessor-version":[{"id":36822,"href":"https:\/\/franziskanergymnasium-kreuzburg.de\/cms\/wp-json\/wp\/v2\/posts\/33711\/revisions\/36822"}],"wp:featuredmedia":[{"embeddable":true,"href":"https:\/\/franziskanergymnasium-kreuzburg.de\/cms\/wp-json\/wp\/v2\/media\/33714"}],"wp:attachment":[{"href":"https:\/\/franziskanergymnasium-kreuzburg.de\/cms\/wp-json\/wp\/v2\/media?parent=33711"}],"wp:term":[{"taxonomy":"category","embeddable":true,"href":"https:\/\/franziskanergymnasium-kreuzburg.de\/cms\/wp-json\/wp\/v2\/categories?post=33711"},{"taxonomy":"post_tag","embeddable":true,"href":"https:\/\/franziskanergymnasium-kreuzburg.de\/cms\/wp-json\/wp\/v2\/tags?post=33711"}],"curies":[{"name":"wp","href":"https:\/\/api.w.org\/{rel}","templated":true}]}}