{"id":35343,"date":"2023-02-08T17:17:35","date_gmt":"2023-02-08T16:17:35","guid":{"rendered":"https:\/\/franziskanergymnasium-kreuzburg.de\/cms\/?p=35343"},"modified":"2023-02-08T21:23:10","modified_gmt":"2023-02-08T20:23:10","slug":"powi-mal-ohne-schulbuch-exkursion-zum-tag-des-rechtsstaats","status":"publish","type":"post","link":"https:\/\/franziskanergymnasium-kreuzburg.de\/cms\/powi-mal-ohne-schulbuch-exkursion-zum-tag-des-rechtsstaats\/","title":{"rendered":"PoWi mal ohne Schulbuch \u2013 Exkursion zum \u201eTag des Rechtsstaats\u201c"},"content":{"rendered":"<a attid=\"35350\"  href=\"https:\/\/franziskanergymnasium-kreuzburg.de\/cms\/wp-content\/uploads\/2023\/02\/logo_tag_des_rechtsstaates_2023_zeichenflache_1.jpg\" rel=\"lightbox[35343]\"><img decoding=\"async\" src=\"https:\/\/franziskanergymnasium-kreuzburg.de\/cms\/wp-content\/uploads\/2023\/02\/logo_tag_des_rechtsstaates_2023_zeichenflache_1-300x169.jpg\" alt=\"\" width=\"150\"  class=\"alignright size-medium wp-image-35350\" srcset=\"https:\/\/franziskanergymnasium-kreuzburg.de\/cms\/wp-content\/uploads\/2023\/02\/logo_tag_des_rechtsstaates_2023_zeichenflache_1-300x169.jpg 300w, https:\/\/franziskanergymnasium-kreuzburg.de\/cms\/wp-content\/uploads\/2023\/02\/logo_tag_des_rechtsstaates_2023_zeichenflache_1.jpg 768w\" sizes=\"(max-width: 300px) 100vw, 300px\" \/><\/a><p> \r\nEin \u201eTag des Rechtsstaats\u201c in Frankfurt \u2013 das klingt nach einer praxisorientierten Lernchance f\u00fcr den Orientierungskurs \u201ePolitik und Wirtschaft\u201c (Stufe 11). Und genauso kam es dann auch \u2013 mit zahlreichen spannenden Eindr\u00fccken aus unterschiedlichen Aufgabenfeldern von Judikative und Exekutive fuhren die Sch\u00fclerinnen und Sch\u00fcler des Kurses zur\u00fcck an die Kreuzburg. \r\n<a attid=\"35349\"  href=\"https:\/\/franziskanergymnasium-kreuzburg.de\/cms\/wp-content\/uploads\/2023\/02\/2ss23TagRechtsstaat5.jpg\" rel=\"lightbox[35343]\"><img loading=\"lazy\" decoding=\"async\" src=\"https:\/\/franziskanergymnasium-kreuzburg.de\/cms\/wp-content\/uploads\/2023\/02\/2ss23TagRechtsstaat5-169x300.jpg\" alt=\"\" width=\"169\" height=\"300\" class=\"alignleft size-medium wp-image-35349\" srcset=\"https:\/\/franziskanergymnasium-kreuzburg.de\/cms\/wp-content\/uploads\/2023\/02\/2ss23TagRechtsstaat5-169x300.jpg 169w, https:\/\/franziskanergymnasium-kreuzburg.de\/cms\/wp-content\/uploads\/2023\/02\/2ss23TagRechtsstaat5-578x1024.jpg 578w, https:\/\/franziskanergymnasium-kreuzburg.de\/cms\/wp-content\/uploads\/2023\/02\/2ss23TagRechtsstaat5.jpg 677w\" sizes=\"auto, (max-width: 169px) 100vw, 169px\" \/><\/a>Aber der Reihe nach: Am Montag wurde die hessenweite Veranstaltungsreihe \u201eTag des Rechtsstaates\u201c in der \u201eWiege der deutschen Demokratie\u201c, der Paulskirche in Frankfurt, im Rahmen der Auftaktveranstaltung vorgestellt. Ziel der Veranstaltungsreihe ist es, dass hessische Sch\u00fclerinnen und Sch\u00fcler die Prinzipien des Rechtsstaats sowie die Arbeit von Polizei und Justiz hautnah erleben k\u00f6nnen. Der Hessische Ministerpr\u00e4sident Boris Rhein hob in seinem Gru\u00dfwort in der Paulskirche die Bedeutung des Rechtsstaates hervor und begr\u00fc\u00dfte die zahlreichen Ehreng\u00e4ste aus Politik, Justiz und Polizei sowie mehr als 400 teilnehmende Schulklassen und deren Lehrkr\u00e4fte. <\/p><p>\r\n<a attid=\"35351\"  href=\"https:\/\/franziskanergymnasium-kreuzburg.de\/cms\/wp-content\/uploads\/2023\/02\/2ss23_02_06TagRechtsstaat-scaled.jpg\" rel=\"lightbox[35343]\"><img loading=\"lazy\" decoding=\"async\" src=\"https:\/\/franziskanergymnasium-kreuzburg.de\/cms\/wp-content\/uploads\/2023\/02\/2ss23_02_06TagRechtsstaat-300x178.jpg\" alt=\"\" width=\"300\" height=\"178\" class=\"alignright size-medium wp-image-35351\" srcset=\"https:\/\/franziskanergymnasium-kreuzburg.de\/cms\/wp-content\/uploads\/2023\/02\/2ss23_02_06TagRechtsstaat-300x178.jpg 300w, https:\/\/franziskanergymnasium-kreuzburg.de\/cms\/wp-content\/uploads\/2023\/02\/2ss23_02_06TagRechtsstaat-1024x607.jpg 1024w, https:\/\/franziskanergymnasium-kreuzburg.de\/cms\/wp-content\/uploads\/2023\/02\/2ss23_02_06TagRechtsstaat-768x455.jpg 768w, https:\/\/franziskanergymnasium-kreuzburg.de\/cms\/wp-content\/uploads\/2023\/02\/2ss23_02_06TagRechtsstaat-1536x910.jpg 1536w, https:\/\/franziskanergymnasium-kreuzburg.de\/cms\/wp-content\/uploads\/2023\/02\/2ss23_02_06TagRechtsstaat-2048x1214.jpg 2048w\" sizes=\"auto, (max-width: 300px) 100vw, 300px\" \/><\/a>Im Anschluss an die Auftaktveranstaltung ging es f\u00fcr die Sch\u00fclerinnen und Sch\u00fcler des Orientierungskurses ins Amtsgericht, wo  der aus dem Fernsehen bekannte Ulrich Wetzel mit den Sch\u00fclern eine Verhandlung nachspielte. Kreuzburg-Sch\u00fcler Hannes S. nahm in diesem Spiel die Rolle des Staatsanwaltes ein \u2013 und bekam vom Richter auch unmittelbar ein Lob f\u00fcr seine realit\u00e4tsgetreue Darstellung, insbesondere im Pl\u00e4doyer. An der n\u00e4chsten Station erkl\u00e4rte ein Gerichtsmediziner, was sich in einer Blutspur lesen l\u00e4sst. Mitarbeiter der Zentralstelle zur Bek\u00e4mpfung der Internetkriminalit\u00e4t wiederum sprachen mit den Teilnehmenden \u00fcber Ermittlungsmethoden bei Cyberkriminalit\u00e4t und Hatespeech. <\/p><p>\r\n<a attid=\"35347\"  href=\"https:\/\/franziskanergymnasium-kreuzburg.de\/cms\/wp-content\/uploads\/2023\/02\/2ss23TagRechtsstaat3.jpg\" rel=\"lightbox[35343]\"><img loading=\"lazy\" decoding=\"async\" src=\"https:\/\/franziskanergymnasium-kreuzburg.de\/cms\/wp-content\/uploads\/2023\/02\/2ss23TagRechtsstaat3-199x300.jpg\" alt=\"\" width=\"199\" height=\"300\" class=\"alignleft size-medium wp-image-35347\" srcset=\"https:\/\/franziskanergymnasium-kreuzburg.de\/cms\/wp-content\/uploads\/2023\/02\/2ss23TagRechtsstaat3-199x300.jpg 199w, https:\/\/franziskanergymnasium-kreuzburg.de\/cms\/wp-content\/uploads\/2023\/02\/2ss23TagRechtsstaat3-680x1024.jpg 680w, https:\/\/franziskanergymnasium-kreuzburg.de\/cms\/wp-content\/uploads\/2023\/02\/2ss23TagRechtsstaat3-768x1156.jpg 768w, https:\/\/franziskanergymnasium-kreuzburg.de\/cms\/wp-content\/uploads\/2023\/02\/2ss23TagRechtsstaat3.jpg 797w\" sizes=\"auto, (max-width: 199px) 100vw, 199px\" \/><\/a>Der Abschluss des Tages hatte besonders f\u00fcr die Fu\u00dfballfans nochmals ein echtes Highlight zu bieten: Eintracht-Frankfurt-Kapit\u00e4n Sebastian Rode, seit 2013 Botschafter des Hessischen Landespr\u00e4ventionsrates, stand den Sch\u00fclerinnen und Sch\u00fclern Rede und Antwort \u2013 einerseits zum Thema \u201eFairness in Sport und Rechtsstaat\u201c, andererseits aber nat\u00fcrlich auch zum am Folgetag stattfindenden Pokalspiel.<\/p><p>\r\n\u201eEs waren sich alle einig: eine rundum gelungene Veranstaltung\u201c, fasst Markus Stegmann, Leiter des Orientierungskurses, die Eindr\u00fccke seiner Sch\u00fclerinnen und Sch\u00fcler zusammen. Da auch zahlreiche Fernsehteams am \u201eTag des Rechtsstaats\u201c interessiert waren, gibt es einige Eindr\u00fccke in den entsprechenden Beitr\u00e4gen zu sehen, z. B. hier: <a target=\"_blank\" href=\"https:\/\/www.1730live.de\/tag-des-rechtsstaates\/\" rel=\"noopener\">https:\/\/www.1730live.de\/tag-des-rechtsstaates\/<\/a><\/p>\r\n<a attid=\"35348\"  href=\"https:\/\/franziskanergymnasium-kreuzburg.de\/cms\/wp-content\/uploads\/2023\/02\/2ss23TagRechtsstaat4.jpg\" rel=\"lightbox[35343]\"><img loading=\"lazy\" decoding=\"async\" src=\"https:\/\/franziskanergymnasium-kreuzburg.de\/cms\/wp-content\/uploads\/2023\/02\/2ss23TagRechtsstaat4-300x204.jpg\" alt=\"\" width=\"300\" height=\"204\" class=\"size-medium wp-image-35348\" srcset=\"https:\/\/franziskanergymnasium-kreuzburg.de\/cms\/wp-content\/uploads\/2023\/02\/2ss23TagRechtsstaat4-300x204.jpg 300w, https:\/\/franziskanergymnasium-kreuzburg.de\/cms\/wp-content\/uploads\/2023\/02\/2ss23TagRechtsstaat4-1024x696.jpg 1024w, https:\/\/franziskanergymnasium-kreuzburg.de\/cms\/wp-content\/uploads\/2023\/02\/2ss23TagRechtsstaat4-768x522.jpg 768w, https:\/\/franziskanergymnasium-kreuzburg.de\/cms\/wp-content\/uploads\/2023\/02\/2ss23TagRechtsstaat4.jpg 1200w\" sizes=\"auto, (max-width: 300px) 100vw, 300px\" \/><\/a>\r\n\r\n<a attid=\"35345\"  href=\"https:\/\/franziskanergymnasium-kreuzburg.de\/cms\/wp-content\/uploads\/2023\/02\/2ss23TagRechtsstaat1.jpg\" rel=\"lightbox[35343]\"><img loading=\"lazy\" decoding=\"async\" src=\"https:\/\/franziskanergymnasium-kreuzburg.de\/cms\/wp-content\/uploads\/2023\/02\/2ss23TagRechtsstaat1-300x150.jpg\" alt=\"\" width=\"340\" height=\"150\" class=\"alignnone size-medium wp-image-35345\" \/><\/a>\r\n\r\n<a attid=\"35346\"  href=\"https:\/\/franziskanergymnasium-kreuzburg.de\/cms\/wp-content\/uploads\/2023\/02\/2ss23TagRechtsstaat2.jpg\" rel=\"lightbox[35343]\"><img loading=\"lazy\" decoding=\"async\" src=\"https:\/\/franziskanergymnasium-kreuzburg.de\/cms\/wp-content\/uploads\/2023\/02\/2ss23TagRechtsstaat2-300x188.jpg\" alt=\"\" width=\"300\" height=\"188\" class=\"alignnone size-medium wp-image-35346\" srcset=\"https:\/\/franziskanergymnasium-kreuzburg.de\/cms\/wp-content\/uploads\/2023\/02\/2ss23TagRechtsstaat2-300x188.jpg 300w, https:\/\/franziskanergymnasium-kreuzburg.de\/cms\/wp-content\/uploads\/2023\/02\/2ss23TagRechtsstaat2-1024x641.jpg 1024w, https:\/\/franziskanergymnasium-kreuzburg.de\/cms\/wp-content\/uploads\/2023\/02\/2ss23TagRechtsstaat2-768x481.jpg 768w, https:\/\/franziskanergymnasium-kreuzburg.de\/cms\/wp-content\/uploads\/2023\/02\/2ss23TagRechtsstaat2.jpg 1200w\" sizes=\"auto, (max-width: 300px) 100vw, 300px\" \/><\/a>\r\n","protected":false},"excerpt":{"rendered":"Ein \u201eTag des Rechtsstaats\u201c in Frankfurt \u2013 das klingt nach einer praxisorientierten Lernchance f\u00fcr den Orientierungskurs \u201ePolitik und Wirtschaft\u201c (Stufe 11). Und genauso kam es dann auch \u2013 mit zahlreichen spannenden Eindr\u00fccken aus unterschiedlichen Aufgabenfeldern von Judikative und Exekutive fuhren die Sch\u00fclerinnen und Sch\u00fcler des Kurses zur\u00fcck an die Kreuzburg. Aber der Reihe nach: Am Montag wurde die hessenweite Veranstaltungsreihe \u201eTag des Rechtsstaates\u201c in der \u201eWiege der deutschen Demokratie\u201c, der Paulskirche in Frankfurt, im Rahmen der Auftaktveranstaltung vorgestellt. Ziel der Veranstaltungsreihe ist es, dass hessische Sch\u00fclerinnen und Sch\u00fcler die Prinzipien des Rechtsstaats sowie die Arbeit von Polizei und Justiz hautnah erleben k\u00f6nnen. Der Hessische Ministerpr\u00e4sident Boris Rhein hob in seinem Gru\u00dfwort in der Paulskirche die Bedeutung des Rechtsstaates hervor und begr\u00fc\u00dfte die zahlreichen Ehreng\u00e4ste aus Politik, Justiz und Polizei sowie mehr als 400 teilnehmende Schulklassen und deren Lehrkr\u00e4fte. Im Anschluss an die Auftaktveranstaltung ging es f\u00fcr die Sch\u00fclerinnen und Sch\u00fcler des Orientierungskurses ins Amtsgericht, wo der aus dem Fernsehen bekannte Ulrich Wetzel mit den Sch\u00fclern eine Verhandlung nachspielte. Kreuzburg-Sch\u00fcler Hannes S. nahm in diesem Spiel die Rolle des Staatsanwaltes ein \u2013 und bekam vom Richter auch unmittelbar ein Lob f\u00fcr seine realit\u00e4tsgetreue Darstellung, insbesondere im Pl\u00e4doyer. An der n\u00e4chsten Station erkl\u00e4rte ein Gerichtsmediziner, was sich in einer Blutspur lesen l\u00e4sst. Mitarbeiter der Zentralstelle zur Bek\u00e4mpfung der Internetkriminalit\u00e4t wiederum sprachen mit den Teilnehmenden \u00fcber Ermittlungsmethoden bei Cyberkriminalit\u00e4t und Hatespeech. Der Abschluss des Tages hatte besonders f\u00fcr die Fu\u00dfballfans nochmals ein echtes Highlight zu bieten: Eintracht-Frankfurt-Kapit\u00e4n Sebastian Rode, seit 2013 Botschafter des Hessischen Landespr\u00e4ventionsrates, stand den Sch\u00fclerinnen und Sch\u00fclern Rede und Antwort \u2013 einerseits zum Thema \u201eFairness in Sport und Rechtsstaat\u201c, andererseits aber nat\u00fcrlich auch zum am Folgetag stattfindenden Pokalspiel. \u201eEs waren sich alle einig: eine rundum gelungene Veranstaltung\u201c, fasst Markus Stegmann, Leiter des Orientierungskurses, die Eindr\u00fccke seiner Sch\u00fclerinnen und Sch\u00fcler zusammen. Da auch zahlreiche Fernsehteams am \u201eTag des Rechtsstaats\u201c interessiert waren, gibt es einige Eindr\u00fccke in den entsprechenden Beitr\u00e4gen zu sehen, z. B. hier: https:\/\/www.1730live.de\/tag-des-rechtsstaates\/","protected":false},"author":3,"featured_media":35350,"comment_status":"closed","ping_status":"closed","sticky":false,"template":"","format":"standard","meta":{"ngg_post_thumbnail":0,"footnotes":""},"categories":[1,253],"tags":[454],"class_list":["post-35343","post","type-post","status-publish","format-standard","has-post-thumbnail","hentry","category-allgemein","category-fachbereich-2","tag-powi"],"publishpress_future_action":{"enabled":false,"date":"2026-05-05 21:00:28","action":"change-status","newStatus":"draft","terms":[],"taxonomy":"category","extraData":[]},"publishpress_future_workflow_manual_trigger":{"enabledWorkflows":[]},"_links":{"self":[{"href":"https:\/\/franziskanergymnasium-kreuzburg.de\/cms\/wp-json\/wp\/v2\/posts\/35343","targetHints":{"allow":["GET"]}}],"collection":[{"href":"https:\/\/franziskanergymnasium-kreuzburg.de\/cms\/wp-json\/wp\/v2\/posts"}],"about":[{"href":"https:\/\/franziskanergymnasium-kreuzburg.de\/cms\/wp-json\/wp\/v2\/types\/post"}],"author":[{"embeddable":true,"href":"https:\/\/franziskanergymnasium-kreuzburg.de\/cms\/wp-json\/wp\/v2\/users\/3"}],"replies":[{"embeddable":true,"href":"https:\/\/franziskanergymnasium-kreuzburg.de\/cms\/wp-json\/wp\/v2\/comments?post=35343"}],"version-history":[{"count":7,"href":"https:\/\/franziskanergymnasium-kreuzburg.de\/cms\/wp-json\/wp\/v2\/posts\/35343\/revisions"}],"predecessor-version":[{"id":35357,"href":"https:\/\/franziskanergymnasium-kreuzburg.de\/cms\/wp-json\/wp\/v2\/posts\/35343\/revisions\/35357"}],"wp:featuredmedia":[{"embeddable":true,"href":"https:\/\/franziskanergymnasium-kreuzburg.de\/cms\/wp-json\/wp\/v2\/media\/35350"}],"wp:attachment":[{"href":"https:\/\/franziskanergymnasium-kreuzburg.de\/cms\/wp-json\/wp\/v2\/media?parent=35343"}],"wp:term":[{"taxonomy":"category","embeddable":true,"href":"https:\/\/franziskanergymnasium-kreuzburg.de\/cms\/wp-json\/wp\/v2\/categories?post=35343"},{"taxonomy":"post_tag","embeddable":true,"href":"https:\/\/franziskanergymnasium-kreuzburg.de\/cms\/wp-json\/wp\/v2\/tags?post=35343"}],"curies":[{"name":"wp","href":"https:\/\/api.w.org\/{rel}","templated":true}]}}