{"id":35472,"date":"2023-02-24T09:47:40","date_gmt":"2023-02-24T08:47:40","guid":{"rendered":"https:\/\/franziskanergymnasium-kreuzburg.de\/cms\/?p=35472"},"modified":"2023-02-24T09:48:40","modified_gmt":"2023-02-24T08:48:40","slug":"fastenimpulse-2023-fasten-fuer-das-klima","status":"publish","type":"post","link":"https:\/\/franziskanergymnasium-kreuzburg.de\/cms\/fastenimpulse-2023-fasten-fuer-das-klima\/","title":{"rendered":"Fastenimpulse 2023 \u2013 Fasten f\u00fcr das Klima"},"content":{"rendered":"<a attid=\"35473\"  href=\"https:\/\/franziskanergymnasium-kreuzburg.de\/cms\/wp-content\/uploads\/2023\/02\/2023-Logo.jpg\" rel=\"lightbox[35472]\"><img loading=\"lazy\" decoding=\"async\" src=\"https:\/\/franziskanergymnasium-kreuzburg.de\/cms\/wp-content\/uploads\/2023\/02\/2023-Logo-300x212.jpg\" alt=\"\" width=\"300\" height=\"212\" class=\"alignright size-medium wp-image-35473\" srcset=\"https:\/\/franziskanergymnasium-kreuzburg.de\/cms\/wp-content\/uploads\/2023\/02\/2023-Logo-300x212.jpg 300w, https:\/\/franziskanergymnasium-kreuzburg.de\/cms\/wp-content\/uploads\/2023\/02\/2023-Logo-1024x724.jpg 1024w, https:\/\/franziskanergymnasium-kreuzburg.de\/cms\/wp-content\/uploads\/2023\/02\/2023-Logo-768x543.jpg 768w, https:\/\/franziskanergymnasium-kreuzburg.de\/cms\/wp-content\/uploads\/2023\/02\/2023-Logo.jpg 1205w\" sizes=\"auto, (max-width: 300px) 100vw, 300px\" \/><\/a>\r\n<p>Im November 2021 erhielt unsere Schule die Auszeichnung \u201eHessische Umweltschule\u201c. Das Pr\u00e4dikat der \u201eGr\u00fcner Gockel\u201c ist bei uns angekommen. Wir engagieren uns in diesem Anliegen, weil wir uns zutiefst dem verpflichtet f\u00fchlen, was in der Bibel als unsere Verantwortung f\u00fcr die Sch\u00f6pfung Gottes beschrieben wird und von Franziskus in exemplarischer Weise vorgelebt wurde. Diese Geschwisterlichkeit mit der Sch\u00f6pfung will immer neu umgesetzt werden. Die beiden gro\u00dfen Kirchen und deren Hilfswerke laden seit mehreren Jahren zum sog. \u201eKlimafasten\u201c ein. Jede Woche wird ein Schwerpunkt vorgelegt, auf den wir achten wollen. In diesem Jahr m\u00f6chten wir v.a. die Anregungen dieser Aktion aufgreifen. Neben Gedanken und Gebeten werden wir Impulse geben, die von Gro\u00dfen wie von Kleinen einzeln, in den Lerngruppen oder Familien umsetzbar sind.<br>\r\nGehen wir miteinander diesen Weg an unserer Schule. Ich w\u00fcnsche uns allen viel Freude dabei.<\/p>\r\n\r\nWeitere Informationen und ausf\u00fchrlichere Impulse finden sich unter der Adresse:<br>\r\n<a href=\"https:\/\/klimafasten.de\/\">https:\/\/klimafasten.de\/<\/a><br>\r\nDies ist auch die Quelle f\u00fcr den Gro\u00dfteil der kommenden Impulse.<\/p>\r\n<p>In diesem Jahr werden die Morgenimpulse wieder an verschiedenen Wochentagen stattfinden, damit nicht immer der gleiche Fachunterricht betroffen ist. Die Termine sind diesmal:<br>\r\nMontag, 27.02.2023<br>\r\nDienstag, 07.03.2023<br>\r\nMittwoch, 15.03.2023<br>\r\nDonnerstag, 23.03.2023<br>\r\nFreitag, 31.03.2023.<\/p> <p>\r\nDie Impulse werden an den entsprechenden Tagen auch wieder auf unserer Homepage ver\u00f6ffentlicht.<\/p>","protected":false},"excerpt":{"rendered":"Im November 2021 erhielt unsere Schule die Auszeichnung \u201eHessische Umweltschule\u201c. Das Pr\u00e4dikat der \u201eGr\u00fcner Gockel\u201c ist bei uns angekommen. Wir engagieren uns in diesem Anliegen, weil wir uns zutiefst dem verpflichtet f\u00fchlen, was in der Bibel als unsere Verantwortung f\u00fcr die Sch\u00f6pfung Gottes beschrieben wird und von Franziskus in exemplarischer Weise vorgelebt wurde. Diese Geschwisterlichkeit mit der Sch\u00f6pfung will immer neu umgesetzt werden. Die beiden gro\u00dfen Kirchen und deren Hilfswerke laden seit mehreren Jahren zum sog. \u201eKlimafasten\u201c ein. Jede Woche wird ein Schwerpunkt vorgelegt, auf den wir achten wollen. In diesem Jahr m\u00f6chten wir v.a. die Anregungen dieser Aktion aufgreifen. Neben Gedanken und Gebeten werden wir Impulse geben, die von Gro\u00dfen wie von Kleinen einzeln, in den Lerngruppen oder Familien umsetzbar sind. Gehen wir miteinander diesen Weg an unserer Schule. Ich w\u00fcnsche uns allen viel Freude dabei. Weitere Informationen und ausf\u00fchrlichere Impulse finden sich unter der Adresse: https:\/\/klimafasten.de\/ Dies ist auch die Quelle f\u00fcr den Gro\u00dfteil der kommenden Impulse. In diesem Jahr werden die Morgenimpulse wieder an verschiedenen Wochentagen stattfinden, damit nicht immer der gleiche Fachunterricht betroffen ist. Die Termine sind diesmal: Montag, 27.02.2023 Dienstag, 07.03.2023 Mittwoch, 15.03.2023 Donnerstag, 23.03.2023 Freitag, 31.03.2023. Die Impulse werden an den entsprechenden Tagen auch wieder auf unserer Homepage ver\u00f6ffentlicht.","protected":false},"author":3,"featured_media":35473,"comment_status":"closed","ping_status":"closed","sticky":false,"template":"","format":"standard","meta":{"ngg_post_thumbnail":0,"footnotes":""},"categories":[1,476],"tags":[465],"class_list":["post-35472","post","type-post","status-publish","format-standard","has-post-thumbnail","hentry","category-allgemein","category-umwelt","tag-impuls"],"publishpress_future_action":{"enabled":false,"date":"2026-05-06 16:43:06","action":"change-status","newStatus":"draft","terms":[],"taxonomy":"category","extraData":[]},"publishpress_future_workflow_manual_trigger":{"enabledWorkflows":[]},"_links":{"self":[{"href":"https:\/\/franziskanergymnasium-kreuzburg.de\/cms\/wp-json\/wp\/v2\/posts\/35472","targetHints":{"allow":["GET"]}}],"collection":[{"href":"https:\/\/franziskanergymnasium-kreuzburg.de\/cms\/wp-json\/wp\/v2\/posts"}],"about":[{"href":"https:\/\/franziskanergymnasium-kreuzburg.de\/cms\/wp-json\/wp\/v2\/types\/post"}],"author":[{"embeddable":true,"href":"https:\/\/franziskanergymnasium-kreuzburg.de\/cms\/wp-json\/wp\/v2\/users\/3"}],"replies":[{"embeddable":true,"href":"https:\/\/franziskanergymnasium-kreuzburg.de\/cms\/wp-json\/wp\/v2\/comments?post=35472"}],"version-history":[{"count":6,"href":"https:\/\/franziskanergymnasium-kreuzburg.de\/cms\/wp-json\/wp\/v2\/posts\/35472\/revisions"}],"predecessor-version":[{"id":35516,"href":"https:\/\/franziskanergymnasium-kreuzburg.de\/cms\/wp-json\/wp\/v2\/posts\/35472\/revisions\/35516"}],"wp:featuredmedia":[{"embeddable":true,"href":"https:\/\/franziskanergymnasium-kreuzburg.de\/cms\/wp-json\/wp\/v2\/media\/35473"}],"wp:attachment":[{"href":"https:\/\/franziskanergymnasium-kreuzburg.de\/cms\/wp-json\/wp\/v2\/media?parent=35472"}],"wp:term":[{"taxonomy":"category","embeddable":true,"href":"https:\/\/franziskanergymnasium-kreuzburg.de\/cms\/wp-json\/wp\/v2\/categories?post=35472"},{"taxonomy":"post_tag","embeddable":true,"href":"https:\/\/franziskanergymnasium-kreuzburg.de\/cms\/wp-json\/wp\/v2\/tags?post=35472"}],"curies":[{"name":"wp","href":"https:\/\/api.w.org\/{rel}","templated":true}]}}