{"id":36579,"date":"2023-06-05T15:05:59","date_gmt":"2023-06-05T13:05:59","guid":{"rendered":"https:\/\/franziskanergymnasium-kreuzburg.de\/cms\/?p=36579"},"modified":"2023-06-05T15:30:51","modified_gmt":"2023-06-05T13:30:51","slug":"gefiederter-besuch-an-der-kreuzburg","status":"publish","type":"post","link":"https:\/\/franziskanergymnasium-kreuzburg.de\/cms\/gefiederter-besuch-an-der-kreuzburg\/","title":{"rendered":"Gefiederter Besuch an der Kreuzburg"},"content":{"rendered":"<a attid=\"36581\"  href=\"https:\/\/franziskanergymnasium-kreuzburg.de\/cms\/wp-content\/uploads\/2023\/06\/2023Eule-Lara-1-1.jpg\" rel=\"lightbox[36579]\"><img decoding=\"async\" src=\"https:\/\/franziskanergymnasium-kreuzburg.de\/cms\/wp-content\/uploads\/2023\/06\/2023Eule-Lara-1-1-225x300.jpg\" alt=\"\" width=\"115\"  class=\"alignleft size-medium wp-image-36581\" srcset=\"https:\/\/franziskanergymnasium-kreuzburg.de\/cms\/wp-content\/uploads\/2023\/06\/2023Eule-Lara-1-1-225x300.jpg 225w, https:\/\/franziskanergymnasium-kreuzburg.de\/cms\/wp-content\/uploads\/2023\/06\/2023Eule-Lara-1-1.jpg 240w\" sizes=\"(max-width: 225px) 100vw, 225px\" \/><\/a><p>\r\n \r\nDie Sch\u00fclerinnen und Sch\u00fcler der Klasse 6e besch\u00e4ftigten sich in den letzten Wochen im Rahmen des Biologieunterrichts mit dem Thema \u201eV\u00f6gel&#8220;. <br><a attid=\"36580\"  href=\"https:\/\/franziskanergymnasium-kreuzburg.de\/cms\/wp-content\/uploads\/2023\/06\/2023Eule-Lara-1.jpg\" rel=\"lightbox[36579]\"><img loading=\"lazy\" decoding=\"async\" src=\"https:\/\/franziskanergymnasium-kreuzburg.de\/cms\/wp-content\/uploads\/2023\/06\/2023Eule-Lara-1-300x213.jpg\" alt=\"\" width=\"300\" height=\"213\" class=\"alignright size-medium wp-image-36580\" srcset=\"https:\/\/franziskanergymnasium-kreuzburg.de\/cms\/wp-content\/uploads\/2023\/06\/2023Eule-Lara-1-300x213.jpg 300w, https:\/\/franziskanergymnasium-kreuzburg.de\/cms\/wp-content\/uploads\/2023\/06\/2023Eule-Lara-1-1024x725.jpg 1024w, https:\/\/franziskanergymnasium-kreuzburg.de\/cms\/wp-content\/uploads\/2023\/06\/2023Eule-Lara-1-768x544.jpg 768w, https:\/\/franziskanergymnasium-kreuzburg.de\/cms\/wp-content\/uploads\/2023\/06\/2023Eule-Lara-1.jpg 1200w\" sizes=\"auto, (max-width: 300px) 100vw, 300px\" \/><\/a>\r\nAls Belohnung f\u00fcr ihre gute Arbeit wurden sie von der Eulendame \u201eLara&#8220; mit ihrem Falkner Matthias M\u00fcller besucht. Die Sch\u00fclerinnen und Sch\u00fcler konnten so hautnah mit dem Greifvogel in Kontakt kommen und dem Experten viele Fragen zu seinem Job und seinen V\u00f6geln stellen.<\/p>\r\n","protected":false},"excerpt":{"rendered":"Die Sch\u00fclerinnen und Sch\u00fcler der Klasse 6e besch\u00e4ftigten sich in den letzten Wochen im Rahmen des Biologieunterrichts mit dem Thema \u201eV\u00f6gel&#8220;. Als Belohnung f\u00fcr ihre gute Arbeit wurden sie von der Eulendame \u201eLara&#8220; mit ihrem Falkner Matthias M\u00fcller besucht. Die Sch\u00fclerinnen und Sch\u00fcler konnten so hautnah mit dem Greifvogel in Kontakt kommen und dem Experten viele Fragen zu seinem Job und seinen V\u00f6geln stellen.","protected":false},"author":3,"featured_media":36580,"comment_status":"closed","ping_status":"closed","sticky":false,"template":"","format":"standard","meta":{"ngg_post_thumbnail":0,"footnotes":""},"categories":[1],"tags":[],"class_list":["post-36579","post","type-post","status-publish","format-standard","has-post-thumbnail","hentry","category-allgemein"],"publishpress_future_action":{"enabled":false,"date":"2026-05-07 11:22:14","action":"change-status","newStatus":"draft","terms":[],"taxonomy":"category","extraData":[]},"publishpress_future_workflow_manual_trigger":{"enabledWorkflows":[]},"_links":{"self":[{"href":"https:\/\/franziskanergymnasium-kreuzburg.de\/cms\/wp-json\/wp\/v2\/posts\/36579","targetHints":{"allow":["GET"]}}],"collection":[{"href":"https:\/\/franziskanergymnasium-kreuzburg.de\/cms\/wp-json\/wp\/v2\/posts"}],"about":[{"href":"https:\/\/franziskanergymnasium-kreuzburg.de\/cms\/wp-json\/wp\/v2\/types\/post"}],"author":[{"embeddable":true,"href":"https:\/\/franziskanergymnasium-kreuzburg.de\/cms\/wp-json\/wp\/v2\/users\/3"}],"replies":[{"embeddable":true,"href":"https:\/\/franziskanergymnasium-kreuzburg.de\/cms\/wp-json\/wp\/v2\/comments?post=36579"}],"version-history":[{"count":6,"href":"https:\/\/franziskanergymnasium-kreuzburg.de\/cms\/wp-json\/wp\/v2\/posts\/36579\/revisions"}],"predecessor-version":[{"id":36587,"href":"https:\/\/franziskanergymnasium-kreuzburg.de\/cms\/wp-json\/wp\/v2\/posts\/36579\/revisions\/36587"}],"wp:featuredmedia":[{"embeddable":true,"href":"https:\/\/franziskanergymnasium-kreuzburg.de\/cms\/wp-json\/wp\/v2\/media\/36580"}],"wp:attachment":[{"href":"https:\/\/franziskanergymnasium-kreuzburg.de\/cms\/wp-json\/wp\/v2\/media?parent=36579"}],"wp:term":[{"taxonomy":"category","embeddable":true,"href":"https:\/\/franziskanergymnasium-kreuzburg.de\/cms\/wp-json\/wp\/v2\/categories?post=36579"},{"taxonomy":"post_tag","embeddable":true,"href":"https:\/\/franziskanergymnasium-kreuzburg.de\/cms\/wp-json\/wp\/v2\/tags?post=36579"}],"curies":[{"name":"wp","href":"https:\/\/api.w.org\/{rel}","templated":true}]}}