{"id":36813,"date":"2023-06-25T21:20:51","date_gmt":"2023-06-25T19:20:51","guid":{"rendered":"https:\/\/franziskanergymnasium-kreuzburg.de\/cms\/?p=36813"},"modified":"2023-06-25T21:26:40","modified_gmt":"2023-06-25T19:26:40","slug":"whatsapp-instagram-und-snapchat-was-geht-uns-eltern-das-an-4","status":"publish","type":"post","link":"https:\/\/franziskanergymnasium-kreuzburg.de\/cms\/whatsapp-instagram-und-snapchat-was-geht-uns-eltern-das-an-4\/","title":{"rendered":"WhatsApp, Instagram und Snapchat: Was geht uns Eltern das an?"},"content":{"rendered":"<a attid=\"4276\"  href=\"https:\/\/franziskanergymnasium-kreuzburg.de\/cms\/wp-content\/uploads\/2014\/11\/2014medienkompetebz.jpg\" rel=\"lightbox[36813]\"><img loading=\"lazy\" decoding=\"async\" src=\"https:\/\/franziskanergymnasium-kreuzburg.de\/cms\/wp-content\/uploads\/2014\/11\/2014medienkompetebz-300x150.jpg\" alt=\"\" width=\"300\" height=\"150\" class=\"alignleft size-medium wp-image-4276\" srcset=\"https:\/\/franziskanergymnasium-kreuzburg.de\/cms\/wp-content\/uploads\/2014\/11\/2014medienkompetebz-300x150.jpg 300w, https:\/\/franziskanergymnasium-kreuzburg.de\/cms\/wp-content\/uploads\/2014\/11\/2014medienkompetebz.jpg 400w\" sizes=\"auto, (max-width: 300px) 100vw, 300px\" \/><\/a><br><br><strong>Vortragsveranstaltung f\u00fcr Eltern aus den Jahrgangsstufen 5 bis 8 <\/strong>\r\n<br><strong>\r\n <br>\r\n\r\nam Montag, 03.07.2023 um 19:30 Uhr \r\n<br><br>\r\nin der Aula des Franziskanergymnasiums Kreuzburg. <\/strong>\r\n<br>\r\n <br>\r\n<br>\r\n <br>\r\n\r\n\r\n<em>Wie soll eine Erwachsenengeneration Kindern und Jugendlichen einen kompetenten Umgang mit Internet und Smartphones vermitteln, wenn sie selbst ohne digitale Medien gro\u00df geworden ist? Kindern und Jugendlichen fehlen oft Vorbilder in der Mediennutzung; leider mangelt es auch in Schulen und Elternh\u00e4usern h\u00e4ufig an Erfahrung in der Medienerziehung. <\/em>\r\n<br><br>\r\n \r\n\r\nSt\u00e4ndig ver\u00e4ndert sich das Angebot: War gestern noch von \u201eFacebook\u201c die Rede, fragen sich viele Eltern heutzutage, was \u201eSnapchat\u201c ist. So mancher wundert sich zu Recht, wie es in Einzelf\u00e4llen tagt\u00e4glich teilweise zu \u00fcber 1.500 Nachrichten bei WhatsApp und Snapchat kommen kann. \r\n\r\n <br><br>\r\n\r\nUm Medienverhalten beurteilen zu k\u00f6nnen, muss man in der Lage sein nachzuvollziehen, warum manche Nutzer \u2013 ohne R\u00fccksicht auf die eigene Privatsph\u00e4re \u2013 andere am eigenen Leben in sozialen Netzwerken teilhaben lassen. Problematisches Verhalten erkennen zu k\u00f6nnen setzt voraus, dass man Ph\u00e4nomene wie Cybermobbing mit ihren Ursachen und Wirkungen realistisch einzusch\u00e4tzen wei\u00df. \r\n\r\n <br><br>\r\n\r\nAuf sehr nachvollziehbare und unterhaltsame Art und Weise stellt Ralf Willius die Mediennutzung von Kindern und Jugendlichen dar und gibt Hilfestellungen f\u00fcr die (Medien-) Erziehung zu Hause. Zus\u00e4tzlich zu dieser Veranstaltung f\u00fcr Eltern leiten er und weitere Mitarbeitende von smiley e.V. am 3. und 4. Juli Workshops in den Klassen der Jahrgangsstufen 6 und 7. \r\n\r\n <br><br><br>\r\n\r\nDer Referent: \r\n\r\n<br><em>Ralf Willius (Jahrgang 1977) ist Sozialp\u00e4dagoge, Informationsp\u00e4dagoge und \u201enebenbei\u201c selbst Vater. Er arbeitet f\u00fcr den Verein smiley e.V. aus Hannover sowie freiberuflich unter anderem f\u00fcr den Verein Blickwechsel und ist als Dozent f\u00fcr die nieders\u00e4chsische Landesmedienanstalt t\u00e4tig. <\/em>\r\n\r\n \r\n\r\n ","protected":false},"excerpt":{"rendered":"Vortragsveranstaltung f\u00fcr Eltern aus den Jahrgangsstufen 5 bis 8 am Montag, 03.07.2023 um 19:30 Uhr in der Aula des Franziskanergymnasiums Kreuzburg. Wie soll eine Erwachsenengeneration Kindern und Jugendlichen einen kompetenten Umgang mit Internet und Smartphones vermitteln, wenn sie selbst ohne digitale Medien gro\u00df geworden ist? Kindern und Jugendlichen fehlen oft Vorbilder in der Mediennutzung; leider mangelt es auch in Schulen und Elternh\u00e4usern h\u00e4ufig an Erfahrung in der Medienerziehung. St\u00e4ndig ver\u00e4ndert sich das Angebot: War gestern noch von \u201eFacebook\u201c die Rede, fragen sich viele Eltern heutzutage, was \u201eSnapchat\u201c ist. So mancher wundert sich zu Recht, wie es in Einzelf\u00e4llen tagt\u00e4glich teilweise zu \u00fcber 1.500 Nachrichten bei WhatsApp und Snapchat kommen kann. Um Medienverhalten beurteilen zu k\u00f6nnen, muss man in der Lage sein nachzuvollziehen, warum manche Nutzer \u2013 ohne R\u00fccksicht auf die eigene Privatsph\u00e4re \u2013 andere am eigenen Leben in sozialen Netzwerken teilhaben lassen. Problematisches Verhalten erkennen zu k\u00f6nnen setzt voraus, dass man Ph\u00e4nomene wie Cybermobbing mit ihren Ursachen und Wirkungen realistisch einzusch\u00e4tzen wei\u00df. Auf sehr nachvollziehbare und unterhaltsame Art und Weise stellt Ralf Willius die Mediennutzung von Kindern und Jugendlichen dar und gibt Hilfestellungen f\u00fcr die (Medien-) Erziehung zu Hause. Zus\u00e4tzlich zu dieser Veranstaltung f\u00fcr Eltern leiten er und weitere Mitarbeitende von smiley e.V. am 3. und 4. Juli Workshops in den Klassen der Jahrgangsstufen 6 und 7. Der Referent: Ralf Willius (Jahrgang 1977) ist Sozialp\u00e4dagoge, Informationsp\u00e4dagoge und \u201enebenbei\u201c selbst Vater. Er arbeitet f\u00fcr den Verein smiley e.V. aus Hannover sowie freiberuflich unter anderem f\u00fcr den Verein Blickwechsel und ist als Dozent f\u00fcr die nieders\u00e4chsische Landesmedienanstalt t\u00e4tig.","protected":false},"author":11,"featured_media":4276,"comment_status":"closed","ping_status":"closed","sticky":false,"template":"","format":"standard","meta":{"ngg_post_thumbnail":0,"footnotes":""},"categories":[1,468],"tags":[],"class_list":["post-36813","post","type-post","status-publish","format-standard","has-post-thumbnail","hentry","category-allgemein","category-digitale-schule"],"publishpress_future_action":{"enabled":false,"date":"2026-05-05 18:34:04","action":"change-status","newStatus":"draft","terms":[],"taxonomy":"category","extraData":[]},"publishpress_future_workflow_manual_trigger":{"enabledWorkflows":[]},"_links":{"self":[{"href":"https:\/\/franziskanergymnasium-kreuzburg.de\/cms\/wp-json\/wp\/v2\/posts\/36813","targetHints":{"allow":["GET"]}}],"collection":[{"href":"https:\/\/franziskanergymnasium-kreuzburg.de\/cms\/wp-json\/wp\/v2\/posts"}],"about":[{"href":"https:\/\/franziskanergymnasium-kreuzburg.de\/cms\/wp-json\/wp\/v2\/types\/post"}],"author":[{"embeddable":true,"href":"https:\/\/franziskanergymnasium-kreuzburg.de\/cms\/wp-json\/wp\/v2\/users\/11"}],"replies":[{"embeddable":true,"href":"https:\/\/franziskanergymnasium-kreuzburg.de\/cms\/wp-json\/wp\/v2\/comments?post=36813"}],"version-history":[{"count":6,"href":"https:\/\/franziskanergymnasium-kreuzburg.de\/cms\/wp-json\/wp\/v2\/posts\/36813\/revisions"}],"predecessor-version":[{"id":36818,"href":"https:\/\/franziskanergymnasium-kreuzburg.de\/cms\/wp-json\/wp\/v2\/posts\/36813\/revisions\/36818"}],"wp:featuredmedia":[{"embeddable":true,"href":"https:\/\/franziskanergymnasium-kreuzburg.de\/cms\/wp-json\/wp\/v2\/media\/4276"}],"wp:attachment":[{"href":"https:\/\/franziskanergymnasium-kreuzburg.de\/cms\/wp-json\/wp\/v2\/media?parent=36813"}],"wp:term":[{"taxonomy":"category","embeddable":true,"href":"https:\/\/franziskanergymnasium-kreuzburg.de\/cms\/wp-json\/wp\/v2\/categories?post=36813"},{"taxonomy":"post_tag","embeddable":true,"href":"https:\/\/franziskanergymnasium-kreuzburg.de\/cms\/wp-json\/wp\/v2\/tags?post=36813"}],"curies":[{"name":"wp","href":"https:\/\/api.w.org\/{rel}","templated":true}]}}