{"id":37009,"date":"2023-07-11T09:01:39","date_gmt":"2023-07-11T07:01:39","guid":{"rendered":"https:\/\/franziskanergymnasium-kreuzburg.de\/cms\/?p=37009"},"modified":"2023-07-21T07:36:51","modified_gmt":"2023-07-21T05:36:51","slug":"berufspraktikum-mehr-als-nur-praxisluft-schnuppern","status":"publish","type":"post","link":"https:\/\/franziskanergymnasium-kreuzburg.de\/cms\/berufspraktikum-mehr-als-nur-praxisluft-schnuppern\/","title":{"rendered":"Berufspraktikum: Mehr als nur Praxisluft schnuppern"},"content":{"rendered":"<p>\r\nIn der Q2-Phase (Klassenstufe 12) haben unsere Sch\u00fclerinnen und Sch\u00fcler die Chance, aktiv in die Arbeitswelt einzutauchen und wertvolle Erfahrungen f\u00fcr ihre zuk\u00fcnftige Studien- oder Berufswahl zu sammeln. Im Rahmen der Weiterentwicklung des Oberstufenkonzepts wurden in den letzten Jahren umfassende inhaltliche und organisatorische Anpassungen am Konzept des Berufspraktikums vorgenommen. So findet die intensivierte Vor- und Nachbereitung des Praktikums nun nicht mehr im Fach Politik und Wirtschaft (PoWi), sondern innerhalb der Tutandengruppen (TG) statt.<\/p><p>\r\nDie Verlagerung der Vor- und Nachbereitung in die TG er\u00f6ffnet den Sch\u00fclerinnen und Sch\u00fclern einen unbenoteten, gesch\u00fctzten Raum, in dem es auch wirklich die Zeit daf\u00fcr gibt, sich mit Tutorinnen und Tutoren sowie vertrauten Mitsch\u00fclerinnen und Mitsch\u00fclern auszutauschen. Dies erm\u00f6glicht nicht nur die Besprechung des Praktikums selbst, sondern auch den offenen Dialog \u00fcber sehr pers\u00f6nliche Themen im Kontext der Berufs- und Studienorientierung. <\/p><p>\r\nWeitere Informationen sowie Beispiele zur Reflexionsarbeit finden sich im Contact Sommer 2023. Der Contact kann <a href=\"https:\/\/franziskanergymnasium-kreuzburg.de\/cms\/downloads\/contact\/\">hier <\/a>heruntergeladen werden.<\/p>.<\/p>\r\n","protected":false},"excerpt":{"rendered":"In der Q2-Phase (Klassenstufe 12) haben unsere Sch\u00fclerinnen und Sch\u00fcler die Chance, aktiv in die Arbeitswelt einzutauchen und wertvolle Erfahrungen f\u00fcr ihre zuk\u00fcnftige Studien- oder Berufswahl zu sammeln. Im Rahmen der Weiterentwicklung des Oberstufenkonzepts wurden in den letzten Jahren umfassende inhaltliche und organisatorische Anpassungen am Konzept des Berufspraktikums vorgenommen. So findet die intensivierte Vor- und Nachbereitung des Praktikums nun nicht mehr im Fach Politik und Wirtschaft (PoWi), sondern innerhalb der Tutandengruppen (TG) statt. Die Verlagerung der Vor- und Nachbereitung in die TG er\u00f6ffnet den Sch\u00fclerinnen und Sch\u00fclern einen unbenoteten, gesch\u00fctzten Raum, in dem es auch wirklich die Zeit daf\u00fcr gibt, sich mit Tutorinnen und Tutoren sowie vertrauten Mitsch\u00fclerinnen und Mitsch\u00fclern auszutauschen. Dies erm\u00f6glicht nicht nur die Besprechung des Praktikums selbst, sondern auch den offenen Dialog \u00fcber sehr pers\u00f6nliche Themen im Kontext der Berufs- und Studienorientierung. Weitere Informationen sowie Beispiele zur Reflexionsarbeit finden sich im Contact Sommer 2023. Der Contact kann hier heruntergeladen werden..","protected":false},"author":3,"featured_media":1016,"comment_status":"closed","ping_status":"closed","sticky":false,"template":"","format":"standard","meta":{"ngg_post_thumbnail":0,"footnotes":""},"categories":[1],"tags":[351],"class_list":["post-37009","post","type-post","status-publish","format-standard","has-post-thumbnail","hentry","category-allgemein","tag-berufspraktikum"],"publishpress_future_action":{"enabled":false,"date":"2026-05-03 11:15:56","action":"change-status","newStatus":"draft","terms":[],"taxonomy":"category","extraData":[]},"publishpress_future_workflow_manual_trigger":{"enabledWorkflows":[]},"_links":{"self":[{"href":"https:\/\/franziskanergymnasium-kreuzburg.de\/cms\/wp-json\/wp\/v2\/posts\/37009","targetHints":{"allow":["GET"]}}],"collection":[{"href":"https:\/\/franziskanergymnasium-kreuzburg.de\/cms\/wp-json\/wp\/v2\/posts"}],"about":[{"href":"https:\/\/franziskanergymnasium-kreuzburg.de\/cms\/wp-json\/wp\/v2\/types\/post"}],"author":[{"embeddable":true,"href":"https:\/\/franziskanergymnasium-kreuzburg.de\/cms\/wp-json\/wp\/v2\/users\/3"}],"replies":[{"embeddable":true,"href":"https:\/\/franziskanergymnasium-kreuzburg.de\/cms\/wp-json\/wp\/v2\/comments?post=37009"}],"version-history":[{"count":2,"href":"https:\/\/franziskanergymnasium-kreuzburg.de\/cms\/wp-json\/wp\/v2\/posts\/37009\/revisions"}],"predecessor-version":[{"id":37309,"href":"https:\/\/franziskanergymnasium-kreuzburg.de\/cms\/wp-json\/wp\/v2\/posts\/37009\/revisions\/37309"}],"wp:featuredmedia":[{"embeddable":true,"href":"https:\/\/franziskanergymnasium-kreuzburg.de\/cms\/wp-json\/wp\/v2\/media\/1016"}],"wp:attachment":[{"href":"https:\/\/franziskanergymnasium-kreuzburg.de\/cms\/wp-json\/wp\/v2\/media?parent=37009"}],"wp:term":[{"taxonomy":"category","embeddable":true,"href":"https:\/\/franziskanergymnasium-kreuzburg.de\/cms\/wp-json\/wp\/v2\/categories?post=37009"},{"taxonomy":"post_tag","embeddable":true,"href":"https:\/\/franziskanergymnasium-kreuzburg.de\/cms\/wp-json\/wp\/v2\/tags?post=37009"}],"curies":[{"name":"wp","href":"https:\/\/api.w.org\/{rel}","templated":true}]}}