{"id":37425,"date":"2023-07-26T08:13:55","date_gmt":"2023-07-26T06:13:55","guid":{"rendered":"https:\/\/franziskanergymnasium-kreuzburg.de\/cms\/?p=37425"},"modified":"2023-07-26T08:13:55","modified_gmt":"2023-07-26T06:13:55","slug":"ueber-35-jahre-wegbegleiter-der-kreuzburg-verabschiedung-von-bernward-bickmann","status":"publish","type":"post","link":"https:\/\/franziskanergymnasium-kreuzburg.de\/cms\/ueber-35-jahre-wegbegleiter-der-kreuzburg-verabschiedung-von-bernward-bickmann\/","title":{"rendered":"\u00dcber 35 Jahre Wegbegleiter der Kreuzburg \u2013 Verabschiedung von Bernward Bickmann"},"content":{"rendered":"<a attid=\"37437\"  href=\"https:\/\/franziskanergymnasium-kreuzburg.de\/cms\/wp-content\/uploads\/2023\/07\/Verabschiedungsfeier-.jpg\" rel=\"lightbox[37425]\"><img decoding=\"async\" src=\"https:\/\/franziskanergymnasium-kreuzburg.de\/cms\/wp-content\/uploads\/2023\/07\/Verabschiedungsfeier--300x200.jpg\" alt=\"\" width=\"220\" class=\"alignleft size-medium wp-image-37437\" srcset=\"https:\/\/franziskanergymnasium-kreuzburg.de\/cms\/wp-content\/uploads\/2023\/07\/Verabschiedungsfeier--300x200.jpg 300w, https:\/\/franziskanergymnasium-kreuzburg.de\/cms\/wp-content\/uploads\/2023\/07\/Verabschiedungsfeier--1024x684.jpg 1024w, https:\/\/franziskanergymnasium-kreuzburg.de\/cms\/wp-content\/uploads\/2023\/07\/Verabschiedungsfeier--768x513.jpg 768w, https:\/\/franziskanergymnasium-kreuzburg.de\/cms\/wp-content\/uploads\/2023\/07\/Verabschiedungsfeier-.jpg 1200w\" sizes=\"(max-width: 300px) 100vw, 300px\" \/><\/a><p>\r\nNach \u00fcber 35 Jahren Einsatz f\u00fcr die Bildung wurde Bernward Bickmann, Gesch\u00e4ftsf\u00fchrer der Franziskanergymnasium Kreuzburg gGmbH und Leiter des Franziskanischen Bildungswerkes, in den Ruhestand entlassen. Zur Verabschiedung hatte der Vorsitzende des Stiftungsrats der Franziskus-Stiftung Kreuzburg Provinzialminister Bruder Markus Fuhrmann OFM zu einer kleinen Feier ins Gymnasium eingeladen. Er hielt mit Bruder Michael Blasek OFM, dem p\u00e4dagogischen Leiter des Franziskanischen Bildungswerks, die Abschiedsreden. <a attid=\"37426\"  href=\"https:\/\/franziskanergymnasium-kreuzburg.de\/cms\/wp-content\/uploads\/2023\/07\/Gottesdienst-2.jpg\" rel=\"lightbox[37425]\"><img decoding=\"async\" src=\"https:\/\/franziskanergymnasium-kreuzburg.de\/cms\/wp-content\/uploads\/2023\/07\/Gottesdienst-2-300x225.jpg\" alt=\"\" width=\"220\"  class=\"alignright size-medium wp-image-37426\" srcset=\"https:\/\/franziskanergymnasium-kreuzburg.de\/cms\/wp-content\/uploads\/2023\/07\/Gottesdienst-2-300x225.jpg 300w, https:\/\/franziskanergymnasium-kreuzburg.de\/cms\/wp-content\/uploads\/2023\/07\/Gottesdienst-2-1024x768.jpg 1024w, https:\/\/franziskanergymnasium-kreuzburg.de\/cms\/wp-content\/uploads\/2023\/07\/Gottesdienst-2-768x576.jpg 768w, https:\/\/franziskanergymnasium-kreuzburg.de\/cms\/wp-content\/uploads\/2023\/07\/Gottesdienst-2.jpg 1200w\" sizes=\"(max-width: 300px) 100vw, 300px\" \/><\/a>F\u00fcr den Wortgottesdienst, der der Feier vorausgegangen war, hatte Bernward Bickmann, der als Diakon selbst die Predigt \u00fcbernahm, das Evangelium der Emmausj\u00fcnger, die von Jesus auf ihrem Weg begleitet wurden, ausgew\u00e4hlt. Das Bild des Wegbegleiters wurde dann auch in der Feier von den Vertretern der Gremien, mit denen Bickmann zusammengearbeitet hatte, aufgegriffen und sie dankten ihm f\u00fcr zahlreiche gemeinsame Projekte. Das letzte gro\u00dfe Projekt, das er mit auf den Weg gebracht hat und das ihm sehr am Herzen lag, war FEE (Franziskanisch Europ\u00e4ische Erfahrung), mit dem nun die ersten \u201eFeen\u201c im Rahmen eines internationalen Jugendfreiwilligendienstes losziehen. Ein Projekt zur Firmvorbereitung in der Schule hat er noch mit entwickelt, umgesetzt wird es allerdings erst im kommenden Schuljahr. <\/p><p>\r\nIn einem Gespr\u00e4ch vorab erz\u00e4hlte Bernward Bickmann von seiner ersten Zeit an der Kreuzburg: \u201eAlles fing damit an, dass wir, meine Ehefrau und ich, 1977 Pater Udo Schm\u00e4lzle OFM trafen und er p\u00e4dagogische Mitarbeiterinnen und Mitarbeiter f\u00fcr das anlaufende Kooperationsprojekt zwischen dem Bonifatiushaus Fulda und der Kreuzburg suchte. F\u00fcr uns waren die im Projekt durchgef\u00fchrten Seminare neben unseren Studien eine gute M\u00f6glichkeit, praktische Erfahrungen in der p\u00e4dagogischen Arbeit zu sammeln.\u201c <\/p><p>\r\n<a attid=\"37427\"  href=\"https:\/\/franziskanergymnasium-kreuzburg.de\/cms\/wp-content\/uploads\/2023\/07\/Abschiedsrede-Bernward-Bickmann1.jpg\" rel=\"lightbox[37425]\"><img decoding=\"async\" src=\"https:\/\/franziskanergymnasium-kreuzburg.de\/cms\/wp-content\/uploads\/2023\/07\/Abschiedsrede-Bernward-Bickmann1-300x208.jpg\" alt=\"\" width=\"220\" class=\"alignleft size-medium wp-image-37427\" srcset=\"https:\/\/franziskanergymnasium-kreuzburg.de\/cms\/wp-content\/uploads\/2023\/07\/Abschiedsrede-Bernward-Bickmann1-300x208.jpg 300w, https:\/\/franziskanergymnasium-kreuzburg.de\/cms\/wp-content\/uploads\/2023\/07\/Abschiedsrede-Bernward-Bickmann1-1024x708.jpg 1024w, https:\/\/franziskanergymnasium-kreuzburg.de\/cms\/wp-content\/uploads\/2023\/07\/Abschiedsrede-Bernward-Bickmann1-768x531.jpg 768w, https:\/\/franziskanergymnasium-kreuzburg.de\/cms\/wp-content\/uploads\/2023\/07\/Abschiedsrede-Bernward-Bickmann1.jpg 1200w\" sizes=\"(max-width: 300px) 100vw, 300px\" \/><\/a>Nach dem Studium der praktischen Theologie in Paderborn und einem berufspraktischen Jahr in Bremen schloss Bickmann ein Studium der Politikwissenschaft und Soziologie im Bamberg an. \u201eIch wollte die M\u00f6glichkeit haben, unabh\u00e4ngig von einer kirchlichen Anstellung zu arbeiten, um mir die notwendige Freiheit und Unabh\u00e4ngigkeit zu bewahren\u201c, so Bickmann im Gespr\u00e4ch. Als ihm zum Ende des Studiums die Stelle f\u00fcr politischen Jugendbildung im Franziskanischen Bildungswerk angeboten wurde, griff er sofort zu. \u201eDas war eine gute Perspektive f\u00fcr meinen Berufseinstieg. Das daraus \u00fcber 35 Jahre hauptberufliche T\u00e4tigkeit an der Kreuzburg werden w\u00fcrden, habe ich damals nicht abgesehen.\u201c Das Bildungswerk mit seinen Angeboten der Familien- und Jugendbildung wurde ihm zum Herzensanliegen. Mit der \u00dcbernahme der Leitung des Bildungswerkes wuchs die Verantwortung, aber auch der Gestaltungsspielraum. In seiner Zeit als Leiter des FBW konnten die Seminarangebote trotz schwieriger finanzieller Situation beibehalten werden und in der Kooperation mit dem Franziskanergymnasium weitere Angebote entwickelt werden: Lernmethodik-Seminare f\u00fcr Jugendliche, Beratungs- und Begleitungsangebote f\u00fcr Sch\u00fclerinnen, Sch\u00fcler, Eltern und Lehrkr\u00e4fte der Kreuzburg und die Entwicklung von Angeboten f\u00fcr alleinerziehende M\u00fctter und V\u00e4ter. \u201eIm Team des FBW wurde vieles gemeinsam entwickelt, immer im Blick auf die Zielgruppen \u2013 Kooperation mit Schule hei\u00dft, Menschen zu begleiten und ihre Fragen und Themen aufzugreifen, im wahrsten Sinne des Wortes ein \u201apastorales\u2019 Arbeiten\u201c, so Bickmann. Dass zum Ende seiner Zeit an der Kreuzburg das Projekt eines franziskanischen Freiwilligendienstes in Kooperation mit der Franziskanerprovinz noch auf den Weg gebracht werden konnte, freut ihn besonders, da er schon seit vielen Jahren an diese Ausweitung des FBW gedacht hat.<\/p><p>\r\n<a attid=\"37444\"  href=\"https:\/\/franziskanergymnasium-kreuzburg.de\/cms\/wp-content\/uploads\/2023\/07\/Abschiedsrede-Bernward-Bickmann.jpg\" rel=\"lightbox[37425]\"><img decoding=\"async\" src=\"https:\/\/franziskanergymnasium-kreuzburg.de\/cms\/wp-content\/uploads\/2023\/07\/Abschiedsrede-Bernward-Bickmann-300x190.jpg\" alt=\"\" width=\"220\"  class=\"alignright size-medium wp-image-37444\" srcset=\"https:\/\/franziskanergymnasium-kreuzburg.de\/cms\/wp-content\/uploads\/2023\/07\/Abschiedsrede-Bernward-Bickmann-300x190.jpg 300w, https:\/\/franziskanergymnasium-kreuzburg.de\/cms\/wp-content\/uploads\/2023\/07\/Abschiedsrede-Bernward-Bickmann-1024x647.jpg 1024w, https:\/\/franziskanergymnasium-kreuzburg.de\/cms\/wp-content\/uploads\/2023\/07\/Abschiedsrede-Bernward-Bickmann-768x485.jpg 768w, https:\/\/franziskanergymnasium-kreuzburg.de\/cms\/wp-content\/uploads\/2023\/07\/Abschiedsrede-Bernward-Bickmann.jpg 1200w\" sizes=\"(max-width: 300px) 100vw, 300px\" \/><\/a>Eine grunds\u00e4tzliche Aufgabenver\u00e4nderung erfolgte 2009 mit dem Angebot, die Gesch\u00e4ftsf\u00fchrung der Franziskanergymnasium Kreuzburg gGmbH zu \u00fcbernehmen. \u201eDie F\u00fchrung eines \u201aUnternehmens\u2018 in dieser Gr\u00f6\u00dfenordnung und den vielen verschiedenen Fragestellungen und Aufgaben, empfand ich als gro\u00dfe Herausforderung\u201c, so Bickmann. In diese Zeit fielen zwei Debatten um Ersatzschulfinanzierungsgesetze in Hessen, finanzielle K\u00fcrzungen durch die Bist\u00fcmer Mainz und W\u00fcrzburg (f\u00fcr Bickmann ist das ein immer noch schwer nachvollziehbarer Schritt, warum Kirche sich gerade aus diesem Arbeitsfeld zur\u00fcckzog), die Weiterentwicklung des Schulkonzeptes (G 9 \u2013 G 8 \u2013 G 9) und in j\u00fcngster Zeit die Fragen von Digitalisierung, die Corona-Pandemie und Energiekrise. <\/p><p>\r\nDie Kreuzburg mit Schule und FBW langfristig gut und sicher aufzustellen, das hat Bickmann in den letzten Berufsjahren intensiv besch\u00e4ftigt. Mit der Errichtung der \u201aFranziskus-Stiftung Kreuzburg\u2018 als Gesellschafter des Gymnasiums und der \u00dcbernahme des Bildungswerks durch die Stiftung \u201ehat die Kreuzburg in den letzten Jahren eine langfristig tragf\u00e4hige Struktur aufgebaut. Als franziskanisch-kirchliche Einrichtung ist es dringend notwendig im Bereich von Jugendlichen und Familien pr\u00e4sent zu sein. Die Kreuzburg leistet hier einen unendlich wertvollen Beitrag\u201c, so Bickmann.<\/p><p>\r\nNeben seinen hauptberuflichen T\u00e4tigkeiten hat sich Bickmann seit 2013 als Diakon des Bistums Fulda u.a. in der Schulgemeinde der Kreuzburg und in der Pfarrgemeinde Gro\u00dfkrotzenburg engagiert. <\/p><p>\r\n<a attid=\"37429\"  href=\"https:\/\/franziskanergymnasium-kreuzburg.de\/cms\/wp-content\/uploads\/2023\/07\/Bigband-1.jpg\" rel=\"lightbox[37425]\"><img decoding=\"async\" src=\"https:\/\/franziskanergymnasium-kreuzburg.de\/cms\/wp-content\/uploads\/2023\/07\/Bigband-1-300x206.jpg\" alt=\"\" width=\"220\"  class=\"alignleft size-medium wp-image-37429\" srcset=\"https:\/\/franziskanergymnasium-kreuzburg.de\/cms\/wp-content\/uploads\/2023\/07\/Bigband-1-300x206.jpg 300w, https:\/\/franziskanergymnasium-kreuzburg.de\/cms\/wp-content\/uploads\/2023\/07\/Bigband-1-1024x702.jpg 1024w, https:\/\/franziskanergymnasium-kreuzburg.de\/cms\/wp-content\/uploads\/2023\/07\/Bigband-1-768x527.jpg 768w, https:\/\/franziskanergymnasium-kreuzburg.de\/cms\/wp-content\/uploads\/2023\/07\/Bigband-1.jpg 1200w\" sizes=\"(max-width: 300px) 100vw, 300px\" \/><\/a>Wie Bernward Bickmann es sich gew\u00fcnscht hatte, wurde er von der Bigband der Schule unter der Leitung von Ulrike Hoffmann mit dem Sound von Glenn Miller verabschiedet. Er wird nun einen neuen Weg einschlagen und dabei von vielen guten W\u00fcnschen begleitet. <a attid=\"37430\"  href=\"https:\/\/franziskanergymnasium-kreuzburg.de\/cms\/wp-content\/uploads\/2023\/07\/Ueberreichung-Stola9.jpg\" rel=\"lightbox[37425]\"><img decoding=\"async\" src=\"https:\/\/franziskanergymnasium-kreuzburg.de\/cms\/wp-content\/uploads\/2023\/07\/Ueberreichung-Stola9-242x300.jpg\" alt=\"\" width=\"182\"  class=\"alignright size-medium wp-image-37430\" srcset=\"https:\/\/franziskanergymnasium-kreuzburg.de\/cms\/wp-content\/uploads\/2023\/07\/Ueberreichung-Stola9-242x300.jpg 242w, https:\/\/franziskanergymnasium-kreuzburg.de\/cms\/wp-content\/uploads\/2023\/07\/Ueberreichung-Stola9-824x1024.jpg 824w, https:\/\/franziskanergymnasium-kreuzburg.de\/cms\/wp-content\/uploads\/2023\/07\/Ueberreichung-Stola9-768x954.jpg 768w, https:\/\/franziskanergymnasium-kreuzburg.de\/cms\/wp-content\/uploads\/2023\/07\/Ueberreichung-Stola9.jpg 966w\" sizes=\"(max-width: 242px) 100vw, 242px\" \/><\/a>Gesch\u00e4ftsf\u00fchrerin Birgit Rupp \u00fcberreichte ihm noch eine Stola, auf der sich viele helfende H\u00e4nde aus der Verwaltung der Kreuzburg verewigt haben, und die er vielleicht in seiner neuen Heimat Aachen als Diakon in Erinnerung an seine Jahre in Gro\u00dfkrotzenburg tragen wird.<\/p><br>\r\n\r\n\r\n<a attid=\"37431\"  href=\"https:\/\/franziskanergymnasium-kreuzburg.de\/cms\/wp-content\/uploads\/2023\/07\/Dankworte-Br.-Michael.jpg\" rel=\"lightbox[37425]\"><img decoding=\"async\" src=\"https:\/\/franziskanergymnasium-kreuzburg.de\/cms\/wp-content\/uploads\/2023\/07\/Dankworte-Br.-Michael-300x200.jpg\" alt=\"\" width=\"200\"  class=\"alignnone size-medium wp-image-37431\" srcset=\"https:\/\/franziskanergymnasium-kreuzburg.de\/cms\/wp-content\/uploads\/2023\/07\/Dankworte-Br.-Michael-300x200.jpg 300w, https:\/\/franziskanergymnasium-kreuzburg.de\/cms\/wp-content\/uploads\/2023\/07\/Dankworte-Br.-Michael-1024x684.jpg 1024w, https:\/\/franziskanergymnasium-kreuzburg.de\/cms\/wp-content\/uploads\/2023\/07\/Dankworte-Br.-Michael-768x513.jpg 768w, https:\/\/franziskanergymnasium-kreuzburg.de\/cms\/wp-content\/uploads\/2023\/07\/Dankworte-Br.-Michael.jpg 1200w\" sizes=\"(max-width: 300px) 100vw, 300px\" \/><\/a>\r\n\r\n<a attid=\"37432\"  href=\"https:\/\/franziskanergymnasium-kreuzburg.de\/cms\/wp-content\/uploads\/2023\/07\/Dankworte-Br.-Michael1.jpg\" rel=\"lightbox[37425]\"><img decoding=\"async\" src=\"https:\/\/franziskanergymnasium-kreuzburg.de\/cms\/wp-content\/uploads\/2023\/07\/Dankworte-Br.-Michael1-300x183.jpg\" alt=\"\" width=\"220\"  class=\"alignnone size-medium wp-image-37432\" srcset=\"https:\/\/franziskanergymnasium-kreuzburg.de\/cms\/wp-content\/uploads\/2023\/07\/Dankworte-Br.-Michael1-300x183.jpg 300w, https:\/\/franziskanergymnasium-kreuzburg.de\/cms\/wp-content\/uploads\/2023\/07\/Dankworte-Br.-Michael1-1024x625.jpg 1024w, https:\/\/franziskanergymnasium-kreuzburg.de\/cms\/wp-content\/uploads\/2023\/07\/Dankworte-Br.-Michael1-768x469.jpg 768w, https:\/\/franziskanergymnasium-kreuzburg.de\/cms\/wp-content\/uploads\/2023\/07\/Dankworte-Br.-Michael1.jpg 1200w\" sizes=\"(max-width: 300px) 100vw, 300px\" \/><\/a>\r\n\r\n<a attid=\"37433\"  href=\"https:\/\/franziskanergymnasium-kreuzburg.de\/cms\/wp-content\/uploads\/2023\/07\/Dankworte-Br.-Michael2.jpg\" rel=\"lightbox[37425]\"><img decoding=\"async\" src=\"https:\/\/franziskanergymnasium-kreuzburg.de\/cms\/wp-content\/uploads\/2023\/07\/Dankworte-Br.-Michael2-300x287.jpg\" alt=\"\" width=\"190\" class=\"alignnone size-medium wp-image-37433\" srcset=\"https:\/\/franziskanergymnasium-kreuzburg.de\/cms\/wp-content\/uploads\/2023\/07\/Dankworte-Br.-Michael2-300x287.jpg 300w, https:\/\/franziskanergymnasium-kreuzburg.de\/cms\/wp-content\/uploads\/2023\/07\/Dankworte-Br.-Michael2-768x734.jpg 768w, https:\/\/franziskanergymnasium-kreuzburg.de\/cms\/wp-content\/uploads\/2023\/07\/Dankworte-Br.-Michael2.jpg 1000w\" sizes=\"(max-width: 300px) 100vw, 300px\" \/><\/a>\r\n\r\n<a attid=\"37434\"  href=\"https:\/\/franziskanergymnasium-kreuzburg.de\/cms\/wp-content\/uploads\/2023\/07\/Dankworte-Provinzialminister.jpg\" rel=\"lightbox[37425]\"><img decoding=\"async\" src=\"https:\/\/franziskanergymnasium-kreuzburg.de\/cms\/wp-content\/uploads\/2023\/07\/Dankworte-Provinzialminister-300x216.jpg\" alt=\"\" width=\"220\"  class=\"alignnone size-medium wp-image-37434\" srcset=\"https:\/\/franziskanergymnasium-kreuzburg.de\/cms\/wp-content\/uploads\/2023\/07\/Dankworte-Provinzialminister-300x216.jpg 300w, https:\/\/franziskanergymnasium-kreuzburg.de\/cms\/wp-content\/uploads\/2023\/07\/Dankworte-Provinzialminister-1024x736.jpg 1024w, https:\/\/franziskanergymnasium-kreuzburg.de\/cms\/wp-content\/uploads\/2023\/07\/Dankworte-Provinzialminister-768x552.jpg 768w, https:\/\/franziskanergymnasium-kreuzburg.de\/cms\/wp-content\/uploads\/2023\/07\/Dankworte-Provinzialminister.jpg 1200w\" sizes=\"(max-width: 300px) 100vw, 300px\" \/><\/a>\r\n\r\n<a attid=\"37435\"  href=\"https:\/\/franziskanergymnasium-kreuzburg.de\/cms\/wp-content\/uploads\/2023\/07\/Dankworte-Provinzialminister8.jpg\" rel=\"lightbox[37425]\"><img decoding=\"async\" src=\"https:\/\/franziskanergymnasium-kreuzburg.de\/cms\/wp-content\/uploads\/2023\/07\/Dankworte-Provinzialminister8-300x300.jpg\" alt=\"\" width=\"190\"  class=\"alignnone size-medium wp-image-37435\" srcset=\"https:\/\/franziskanergymnasium-kreuzburg.de\/cms\/wp-content\/uploads\/2023\/07\/Dankworte-Provinzialminister8-300x300.jpg 300w, https:\/\/franziskanergymnasium-kreuzburg.de\/cms\/wp-content\/uploads\/2023\/07\/Dankworte-Provinzialminister8-150x150.jpg 150w, https:\/\/franziskanergymnasium-kreuzburg.de\/cms\/wp-content\/uploads\/2023\/07\/Dankworte-Provinzialminister8-768x770.jpg 768w, https:\/\/franziskanergymnasium-kreuzburg.de\/cms\/wp-content\/uploads\/2023\/07\/Dankworte-Provinzialminister8.jpg 1000w\" sizes=\"(max-width: 300px) 100vw, 300px\" \/><\/a>\r\n\r\n<a attid=\"37436\"  href=\"https:\/\/franziskanergymnasium-kreuzburg.de\/cms\/wp-content\/uploads\/2023\/07\/Dankworte-Provinzialminister9.jpg\" rel=\"lightbox[37425]\"><img decoding=\"async\" src=\"https:\/\/franziskanergymnasium-kreuzburg.de\/cms\/wp-content\/uploads\/2023\/07\/Dankworte-Provinzialminister9-300x181.jpg\" alt=\"\" width=\"220\"  class=\"alignnone size-medium wp-image-37436\" srcset=\"https:\/\/franziskanergymnasium-kreuzburg.de\/cms\/wp-content\/uploads\/2023\/07\/Dankworte-Provinzialminister9-300x181.jpg 300w, https:\/\/franziskanergymnasium-kreuzburg.de\/cms\/wp-content\/uploads\/2023\/07\/Dankworte-Provinzialminister9-1024x619.jpg 1024w, https:\/\/franziskanergymnasium-kreuzburg.de\/cms\/wp-content\/uploads\/2023\/07\/Dankworte-Provinzialminister9-768x464.jpg 768w, https:\/\/franziskanergymnasium-kreuzburg.de\/cms\/wp-content\/uploads\/2023\/07\/Dankworte-Provinzialminister9.jpg 1200w\" sizes=\"(max-width: 300px) 100vw, 300px\" \/><\/a>\r\n\r\n<a attid=\"37438\"  href=\"https:\/\/franziskanergymnasium-kreuzburg.de\/cms\/wp-content\/uploads\/2023\/07\/Abschiedsworte-GF-Birgit-Rupp.jpg\" rel=\"lightbox[37425]\"><img decoding=\"async\" src=\"https:\/\/franziskanergymnasium-kreuzburg.de\/cms\/wp-content\/uploads\/2023\/07\/Abschiedsworte-GF-Birgit-Rupp-300x200.jpg\" alt=\"\" width=\"200\"  class=\"alignnone size-medium wp-image-37438\" srcset=\"https:\/\/franziskanergymnasium-kreuzburg.de\/cms\/wp-content\/uploads\/2023\/07\/Abschiedsworte-GF-Birgit-Rupp-300x200.jpg 300w, https:\/\/franziskanergymnasium-kreuzburg.de\/cms\/wp-content\/uploads\/2023\/07\/Abschiedsworte-GF-Birgit-Rupp-1024x684.jpg 1024w, https:\/\/franziskanergymnasium-kreuzburg.de\/cms\/wp-content\/uploads\/2023\/07\/Abschiedsworte-GF-Birgit-Rupp-768x513.jpg 768w, https:\/\/franziskanergymnasium-kreuzburg.de\/cms\/wp-content\/uploads\/2023\/07\/Abschiedsworte-GF-Birgit-Rupp.jpg 1200w\" sizes=\"(max-width: 300px) 100vw, 300px\" \/><\/a>\r\n\r\n<a attid=\"37439\"  href=\"https:\/\/franziskanergymnasium-kreuzburg.de\/cms\/wp-content\/uploads\/2023\/07\/Bigband-.jpg\" rel=\"lightbox[37425]\"><img decoding=\"async\" src=\"https:\/\/franziskanergymnasium-kreuzburg.de\/cms\/wp-content\/uploads\/2023\/07\/Bigband--300x195.jpg\" alt=\"\" width=\"220\"  class=\"alignnone size-medium wp-image-37439\" srcset=\"https:\/\/franziskanergymnasium-kreuzburg.de\/cms\/wp-content\/uploads\/2023\/07\/Bigband--300x195.jpg 300w, https:\/\/franziskanergymnasium-kreuzburg.de\/cms\/wp-content\/uploads\/2023\/07\/Bigband--1024x666.jpg 1024w, https:\/\/franziskanergymnasium-kreuzburg.de\/cms\/wp-content\/uploads\/2023\/07\/Bigband--768x499.jpg 768w, https:\/\/franziskanergymnasium-kreuzburg.de\/cms\/wp-content\/uploads\/2023\/07\/Bigband-.jpg 1200w\" sizes=\"(max-width: 300px) 100vw, 300px\" \/><\/a>\r\n\r\n<a attid=\"37440\"  href=\"https:\/\/franziskanergymnasium-kreuzburg.de\/cms\/wp-content\/uploads\/2023\/07\/Bigband-3.jpg\" rel=\"lightbox[37425]\"><img decoding=\"async\" src=\"https:\/\/franziskanergymnasium-kreuzburg.de\/cms\/wp-content\/uploads\/2023\/07\/Bigband-3-300x206.jpg\" alt=\"\" width=\"220\"  class=\"alignnone size-medium wp-image-37440\" srcset=\"https:\/\/franziskanergymnasium-kreuzburg.de\/cms\/wp-content\/uploads\/2023\/07\/Bigband-3-300x206.jpg 300w, https:\/\/franziskanergymnasium-kreuzburg.de\/cms\/wp-content\/uploads\/2023\/07\/Bigband-3-1024x702.jpg 1024w, https:\/\/franziskanergymnasium-kreuzburg.de\/cms\/wp-content\/uploads\/2023\/07\/Bigband-3-768x527.jpg 768w, https:\/\/franziskanergymnasium-kreuzburg.de\/cms\/wp-content\/uploads\/2023\/07\/Bigband-3.jpg 1200w\" sizes=\"(max-width: 300px) 100vw, 300px\" \/><\/a>\r\n\r\n<a attid=\"37443\"  href=\"https:\/\/franziskanergymnasium-kreuzburg.de\/cms\/wp-content\/uploads\/2023\/07\/Ueberreichung-Stola.jpg\" rel=\"lightbox[37425]\"><img decoding=\"async\" src=\"https:\/\/franziskanergymnasium-kreuzburg.de\/cms\/wp-content\/uploads\/2023\/07\/Ueberreichung-Stola-300x200.jpg\" alt=\"\" width=\"220\"  class=\"alignnone size-medium wp-image-37443\" srcset=\"https:\/\/franziskanergymnasium-kreuzburg.de\/cms\/wp-content\/uploads\/2023\/07\/Ueberreichung-Stola-300x200.jpg 300w, https:\/\/franziskanergymnasium-kreuzburg.de\/cms\/wp-content\/uploads\/2023\/07\/Ueberreichung-Stola-1024x684.jpg 1024w, https:\/\/franziskanergymnasium-kreuzburg.de\/cms\/wp-content\/uploads\/2023\/07\/Ueberreichung-Stola-768x513.jpg 768w, https:\/\/franziskanergymnasium-kreuzburg.de\/cms\/wp-content\/uploads\/2023\/07\/Ueberreichung-Stola.jpg 1200w\" sizes=\"(max-width: 300px) 100vw, 300px\" \/><\/a>\r\n\r\n<a attid=\"37441\"  href=\"https:\/\/franziskanergymnasium-kreuzburg.de\/cms\/wp-content\/uploads\/2023\/07\/Geschenkuebergabe.jpg\" rel=\"lightbox[37425]\"><img decoding=\"async\" src=\"https:\/\/franziskanergymnasium-kreuzburg.de\/cms\/wp-content\/uploads\/2023\/07\/Geschenkuebergabe-300x200.jpg\" alt=\"\" width=\"220\" class=\"alignnone size-medium wp-image-37441\" srcset=\"https:\/\/franziskanergymnasium-kreuzburg.de\/cms\/wp-content\/uploads\/2023\/07\/Geschenkuebergabe-300x200.jpg 300w, https:\/\/franziskanergymnasium-kreuzburg.de\/cms\/wp-content\/uploads\/2023\/07\/Geschenkuebergabe-1024x684.jpg 1024w, https:\/\/franziskanergymnasium-kreuzburg.de\/cms\/wp-content\/uploads\/2023\/07\/Geschenkuebergabe-768x513.jpg 768w, https:\/\/franziskanergymnasium-kreuzburg.de\/cms\/wp-content\/uploads\/2023\/07\/Geschenkuebergabe.jpg 1200w\" sizes=\"(max-width: 300px) 100vw, 300px\" \/><\/a>\r\n\r\n<a attid=\"37442\"  href=\"https:\/\/franziskanergymnasium-kreuzburg.de\/cms\/wp-content\/uploads\/2023\/07\/Lied-der-Verwaltungsangestelten.jpg\" rel=\"lightbox[37425]\"><img decoding=\"async\" src=\"https:\/\/franziskanergymnasium-kreuzburg.de\/cms\/wp-content\/uploads\/2023\/07\/Lied-der-Verwaltungsangestelten-300x189.jpg\" alt=\"\" width=\"230\" class=\"alignnone size-medium wp-image-37442\" srcset=\"https:\/\/franziskanergymnasium-kreuzburg.de\/cms\/wp-content\/uploads\/2023\/07\/Lied-der-Verwaltungsangestelten-300x189.jpg 300w, https:\/\/franziskanergymnasium-kreuzburg.de\/cms\/wp-content\/uploads\/2023\/07\/Lied-der-Verwaltungsangestelten-1024x644.jpg 1024w, https:\/\/franziskanergymnasium-kreuzburg.de\/cms\/wp-content\/uploads\/2023\/07\/Lied-der-Verwaltungsangestelten-768x483.jpg 768w, https:\/\/franziskanergymnasium-kreuzburg.de\/cms\/wp-content\/uploads\/2023\/07\/Lied-der-Verwaltungsangestelten.jpg 1200w\" sizes=\"(max-width: 300px) 100vw, 300px\" \/><\/a>\r\n\r\n","protected":false},"excerpt":{"rendered":"Nach \u00fcber 35 Jahren Einsatz f\u00fcr die Bildung wurde Bernward Bickmann, Gesch\u00e4ftsf\u00fchrer der Franziskanergymnasium Kreuzburg gGmbH und Leiter des Franziskanischen Bildungswerkes, in den Ruhestand entlassen. Zur Verabschiedung hatte der Vorsitzende des Stiftungsrats der Franziskus-Stiftung Kreuzburg Provinzialminister Bruder Markus Fuhrmann OFM zu einer kleinen Feier ins Gymnasium eingeladen. Er hielt mit Bruder Michael Blasek OFM, dem p\u00e4dagogischen Leiter des Franziskanischen Bildungswerks, die Abschiedsreden. F\u00fcr den Wortgottesdienst, der der Feier vorausgegangen war, hatte Bernward Bickmann, der als Diakon selbst die Predigt \u00fcbernahm, das Evangelium der Emmausj\u00fcnger, die von Jesus auf ihrem Weg begleitet wurden, ausgew\u00e4hlt. Das Bild des Wegbegleiters wurde dann auch in der Feier von den Vertretern der Gremien, mit denen Bickmann zusammengearbeitet hatte, aufgegriffen und sie dankten ihm f\u00fcr zahlreiche gemeinsame Projekte. Das letzte gro\u00dfe Projekt, das er mit auf den Weg gebracht hat und das ihm sehr am Herzen lag, war FEE (Franziskanisch Europ\u00e4ische Erfahrung), mit dem nun die ersten \u201eFeen\u201c im Rahmen eines internationalen Jugendfreiwilligendienstes losziehen. Ein Projekt zur Firmvorbereitung in der Schule hat er noch mit entwickelt, umgesetzt wird es allerdings erst im kommenden Schuljahr. In einem Gespr\u00e4ch vorab erz\u00e4hlte Bernward Bickmann von seiner ersten Zeit an der Kreuzburg: \u201eAlles fing damit an, dass wir, meine Ehefrau und ich, 1977 Pater Udo Schm\u00e4lzle OFM trafen und er p\u00e4dagogische Mitarbeiterinnen und Mitarbeiter f\u00fcr das anlaufende Kooperationsprojekt zwischen dem Bonifatiushaus Fulda und der Kreuzburg suchte. F\u00fcr uns waren die im Projekt durchgef\u00fchrten Seminare neben unseren Studien eine gute M\u00f6glichkeit, praktische Erfahrungen in der p\u00e4dagogischen Arbeit zu sammeln.\u201c Nach dem Studium der praktischen Theologie in Paderborn und einem berufspraktischen Jahr in Bremen schloss Bickmann ein Studium der Politikwissenschaft und Soziologie im Bamberg an. \u201eIch wollte die M\u00f6glichkeit haben, unabh\u00e4ngig von einer kirchlichen Anstellung zu arbeiten, um mir die notwendige Freiheit und Unabh\u00e4ngigkeit zu bewahren\u201c, so Bickmann im Gespr\u00e4ch. Als ihm zum Ende des Studiums die Stelle f\u00fcr politischen Jugendbildung im Franziskanischen Bildungswerk angeboten wurde, griff er sofort zu. \u201eDas war eine gute Perspektive f\u00fcr meinen Berufseinstieg. Das daraus \u00fcber 35 Jahre hauptberufliche T\u00e4tigkeit an der Kreuzburg werden w\u00fcrden, habe ich damals nicht abgesehen.\u201c Das Bildungswerk mit seinen Angeboten der Familien- und Jugendbildung wurde ihm zum Herzensanliegen. Mit der \u00dcbernahme der Leitung des Bildungswerkes wuchs die Verantwortung, aber auch der Gestaltungsspielraum. In seiner Zeit als Leiter des FBW konnten die Seminarangebote trotz schwieriger finanzieller Situation beibehalten werden und in der Kooperation mit dem Franziskanergymnasium weitere Angebote entwickelt werden: Lernmethodik-Seminare f\u00fcr Jugendliche, Beratungs- und Begleitungsangebote f\u00fcr Sch\u00fclerinnen, Sch\u00fcler, Eltern und Lehrkr\u00e4fte der Kreuzburg und die Entwicklung von Angeboten f\u00fcr alleinerziehende M\u00fctter und V\u00e4ter. \u201eIm Team des FBW wurde vieles gemeinsam entwickelt, immer im Blick auf die Zielgruppen \u2013 Kooperation mit Schule hei\u00dft, Menschen zu begleiten und ihre Fragen und Themen aufzugreifen, im wahrsten Sinne des Wortes ein \u201apastorales\u2019 Arbeiten\u201c, so Bickmann. Dass zum Ende seiner Zeit an der Kreuzburg das Projekt eines franziskanischen Freiwilligendienstes in Kooperation mit der Franziskanerprovinz noch auf den Weg gebracht werden konnte, freut ihn besonders, da er schon seit vielen Jahren an diese Ausweitung des FBW gedacht hat. Eine grunds\u00e4tzliche Aufgabenver\u00e4nderung erfolgte 2009 mit dem Angebot, die Gesch\u00e4ftsf\u00fchrung der Franziskanergymnasium Kreuzburg gGmbH zu \u00fcbernehmen. \u201eDie F\u00fchrung eines \u201aUnternehmens\u2018 in dieser Gr\u00f6\u00dfenordnung und den vielen verschiedenen Fragestellungen und Aufgaben, empfand ich als gro\u00dfe Herausforderung\u201c, so Bickmann. In diese Zeit fielen zwei Debatten um Ersatzschulfinanzierungsgesetze in Hessen, finanzielle K\u00fcrzungen durch die Bist\u00fcmer Mainz und W\u00fcrzburg (f\u00fcr Bickmann ist das ein immer noch schwer nachvollziehbarer Schritt, warum Kirche sich gerade aus diesem Arbeitsfeld zur\u00fcckzog), die Weiterentwicklung des Schulkonzeptes (G 9 \u2013 G 8 \u2013 G 9) und in j\u00fcngster Zeit die Fragen von Digitalisierung, die Corona-Pandemie und Energiekrise. Die Kreuzburg mit Schule und FBW langfristig gut und sicher aufzustellen, das hat Bickmann in den letzten Berufsjahren intensiv besch\u00e4ftigt. Mit der Errichtung der \u201aFranziskus-Stiftung Kreuzburg\u2018 als Gesellschafter des Gymnasiums und der \u00dcbernahme des Bildungswerks durch die Stiftung \u201ehat die Kreuzburg in den letzten Jahren eine langfristig tragf\u00e4hige Struktur aufgebaut. Als franziskanisch-kirchliche Einrichtung ist es dringend notwendig im Bereich von Jugendlichen und Familien pr\u00e4sent zu sein. Die Kreuzburg leistet hier einen unendlich wertvollen Beitrag\u201c, so Bickmann. Neben seinen hauptberuflichen T\u00e4tigkeiten hat sich Bickmann seit 2013 als Diakon des Bistums Fulda u.a. in der Schulgemeinde der Kreuzburg und in der Pfarrgemeinde Gro\u00dfkrotzenburg engagiert. Wie Bernward Bickmann es sich gew\u00fcnscht hatte, wurde er von der Bigband der Schule unter der Leitung von Ulrike Hoffmann mit dem Sound von Glenn Miller verabschiedet. Er wird nun einen neuen Weg einschlagen und dabei von vielen guten W\u00fcnschen begleitet. Gesch\u00e4ftsf\u00fchrerin Birgit Rupp \u00fcberreichte ihm noch eine Stola, auf der sich viele helfende H\u00e4nde aus der Verwaltung der Kreuzburg verewigt haben, und die er vielleicht in seiner neuen Heimat Aachen als Diakon in Erinnerung an seine Jahre in Gro\u00dfkrotzenburg tragen wird.","protected":false},"author":3,"featured_media":37444,"comment_status":"closed","ping_status":"closed","sticky":false,"template":"","format":"standard","meta":{"ngg_post_thumbnail":0,"footnotes":""},"categories":[1],"tags":[],"class_list":["post-37425","post","type-post","status-publish","format-standard","has-post-thumbnail","hentry","category-allgemein"],"publishpress_future_action":{"enabled":false,"date":"2026-05-03 09:57:05","action":"change-status","newStatus":"draft","terms":[],"taxonomy":"category","extraData":[]},"publishpress_future_workflow_manual_trigger":{"enabledWorkflows":[]},"_links":{"self":[{"href":"https:\/\/franziskanergymnasium-kreuzburg.de\/cms\/wp-json\/wp\/v2\/posts\/37425","targetHints":{"allow":["GET"]}}],"collection":[{"href":"https:\/\/franziskanergymnasium-kreuzburg.de\/cms\/wp-json\/wp\/v2\/posts"}],"about":[{"href":"https:\/\/franziskanergymnasium-kreuzburg.de\/cms\/wp-json\/wp\/v2\/types\/post"}],"author":[{"embeddable":true,"href":"https:\/\/franziskanergymnasium-kreuzburg.de\/cms\/wp-json\/wp\/v2\/users\/3"}],"replies":[{"embeddable":true,"href":"https:\/\/franziskanergymnasium-kreuzburg.de\/cms\/wp-json\/wp\/v2\/comments?post=37425"}],"version-history":[{"count":11,"href":"https:\/\/franziskanergymnasium-kreuzburg.de\/cms\/wp-json\/wp\/v2\/posts\/37425\/revisions"}],"predecessor-version":[{"id":37453,"href":"https:\/\/franziskanergymnasium-kreuzburg.de\/cms\/wp-json\/wp\/v2\/posts\/37425\/revisions\/37453"}],"wp:featuredmedia":[{"embeddable":true,"href":"https:\/\/franziskanergymnasium-kreuzburg.de\/cms\/wp-json\/wp\/v2\/media\/37444"}],"wp:attachment":[{"href":"https:\/\/franziskanergymnasium-kreuzburg.de\/cms\/wp-json\/wp\/v2\/media?parent=37425"}],"wp:term":[{"taxonomy":"category","embeddable":true,"href":"https:\/\/franziskanergymnasium-kreuzburg.de\/cms\/wp-json\/wp\/v2\/categories?post=37425"},{"taxonomy":"post_tag","embeddable":true,"href":"https:\/\/franziskanergymnasium-kreuzburg.de\/cms\/wp-json\/wp\/v2\/tags?post=37425"}],"curies":[{"name":"wp","href":"https:\/\/api.w.org\/{rel}","templated":true}]}}