{"id":37530,"date":"2023-08-06T13:03:01","date_gmt":"2023-08-06T11:03:01","guid":{"rendered":"https:\/\/franziskanergymnasium-kreuzburg.de\/cms\/?p=37530"},"modified":"2023-08-06T13:03:01","modified_gmt":"2023-08-06T11:03:01","slug":"gruesse-aus-brasilien-von-der-ersten-gruppenreise-nach-bahia","status":"publish","type":"post","link":"https:\/\/franziskanergymnasium-kreuzburg.de\/cms\/gruesse-aus-brasilien-von-der-ersten-gruppenreise-nach-bahia\/","title":{"rendered":"Gr\u00fc\u00dfe aus Brasilien von der ersten Gruppenreise nach Bahia"},"content":{"rendered":"Nach 2 Wochen Ferien in den brasilianischen Gastfamilien mit Urlauben am Meer und Ausfl\u00fcgen, z.B. nach Rio de Janeiro, schickt die 11-k\u00f6pfige Kreuzburg-Reisegruppe mitsamt ihrer Begleitlehrerin Karin Bachmann herzliche Gr\u00fc\u00dfe nach Deutschland.<br><br><a attid=\"37532\"  href=\"https:\/\/franziskanergymnasium-kreuzburg.de\/cms\/wp-content\/uploads\/2023\/08\/Meeresschildkroetenprojekt.jpg\" rel=\"lightbox[37530]\"><img loading=\"lazy\" decoding=\"async\" src=\"https:\/\/franziskanergymnasium-kreuzburg.de\/cms\/wp-content\/uploads\/2023\/08\/Meeresschildkroetenprojekt-300x225.jpg\" alt=\"\" width=\"300\" height=\"225\" class=\"aligncenter size-medium wp-image-37532\" srcset=\"https:\/\/franziskanergymnasium-kreuzburg.de\/cms\/wp-content\/uploads\/2023\/08\/Meeresschildkroetenprojekt-300x225.jpg 300w, https:\/\/franziskanergymnasium-kreuzburg.de\/cms\/wp-content\/uploads\/2023\/08\/Meeresschildkroetenprojekt-1024x768.jpg 1024w, https:\/\/franziskanergymnasium-kreuzburg.de\/cms\/wp-content\/uploads\/2023\/08\/Meeresschildkroetenprojekt-768x576.jpg 768w, https:\/\/franziskanergymnasium-kreuzburg.de\/cms\/wp-content\/uploads\/2023\/08\/Meeresschildkroetenprojekt-440x330.jpg 440w, https:\/\/franziskanergymnasium-kreuzburg.de\/cms\/wp-content\/uploads\/2023\/08\/Meeresschildkroetenprojekt.jpg 1200w\" sizes=\"auto, (max-width: 300px) 100vw, 300px\" \/><\/a>\r\n<br>\r\n\r\n<a attid=\"37535\"  href=\"https:\/\/franziskanergymnasium-kreuzburg.de\/cms\/wp-content\/uploads\/2023\/08\/Trommeln-in-Salvador.jpg\" rel=\"lightbox[37530]\"><img loading=\"lazy\" decoding=\"async\" src=\"https:\/\/franziskanergymnasium-kreuzburg.de\/cms\/wp-content\/uploads\/2023\/08\/Trommeln-in-Salvador-300x225.jpg\" alt=\"\" width=\"300\" height=\"225\" class=\"alignright size-medium wp-image-37535\" srcset=\"https:\/\/franziskanergymnasium-kreuzburg.de\/cms\/wp-content\/uploads\/2023\/08\/Trommeln-in-Salvador-300x225.jpg 300w, https:\/\/franziskanergymnasium-kreuzburg.de\/cms\/wp-content\/uploads\/2023\/08\/Trommeln-in-Salvador-1024x768.jpg 1024w, https:\/\/franziskanergymnasium-kreuzburg.de\/cms\/wp-content\/uploads\/2023\/08\/Trommeln-in-Salvador-768x576.jpg 768w, https:\/\/franziskanergymnasium-kreuzburg.de\/cms\/wp-content\/uploads\/2023\/08\/Trommeln-in-Salvador.jpg 1200w\" sizes=\"auto, (max-width: 300px) 100vw, 300px\" \/><\/a> In der 3. Woche ihres abwechslungsreichen Brasilienaufenthalts, in der die brasilianischen Winterferien zu Ende gingen und die Partnersch\u00fcler:innen wieder in die Schule mussten, flog die deutsche Gruppe f\u00fcr 5 Tage in den Bundesstaat Bahia. Sie entdeckte gemeinsam mit ihrem ortskundigen und kenntnisreichen Reisef\u00fchrer Luan die als Unesco-Weltkulturerbe ausgezeichnete sch\u00f6ne Altstadt Salvadors mit ihren beeindruckenden Sehensw\u00fcrdigkeiten und erlebte (nicht nur) \u00fcber leckere Speisen die afrikanisch gepr\u00e4gte Kultur Bahias, u.a. durch einen auf dem ber\u00fchmten Largo do Pelourinho stattgefundenen kurzen \u201eTrommelkurs\u201c sowie Capoeira-Darbietungen. In dem von Salvador knapp 55 km entfernten idyllischen Strandort Praia do Forte verlebten sie sehr sch\u00f6ne entspannte Tage, an dem das wunderbare Hotel mit paradiesischem Garten und Pool ma\u00dfgeblichen Anteil hatte.\r\n<br><br>\r\n<a attid=\"37538\"  href=\"https:\/\/franziskanergymnasium-kreuzburg.de\/cms\/wp-content\/uploads\/2023\/08\/Hotel-in-Praia-do-Forte.jpg\" rel=\"lightbox[37530]\"><img loading=\"lazy\" decoding=\"async\" src=\"https:\/\/franziskanergymnasium-kreuzburg.de\/cms\/wp-content\/uploads\/2023\/08\/Hotel-in-Praia-do-Forte-300x225.jpg\" alt=\"\" width=\"300\" height=\"225\" class=\"alignleft size-medium wp-image-37538\" srcset=\"https:\/\/franziskanergymnasium-kreuzburg.de\/cms\/wp-content\/uploads\/2023\/08\/Hotel-in-Praia-do-Forte-300x225.jpg 300w, https:\/\/franziskanergymnasium-kreuzburg.de\/cms\/wp-content\/uploads\/2023\/08\/Hotel-in-Praia-do-Forte-1024x768.jpg 1024w, https:\/\/franziskanergymnasium-kreuzburg.de\/cms\/wp-content\/uploads\/2023\/08\/Hotel-in-Praia-do-Forte-768x576.jpg 768w, https:\/\/franziskanergymnasium-kreuzburg.de\/cms\/wp-content\/uploads\/2023\/08\/Hotel-in-Praia-do-Forte.jpg 1200w\" sizes=\"auto, (max-width: 300px) 100vw, 300px\" \/><\/a><a attid=\"37544\"  href=\"https:\/\/franziskanergymnasium-kreuzburg.de\/cms\/wp-content\/uploads\/2023\/08\/Garten-Unterkunft.jpg\" rel=\"lightbox[37530]\"><img loading=\"lazy\" decoding=\"async\" src=\"https:\/\/franziskanergymnasium-kreuzburg.de\/cms\/wp-content\/uploads\/2023\/08\/Garten-Unterkunft-300x142.jpg\" alt=\"\" width=\"300\" height=\"142\" class=\"alignright size-medium wp-image-37544\" srcset=\"https:\/\/franziskanergymnasium-kreuzburg.de\/cms\/wp-content\/uploads\/2023\/08\/Garten-Unterkunft-300x142.jpg 300w, https:\/\/franziskanergymnasium-kreuzburg.de\/cms\/wp-content\/uploads\/2023\/08\/Garten-Unterkunft-1024x485.jpg 1024w, https:\/\/franziskanergymnasium-kreuzburg.de\/cms\/wp-content\/uploads\/2023\/08\/Garten-Unterkunft-768x364.jpg 768w, https:\/\/franziskanergymnasium-kreuzburg.de\/cms\/wp-content\/uploads\/2023\/08\/Garten-Unterkunft.jpg 1200w\" sizes=\"auto, (max-width: 300px) 100vw, 300px\" \/><\/a><br><br> <br><br><br><br><br><br><br><br>Ausfl\u00fcge in das weltbekannte Meeresschildkr\u00f6tenprojekt \u201eTamar\u201c und zum Castelo Garcia d`Avila, dem Fort, dem der Ort Praia do Forte seinen Namen verdankt, boten Interessantes und so noch nicht Gekanntes \u2013 und der Besuch von Frau Weiser, die die Sch\u00fclerinnen und Sch\u00fcler schon auf dem Flug von Frankfurt nach Sao Paulo begleitet  hatte, wurde von der Gruppe ebenfalls an 2 Tagen freudig begr\u00fc\u00dft. Am Wochenende ging es zur\u00fcck in die Gastfamilien in Sao Paulo. In der 4. Woche ihrer Reise begibt sich die Gruppe auf \u201eSafari\u201c in die wundersch\u00f6ne Flora und Fauna des Pantanals im Bundesstaat Mato Grosso do Sul \u2013 wir werden berichten.<br><br>\r\n<a attid=\"37540\"  href=\"https:\/\/franziskanergymnasium-kreuzburg.de\/cms\/wp-content\/uploads\/2023\/08\/Kirche-Sao-Francisco-in-Salvador.jpg\" rel=\"lightbox[37530]\"><img loading=\"lazy\" decoding=\"async\" src=\"https:\/\/franziskanergymnasium-kreuzburg.de\/cms\/wp-content\/uploads\/2023\/08\/Kirche-Sao-Francisco-in-Salvador-300x225.jpg\" alt=\"\" width=\"300\" height=\"225\" class=\"alignleft size-medium wp-image-37540\" srcset=\"https:\/\/franziskanergymnasium-kreuzburg.de\/cms\/wp-content\/uploads\/2023\/08\/Kirche-Sao-Francisco-in-Salvador-300x225.jpg 300w, https:\/\/franziskanergymnasium-kreuzburg.de\/cms\/wp-content\/uploads\/2023\/08\/Kirche-Sao-Francisco-in-Salvador-1024x768.jpg 1024w, https:\/\/franziskanergymnasium-kreuzburg.de\/cms\/wp-content\/uploads\/2023\/08\/Kirche-Sao-Francisco-in-Salvador-768x576.jpg 768w, https:\/\/franziskanergymnasium-kreuzburg.de\/cms\/wp-content\/uploads\/2023\/08\/Kirche-Sao-Francisco-in-Salvador.jpg 1200w\" sizes=\"auto, (max-width: 300px) 100vw, 300px\" \/><\/a>\r\n\r\n<a attid=\"37541\"  href=\"https:\/\/franziskanergymnasium-kreuzburg.de\/cms\/wp-content\/uploads\/2023\/08\/KircheNossoSenhordeBonfirm.jpg\" rel=\"lightbox[37530]\"><img loading=\"lazy\" decoding=\"async\" src=\"https:\/\/franziskanergymnasium-kreuzburg.de\/cms\/wp-content\/uploads\/2023\/08\/KircheNossoSenhordeBonfirm-240x300.jpg\" alt=\"\" width=\"240\" height=\"300\" class=\"alignright size-medium wp-image-37541\" srcset=\"https:\/\/franziskanergymnasium-kreuzburg.de\/cms\/wp-content\/uploads\/2023\/08\/KircheNossoSenhordeBonfirm-240x300.jpg 240w, https:\/\/franziskanergymnasium-kreuzburg.de\/cms\/wp-content\/uploads\/2023\/08\/KircheNossoSenhordeBonfirm-819x1024.jpg 819w, https:\/\/franziskanergymnasium-kreuzburg.de\/cms\/wp-content\/uploads\/2023\/08\/KircheNossoSenhordeBonfirm-768x960.jpg 768w, https:\/\/franziskanergymnasium-kreuzburg.de\/cms\/wp-content\/uploads\/2023\/08\/KircheNossoSenhordeBonfirm.jpg 900w\" sizes=\"auto, (max-width: 240px) 100vw, 240px\" \/><\/a>\r\n","protected":false},"excerpt":{"rendered":"Nach 2 Wochen Ferien in den brasilianischen Gastfamilien mit Urlauben am Meer und Ausfl\u00fcgen, z.B. nach Rio de Janeiro, schickt die 11-k\u00f6pfige Kreuzburg-Reisegruppe mitsamt ihrer Begleitlehrerin Karin Bachmann herzliche Gr\u00fc\u00dfe nach Deutschland. In der 3. Woche ihres abwechslungsreichen Brasilienaufenthalts, in der die brasilianischen Winterferien zu Ende gingen und die Partnersch\u00fcler:innen wieder in die Schule mussten, flog die deutsche Gruppe f\u00fcr 5 Tage in den Bundesstaat Bahia. Sie entdeckte gemeinsam mit ihrem ortskundigen und kenntnisreichen Reisef\u00fchrer Luan die als Unesco-Weltkulturerbe ausgezeichnete sch\u00f6ne Altstadt Salvadors mit ihren beeindruckenden Sehensw\u00fcrdigkeiten und erlebte (nicht nur) \u00fcber leckere Speisen die afrikanisch gepr\u00e4gte Kultur Bahias, u.a. durch einen auf dem ber\u00fchmten Largo do Pelourinho stattgefundenen kurzen \u201eTrommelkurs\u201c sowie Capoeira-Darbietungen. In dem von Salvador knapp 55 km entfernten idyllischen Strandort Praia do Forte verlebten sie sehr sch\u00f6ne entspannte Tage, an dem das wunderbare Hotel mit paradiesischem Garten und Pool ma\u00dfgeblichen Anteil hatte. Ausfl\u00fcge in das weltbekannte Meeresschildkr\u00f6tenprojekt \u201eTamar\u201c und zum Castelo Garcia d`Avila, dem Fort, dem der Ort Praia do Forte seinen Namen verdankt, boten Interessantes und so noch nicht Gekanntes \u2013 und der Besuch von Frau Weiser, die die Sch\u00fclerinnen und Sch\u00fcler schon auf dem Flug von Frankfurt nach Sao Paulo begleitet hatte, wurde von der Gruppe ebenfalls an 2 Tagen freudig begr\u00fc\u00dft. Am Wochenende ging es zur\u00fcck in die Gastfamilien in Sao Paulo. In der 4. Woche ihrer Reise begibt sich die Gruppe auf \u201eSafari\u201c in die wundersch\u00f6ne Flora und Fauna des Pantanals im Bundesstaat Mato Grosso do Sul \u2013 wir werden berichten.","protected":false},"author":11,"featured_media":37532,"comment_status":"closed","ping_status":"closed","sticky":false,"template":"","format":"standard","meta":{"ngg_post_thumbnail":0,"footnotes":""},"categories":[1],"tags":[],"class_list":["post-37530","post","type-post","status-publish","format-standard","has-post-thumbnail","hentry","category-allgemein"],"publishpress_future_action":{"enabled":false,"date":"2026-05-05 15:45:56","action":"change-status","newStatus":"draft","terms":[],"taxonomy":"category","extraData":[]},"publishpress_future_workflow_manual_trigger":{"enabledWorkflows":[]},"_links":{"self":[{"href":"https:\/\/franziskanergymnasium-kreuzburg.de\/cms\/wp-json\/wp\/v2\/posts\/37530","targetHints":{"allow":["GET"]}}],"collection":[{"href":"https:\/\/franziskanergymnasium-kreuzburg.de\/cms\/wp-json\/wp\/v2\/posts"}],"about":[{"href":"https:\/\/franziskanergymnasium-kreuzburg.de\/cms\/wp-json\/wp\/v2\/types\/post"}],"author":[{"embeddable":true,"href":"https:\/\/franziskanergymnasium-kreuzburg.de\/cms\/wp-json\/wp\/v2\/users\/11"}],"replies":[{"embeddable":true,"href":"https:\/\/franziskanergymnasium-kreuzburg.de\/cms\/wp-json\/wp\/v2\/comments?post=37530"}],"version-history":[{"count":16,"href":"https:\/\/franziskanergymnasium-kreuzburg.de\/cms\/wp-json\/wp\/v2\/posts\/37530\/revisions"}],"predecessor-version":[{"id":37554,"href":"https:\/\/franziskanergymnasium-kreuzburg.de\/cms\/wp-json\/wp\/v2\/posts\/37530\/revisions\/37554"}],"wp:featuredmedia":[{"embeddable":true,"href":"https:\/\/franziskanergymnasium-kreuzburg.de\/cms\/wp-json\/wp\/v2\/media\/37532"}],"wp:attachment":[{"href":"https:\/\/franziskanergymnasium-kreuzburg.de\/cms\/wp-json\/wp\/v2\/media?parent=37530"}],"wp:term":[{"taxonomy":"category","embeddable":true,"href":"https:\/\/franziskanergymnasium-kreuzburg.de\/cms\/wp-json\/wp\/v2\/categories?post=37530"},{"taxonomy":"post_tag","embeddable":true,"href":"https:\/\/franziskanergymnasium-kreuzburg.de\/cms\/wp-json\/wp\/v2\/tags?post=37530"}],"curies":[{"name":"wp","href":"https:\/\/api.w.org\/{rel}","templated":true}]}}