{"id":37582,"date":"2023-08-29T14:49:23","date_gmt":"2023-08-29T12:49:23","guid":{"rendered":"https:\/\/franziskanergymnasium-kreuzburg.de\/cms\/?p=37582"},"modified":"2023-08-29T14:49:23","modified_gmt":"2023-08-29T12:49:23","slug":"pflanzung-eines-amberbaums","status":"publish","type":"post","link":"https:\/\/franziskanergymnasium-kreuzburg.de\/cms\/pflanzung-eines-amberbaums\/","title":{"rendered":"Pflanzung eines Amberbaums"},"content":{"rendered":"<a attid=\"37587\"  href=\"https:\/\/franziskanergymnasium-kreuzburg.de\/cms\/wp-content\/uploads\/2023\/08\/AmberbaumPflanzung23-scaled.jpg\" rel=\"lightbox[37582]\"><img loading=\"lazy\" decoding=\"async\" src=\"https:\/\/franziskanergymnasium-kreuzburg.de\/cms\/wp-content\/uploads\/2023\/08\/AmberbaumPflanzung23-300x225.jpg\" alt=\"\" width=\"300\" height=\"225\" class=\"alignleft size-medium wp-image-37587\" srcset=\"https:\/\/franziskanergymnasium-kreuzburg.de\/cms\/wp-content\/uploads\/2023\/08\/AmberbaumPflanzung23-300x225.jpg 300w, https:\/\/franziskanergymnasium-kreuzburg.de\/cms\/wp-content\/uploads\/2023\/08\/AmberbaumPflanzung23-1024x768.jpg 1024w, https:\/\/franziskanergymnasium-kreuzburg.de\/cms\/wp-content\/uploads\/2023\/08\/AmberbaumPflanzung23-768x576.jpg 768w\" sizes=\"auto, (max-width: 300px) 100vw, 300px\" \/><\/a><br>\r\n<br>\r\n\r\nDas Schulfest zum 55-j\u00e4hrigen Jubil\u00e4um der Kreuzburg wurde von einem Amberbaum begleitet, der zu allen Veranstaltungen am Aufgang zur B\u00fchne stand. Im Anschluss an das Festwochenende wurde er von der Firma Urgese GbR Garten &#038; Landschaftsbau, Hanau, kostenlos auf dem Schulgel\u00e4nde eingepflanzt wurde. Diese Laubbaumart gilt als sehr widerstandsf\u00e4hig und soll auf dem Platz zwischen Schule, Kloster und Bildungswerk weiterwachsen und als Erinnerung an das Schulfest mit dem Motto \u201eZusammenWachsen\u201c stehen. <p>\r\n<p><br>\r\n<br>\r\n\r\n<a attid=\"37588\"  href=\"https:\/\/franziskanergymnasium-kreuzburg.de\/cms\/wp-content\/uploads\/2023\/08\/AmberbaumSchulfest23-scaled.jpg\" rel=\"lightbox[37582]\"><img loading=\"lazy\" decoding=\"async\" src=\"https:\/\/franziskanergymnasium-kreuzburg.de\/cms\/wp-content\/uploads\/2023\/08\/AmberbaumSchulfest23-300x225.jpg\" alt=\"\" width=\"300\" height=\"225\" class=\"alignright size-medium wp-image-37588\" srcset=\"https:\/\/franziskanergymnasium-kreuzburg.de\/cms\/wp-content\/uploads\/2023\/08\/AmberbaumSchulfest23-300x225.jpg 300w, https:\/\/franziskanergymnasium-kreuzburg.de\/cms\/wp-content\/uploads\/2023\/08\/AmberbaumSchulfest23-1024x768.jpg 1024w, https:\/\/franziskanergymnasium-kreuzburg.de\/cms\/wp-content\/uploads\/2023\/08\/AmberbaumSchulfest23-768x576.jpg 768w, https:\/\/franziskanergymnasium-kreuzburg.de\/cms\/wp-content\/uploads\/2023\/08\/AmberbaumSchulfest23-scaled-440x330.jpg 440w\" sizes=\"auto, (max-width: 300px) 100vw, 300px\" \/><\/a>","protected":false},"excerpt":{"rendered":"Das Schulfest zum 55-j\u00e4hrigen Jubil\u00e4um der Kreuzburg wurde von einem Amberbaum begleitet, der zu allen Veranstaltungen am Aufgang zur B\u00fchne stand. Im Anschluss an das Festwochenende wurde er von der Firma Urgese GbR Garten &#038; Landschaftsbau, Hanau, kostenlos auf dem Schulgel\u00e4nde eingepflanzt wurde. Diese Laubbaumart gilt als sehr widerstandsf\u00e4hig und soll auf dem Platz zwischen Schule, Kloster und Bildungswerk weiterwachsen und als Erinnerung an das Schulfest mit dem Motto \u201eZusammenWachsen\u201c stehen.","protected":false},"author":11,"featured_media":37588,"comment_status":"closed","ping_status":"closed","sticky":false,"template":"","format":"standard","meta":{"ngg_post_thumbnail":0,"footnotes":""},"categories":[1],"tags":[],"class_list":["post-37582","post","type-post","status-publish","format-standard","has-post-thumbnail","hentry","category-allgemein"],"publishpress_future_action":{"enabled":false,"date":"2026-05-07 11:13:38","action":"change-status","newStatus":"draft","terms":[],"taxonomy":"category","extraData":[]},"publishpress_future_workflow_manual_trigger":{"enabledWorkflows":[]},"_links":{"self":[{"href":"https:\/\/franziskanergymnasium-kreuzburg.de\/cms\/wp-json\/wp\/v2\/posts\/37582","targetHints":{"allow":["GET"]}}],"collection":[{"href":"https:\/\/franziskanergymnasium-kreuzburg.de\/cms\/wp-json\/wp\/v2\/posts"}],"about":[{"href":"https:\/\/franziskanergymnasium-kreuzburg.de\/cms\/wp-json\/wp\/v2\/types\/post"}],"author":[{"embeddable":true,"href":"https:\/\/franziskanergymnasium-kreuzburg.de\/cms\/wp-json\/wp\/v2\/users\/11"}],"replies":[{"embeddable":true,"href":"https:\/\/franziskanergymnasium-kreuzburg.de\/cms\/wp-json\/wp\/v2\/comments?post=37582"}],"version-history":[{"count":10,"href":"https:\/\/franziskanergymnasium-kreuzburg.de\/cms\/wp-json\/wp\/v2\/posts\/37582\/revisions"}],"predecessor-version":[{"id":37597,"href":"https:\/\/franziskanergymnasium-kreuzburg.de\/cms\/wp-json\/wp\/v2\/posts\/37582\/revisions\/37597"}],"wp:featuredmedia":[{"embeddable":true,"href":"https:\/\/franziskanergymnasium-kreuzburg.de\/cms\/wp-json\/wp\/v2\/media\/37588"}],"wp:attachment":[{"href":"https:\/\/franziskanergymnasium-kreuzburg.de\/cms\/wp-json\/wp\/v2\/media?parent=37582"}],"wp:term":[{"taxonomy":"category","embeddable":true,"href":"https:\/\/franziskanergymnasium-kreuzburg.de\/cms\/wp-json\/wp\/v2\/categories?post=37582"},{"taxonomy":"post_tag","embeddable":true,"href":"https:\/\/franziskanergymnasium-kreuzburg.de\/cms\/wp-json\/wp\/v2\/tags?post=37582"}],"curies":[{"name":"wp","href":"https:\/\/api.w.org\/{rel}","templated":true}]}}