{"id":37658,"date":"2023-09-04T17:45:03","date_gmt":"2023-09-04T15:45:03","guid":{"rendered":"https:\/\/franziskanergymnasium-kreuzburg.de\/cms\/?p=37658"},"modified":"2023-09-05T08:42:09","modified_gmt":"2023-09-05T06:42:09","slug":"zum-start-des-schuljahres-konnten-wir-zehn-lehrerinnen-und-lehrer-neu-in-unserem-kollegium-begruessen","status":"publish","type":"post","link":"https:\/\/franziskanergymnasium-kreuzburg.de\/cms\/zum-start-des-schuljahres-konnten-wir-zehn-lehrerinnen-und-lehrer-neu-in-unserem-kollegium-begruessen\/","title":{"rendered":"Neuzug\u00e4nge im Lehrerkollegium"},"content":{"rendered":"\u201eZum Start des Schuljahres konnten wir zw\u00f6lf Lehrerinnen und Lehrer neu in unserem Kollegium begr\u00fc\u00dfen:<br><br><a attid=\"37661\"  href=\"https:\/\/franziskanergymnasium-kreuzburg.de\/cms\/wp-content\/uploads\/2023\/09\/NeueKollegen23.jpg\" rel=\"lightbox[37658]\"><img loading=\"lazy\" decoding=\"async\" src=\"https:\/\/franziskanergymnasium-kreuzburg.de\/cms\/wp-content\/uploads\/2023\/09\/NeueKollegen23-300x221.jpg\" alt=\"\" width=\"300\" height=\"221\" class=\"aligncenter size-medium wp-image-37661\" srcset=\"https:\/\/franziskanergymnasium-kreuzburg.de\/cms\/wp-content\/uploads\/2023\/09\/NeueKollegen23-300x221.jpg 300w, https:\/\/franziskanergymnasium-kreuzburg.de\/cms\/wp-content\/uploads\/2023\/09\/NeueKollegen23-1024x753.jpg 1024w, https:\/\/franziskanergymnasium-kreuzburg.de\/cms\/wp-content\/uploads\/2023\/09\/NeueKollegen23-768x564.jpg 768w, https:\/\/franziskanergymnasium-kreuzburg.de\/cms\/wp-content\/uploads\/2023\/09\/NeueKollegen23.jpg 1200w\" sizes=\"auto, (max-width: 300px) 100vw, 300px\" \/><\/a>\r\n\r\n<br><br>\r\n\r\nFr. Kateryna Byeda: Mathematik.<br>\r\n\r\nFr. Hanna Eichenhofer: Kunst.<br>\r\n\r\nFr. Bernadette Fisher: PoWi und Geschichte.<br>\r\n\r\nHr. Hugue Fodjo Kammognie: Mathematik und Physik.<br>\r\n\r\nFr. Alina Kraus: Deutsch und Geschichte.<br>\r\n\r\nHr. Christoph Maldener: Musik.<br>\r\n\r\nFr. Anika M\u00f6ller: Biologie und Kath. Religion.<br>\r\nHr. Deniz Narin: Mathematik.<br>\r\n\r\nFr. Chantal Rosenschon: Deutsch und Ev. Religion.<br>\r\n\r\nFr. Anne Rung: Geschichte, Kath. Religion und ersatzweise Geographie.<br>\r\n\r\nHr. Wolfgang Runkel: Musik und Ev. Religion.<br>\r\n\r\nFr. Franziska Tr\u00e4ger: Englisch und Geographie.<br>\r\n\r\nSowie:<br>\r\nHr. Niklas Gellrich: Referendar Englisch und Geschichte.<br>\r\nHr. Gero Heimroth: Organisation und \u00d6ffentlichkeitsarbeit.<br>\r\nFr. Angelika Schreyer: Sekretariat.<br><br>\r\n\r\nBereits in der letzten Woche der Sommerferien kamen die neuen Kolleginnen und Kollegen gemeinsam mit den aktuellen Lehramtsanw\u00e4rter:innen zu einem Einf\u00fchrungsseminar zusammen. Die beiden Tage boten in lockerer Form Gelegenheit zum Kennenlernen der erweiterten Schulleitung und nat\u00fcrlich auch untereinander. Auch wurde \u00fcber besondere schulische Gegebenheiten sowie organisatorische Abl\u00e4ufe informiert.<br><br>\r\n\r\nBruder Michael f\u00fchrte am ersten der beiden Seminartage in die franziskanische Spiritualit\u00e4t und P\u00e4dagogik im Kontext der Schule ein.<br><br>\r\n\r\nDie Gruppe \u00fcbernachtete w\u00e4hrend des Seminars im Kloster und bekam dadurch einen Einblick in das Leben der Franziskanerbr\u00fcder. Die gemeinsamen Abendessen mit Gesch\u00e4ftsf\u00fchrung und erweiterter Schulleitung rundete die \u201eEinf\u00fchrungswoche\u201c auf gesellige Art ab.\u201c\r\n","protected":false},"excerpt":{"rendered":"\u201eZum Start des Schuljahres konnten wir zw\u00f6lf Lehrerinnen und Lehrer neu in unserem Kollegium begr\u00fc\u00dfen: Fr. Kateryna Byeda: Mathematik. Fr. Hanna Eichenhofer: Kunst. Fr. Bernadette Fisher: PoWi und Geschichte. Hr. Hugue Fodjo Kammognie: Mathematik und Physik. Fr. Alina Kraus: Deutsch und Geschichte. Hr. Christoph Maldener: Musik. Fr. Anika M\u00f6ller: Biologie und Kath. Religion. Hr. Deniz Narin: Mathematik. Fr. Chantal Rosenschon: Deutsch und Ev. Religion. Fr. Anne Rung: Geschichte, Kath. Religion und ersatzweise Geographie. Hr. Wolfgang Runkel: Musik und Ev. Religion. Fr. Franziska Tr\u00e4ger: Englisch und Geographie. Sowie: Hr. Niklas Gellrich: Referendar Englisch und Geschichte. Hr. Gero Heimroth: Organisation und \u00d6ffentlichkeitsarbeit. Fr. Angelika Schreyer: Sekretariat. Bereits in der letzten Woche der Sommerferien kamen die neuen Kolleginnen und Kollegen gemeinsam mit den aktuellen Lehramtsanw\u00e4rter:innen zu einem Einf\u00fchrungsseminar zusammen. Die beiden Tage boten in lockerer Form Gelegenheit zum Kennenlernen der erweiterten Schulleitung und nat\u00fcrlich auch untereinander. Auch wurde \u00fcber besondere schulische Gegebenheiten sowie organisatorische Abl\u00e4ufe informiert. Bruder Michael f\u00fchrte am ersten der beiden Seminartage in die franziskanische Spiritualit\u00e4t und P\u00e4dagogik im Kontext der Schule ein. Die Gruppe \u00fcbernachtete w\u00e4hrend des Seminars im Kloster und bekam dadurch einen Einblick in das Leben der Franziskanerbr\u00fcder. Die gemeinsamen Abendessen mit Gesch\u00e4ftsf\u00fchrung und erweiterter Schulleitung rundete die \u201eEinf\u00fchrungswoche\u201c auf gesellige Art ab.\u201c","protected":false},"author":11,"featured_media":37661,"comment_status":"closed","ping_status":"closed","sticky":false,"template":"","format":"standard","meta":{"ngg_post_thumbnail":0,"footnotes":""},"categories":[1],"tags":[],"class_list":["post-37658","post","type-post","status-publish","format-standard","has-post-thumbnail","hentry","category-allgemein"],"publishpress_future_action":{"enabled":false,"date":"2026-05-06 18:19:14","action":"change-status","newStatus":"draft","terms":[],"taxonomy":"category","extraData":[]},"publishpress_future_workflow_manual_trigger":{"enabledWorkflows":[]},"_links":{"self":[{"href":"https:\/\/franziskanergymnasium-kreuzburg.de\/cms\/wp-json\/wp\/v2\/posts\/37658","targetHints":{"allow":["GET"]}}],"collection":[{"href":"https:\/\/franziskanergymnasium-kreuzburg.de\/cms\/wp-json\/wp\/v2\/posts"}],"about":[{"href":"https:\/\/franziskanergymnasium-kreuzburg.de\/cms\/wp-json\/wp\/v2\/types\/post"}],"author":[{"embeddable":true,"href":"https:\/\/franziskanergymnasium-kreuzburg.de\/cms\/wp-json\/wp\/v2\/users\/11"}],"replies":[{"embeddable":true,"href":"https:\/\/franziskanergymnasium-kreuzburg.de\/cms\/wp-json\/wp\/v2\/comments?post=37658"}],"version-history":[{"count":5,"href":"https:\/\/franziskanergymnasium-kreuzburg.de\/cms\/wp-json\/wp\/v2\/posts\/37658\/revisions"}],"predecessor-version":[{"id":37669,"href":"https:\/\/franziskanergymnasium-kreuzburg.de\/cms\/wp-json\/wp\/v2\/posts\/37658\/revisions\/37669"}],"wp:featuredmedia":[{"embeddable":true,"href":"https:\/\/franziskanergymnasium-kreuzburg.de\/cms\/wp-json\/wp\/v2\/media\/37661"}],"wp:attachment":[{"href":"https:\/\/franziskanergymnasium-kreuzburg.de\/cms\/wp-json\/wp\/v2\/media?parent=37658"}],"wp:term":[{"taxonomy":"category","embeddable":true,"href":"https:\/\/franziskanergymnasium-kreuzburg.de\/cms\/wp-json\/wp\/v2\/categories?post=37658"},{"taxonomy":"post_tag","embeddable":true,"href":"https:\/\/franziskanergymnasium-kreuzburg.de\/cms\/wp-json\/wp\/v2\/tags?post=37658"}],"curies":[{"name":"wp","href":"https:\/\/api.w.org\/{rel}","templated":true}]}}