{"id":37671,"date":"2023-09-05T13:16:42","date_gmt":"2023-09-05T11:16:42","guid":{"rendered":"https:\/\/franziskanergymnasium-kreuzburg.de\/cms\/?p=37671"},"modified":"2023-09-05T13:21:58","modified_gmt":"2023-09-05T11:21:58","slug":"begruessung-der-neuen-5-klaessler","status":"publish","type":"post","link":"https:\/\/franziskanergymnasium-kreuzburg.de\/cms\/begruessung-der-neuen-5-klaessler\/","title":{"rendered":"Begr\u00fc\u00dfung der neuen 5.Kl\u00e4ssler"},"content":{"rendered":"<br><br>\r\nAm Montagnachmittag, 04.09.2023, begr\u00fc\u00dfte Schulleiter Thomas Wolf am Franziskanergymnasium Kreuzburg 152 aufgeregte M\u00e4dchen und Jungen aus 47 Grundschulen, die als J\u00fcngste die Schulgemeinschaft von nun an lebhaft bereichern und komplettieren werden. Ebenso freute sich Schulseelsorger Bruder Michael nicht nur \u00fcber die \u201eNeuzug\u00e4nge\u201c, sondern auch \u00fcber den Gottesdienst mit allen Klassenfamilien, der in der Schulaula gefeiert wurde.<br><br><a attid=\"37674\"  href=\"https:\/\/franziskanergymnasium-kreuzburg.de\/cms\/wp-content\/uploads\/2023\/09\/Klassen-und-Paten.jpg\" rel=\"lightbox[37671]\"><img loading=\"lazy\" decoding=\"async\" src=\"https:\/\/franziskanergymnasium-kreuzburg.de\/cms\/wp-content\/uploads\/2023\/09\/Klassen-und-Paten-300x225.jpg\" alt=\"\" width=\"300\" height=\"225\" class=\"aligncenter size-medium wp-image-37674\" srcset=\"https:\/\/franziskanergymnasium-kreuzburg.de\/cms\/wp-content\/uploads\/2023\/09\/Klassen-und-Paten-300x225.jpg 300w, https:\/\/franziskanergymnasium-kreuzburg.de\/cms\/wp-content\/uploads\/2023\/09\/Klassen-und-Paten-1024x768.jpg 1024w, https:\/\/franziskanergymnasium-kreuzburg.de\/cms\/wp-content\/uploads\/2023\/09\/Klassen-und-Paten-768x576.jpg 768w, https:\/\/franziskanergymnasium-kreuzburg.de\/cms\/wp-content\/uploads\/2023\/09\/Klassen-und-Paten.jpg 1200w\" sizes=\"auto, (max-width: 300px) 100vw, 300px\" \/><\/a>\r\n<br><br>\r\n\r\nUnter dem Motto \u201eZusammenWachsen \u2013 Wurzeln geben, Fl\u00fcgel entfalten\u201c erwartete die neuen 5.-Kl\u00e4ssler und ihre Familien eine Begr\u00fc\u00dfungsveranstaltung, welche einen Einblick in die neue Schule und deren Gemeinschaft gegeben hat. Die Sch\u00fcler sollen die Kreuzburg als Raum ihrer Entfaltung und ihres Wachstums sehen, der ihnen dazu eine gesch\u00fctzte Atmosph\u00e4re bietet und sie dabei unterst\u00fctzt. Gleichzeitig wurden die Kinder dazu ermutigt, in der Schulgemeinschaft aktiv Wurzeln zu schlagen, um \u00fcber sich hinauswachsen zu k\u00f6nnen.<br><br><a attid=\"37676\"  href=\"https:\/\/franziskanergymnasium-kreuzburg.de\/cms\/wp-content\/uploads\/2023\/09\/Klassenbaeume.jpg\" rel=\"lightbox[37671]\"><img loading=\"lazy\" decoding=\"async\" src=\"https:\/\/franziskanergymnasium-kreuzburg.de\/cms\/wp-content\/uploads\/2023\/09\/Klassenbaeume-300x225.jpg\" alt=\"\" width=\"300\" height=\"225\" class=\"aligncenter size-medium wp-image-37676\" srcset=\"https:\/\/franziskanergymnasium-kreuzburg.de\/cms\/wp-content\/uploads\/2023\/09\/Klassenbaeume-300x225.jpg 300w, https:\/\/franziskanergymnasium-kreuzburg.de\/cms\/wp-content\/uploads\/2023\/09\/Klassenbaeume-1024x768.jpg 1024w, https:\/\/franziskanergymnasium-kreuzburg.de\/cms\/wp-content\/uploads\/2023\/09\/Klassenbaeume-768x576.jpg 768w, https:\/\/franziskanergymnasium-kreuzburg.de\/cms\/wp-content\/uploads\/2023\/09\/Klassenbaeume.jpg 1200w\" sizes=\"auto, (max-width: 300px) 100vw, 300px\" \/><\/a>\r\n<br><br>\r\nDanach kam der f\u00fcr die Kinder spannendste Moment, als sie, ausgestattet mit einem selbst gebastelten Vogel, den jeweiligen Klassenbaum schm\u00fcckten, um anschlie\u00dfend mit ihren neuen Klassenlehrerinnen und -lehrern und den Patinnen und Paten das erste Mal in ihre Klassenr\u00e4ume zu gehen. Dort k\u00f6nnten sie ihre neue Klassengemeinschaft ein wenig n\u00e4her \u201ebeschnuppern\u201c. W\u00e4hrenddessen wurden die Eltern von Schulleiter Thomas Wolf, Gesch\u00e4ftsf\u00fchrerin Birgit Rupp sowie einzelnen Gremienvertretern begr\u00fc\u00dft.<br><br><a attid=\"37678\"  href=\"https:\/\/franziskanergymnasium-kreuzburg.de\/cms\/wp-content\/uploads\/2023\/09\/Hr-Wolf.jpg\" rel=\"lightbox[37671]\"><img loading=\"lazy\" decoding=\"async\" src=\"https:\/\/franziskanergymnasium-kreuzburg.de\/cms\/wp-content\/uploads\/2023\/09\/Hr-Wolf-225x300.jpg\" alt=\"\" width=\"225\" height=\"300\" class=\"alignright size-medium wp-image-37678\" srcset=\"https:\/\/franziskanergymnasium-kreuzburg.de\/cms\/wp-content\/uploads\/2023\/09\/Hr-Wolf-225x300.jpg 225w, https:\/\/franziskanergymnasium-kreuzburg.de\/cms\/wp-content\/uploads\/2023\/09\/Hr-Wolf-768x1024.jpg 768w, https:\/\/franziskanergymnasium-kreuzburg.de\/cms\/wp-content\/uploads\/2023\/09\/Hr-Wolf.jpg 900w\" sizes=\"auto, (max-width: 225px) 100vw, 225px\" \/><\/a>\r\n<br><br>\r\nF\u00fcr die neuen F\u00fcnftkl\u00e4ssler:innen folgt bis einschlie\u00dflich 11.09.2023 eine Einf\u00fchrungswoche, in der sie sich in einem bunt zusammengew\u00fcrfelten Programm aus Spiel, Sport, Spa\u00df und Informationen intensiv mit ihrer neuen Umgebung vertraut machen und viel Zeit mit ihren Klassenlehrerinnen und \u2013lehrern und den Jungen und M\u00e4dchen in ihren neuen Lerngemeinschaften verbringen.<br><br>\r\nAn dieser Stelle geht ein gro\u00dfer Dank an die Paten, Sch\u00fclerinnen und Sch\u00fcler der Oberstufe, die sich neben den inhaltlichen Vorbereitungen auf das Abitur ehrenamtlich in hohem Ma\u00dfe und mit Begeisterung engagieren und das Ankommen der Kinder nicht nur in dieser Woche, sondern w\u00e4hrend der ersten zwei Schuljahre unterst\u00fctzen.\r\n\r\n<br><br>\r\n<div style=\"width: 960px;\" class=\"wp-video\"><video class=\"wp-video-shortcode\" id=\"video-37671-1\" width=\"960\" height=\"540\" preload=\"metadata\" controls=\"controls\"><source type=\"video\/mp4\" src=\"https:\/\/franziskanergymnasium-kreuzburg.de\/cms\/wp-content\/uploads\/2023\/09\/2023_09_04_Video-2.mp4?_=1\" \/><a href=\"https:\/\/franziskanergymnasium-kreuzburg.de\/cms\/wp-content\/uploads\/2023\/09\/2023_09_04_Video-2.mp4\">https:\/\/franziskanergymnasium-kreuzburg.de\/cms\/wp-content\/uploads\/2023\/09\/2023_09_04_Video-2.mp4<\/a><\/video><\/div>\r\n","protected":false},"excerpt":{"rendered":"Am Montagnachmittag, 04.09.2023, begr\u00fc\u00dfte Schulleiter Thomas Wolf am Franziskanergymnasium Kreuzburg 152 aufgeregte M\u00e4dchen und Jungen aus 47 Grundschulen, die als J\u00fcngste die Schulgemeinschaft von nun an lebhaft bereichern und komplettieren werden. Ebenso freute sich Schulseelsorger Bruder Michael nicht nur \u00fcber die \u201eNeuzug\u00e4nge\u201c, sondern auch \u00fcber den Gottesdienst mit allen Klassenfamilien, der in der Schulaula gefeiert wurde. Unter dem Motto \u201eZusammenWachsen \u2013 Wurzeln geben, Fl\u00fcgel entfalten\u201c erwartete die neuen 5.-Kl\u00e4ssler und ihre Familien eine Begr\u00fc\u00dfungsveranstaltung, welche einen Einblick in die neue Schule und deren Gemeinschaft gegeben hat. Die Sch\u00fcler sollen die Kreuzburg als Raum ihrer Entfaltung und ihres Wachstums sehen, der ihnen dazu eine gesch\u00fctzte Atmosph\u00e4re bietet und sie dabei unterst\u00fctzt. Gleichzeitig wurden die Kinder dazu ermutigt, in der Schulgemeinschaft aktiv Wurzeln zu schlagen, um \u00fcber sich hinauswachsen zu k\u00f6nnen. Danach kam der f\u00fcr die Kinder spannendste Moment, als sie, ausgestattet mit einem selbst gebastelten Vogel, den jeweiligen Klassenbaum schm\u00fcckten, um anschlie\u00dfend mit ihren neuen Klassenlehrerinnen und -lehrern und den Patinnen und Paten das erste Mal in ihre Klassenr\u00e4ume zu gehen. Dort k\u00f6nnten sie ihre neue Klassengemeinschaft ein wenig n\u00e4her \u201ebeschnuppern\u201c. W\u00e4hrenddessen wurden die Eltern von Schulleiter Thomas Wolf, Gesch\u00e4ftsf\u00fchrerin Birgit Rupp sowie einzelnen Gremienvertretern begr\u00fc\u00dft. F\u00fcr die neuen F\u00fcnftkl\u00e4ssler:innen folgt bis einschlie\u00dflich 11.09.2023 eine Einf\u00fchrungswoche, in der sie sich in einem bunt zusammengew\u00fcrfelten Programm aus Spiel, Sport, Spa\u00df und Informationen intensiv mit ihrer neuen Umgebung vertraut machen und viel Zeit mit ihren Klassenlehrerinnen und \u2013lehrern und den Jungen und M\u00e4dchen in ihren neuen Lerngemeinschaften verbringen. An dieser Stelle geht ein gro\u00dfer Dank an die Paten, Sch\u00fclerinnen und Sch\u00fcler der Oberstufe, die sich neben den inhaltlichen Vorbereitungen auf das Abitur ehrenamtlich in hohem Ma\u00dfe und mit Begeisterung engagieren und das Ankommen der Kinder nicht nur in dieser Woche, sondern w\u00e4hrend der ersten zwei Schuljahre unterst\u00fctzen.","protected":false},"author":11,"featured_media":37673,"comment_status":"closed","ping_status":"closed","sticky":false,"template":"","format":"standard","meta":{"ngg_post_thumbnail":0,"footnotes":""},"categories":[1],"tags":[],"class_list":["post-37671","post","type-post","status-publish","format-standard","has-post-thumbnail","hentry","category-allgemein"],"publishpress_future_action":{"enabled":false,"date":"2026-05-06 18:09:03","action":"change-status","newStatus":"draft","terms":[],"taxonomy":"category","extraData":[]},"publishpress_future_workflow_manual_trigger":{"enabledWorkflows":[]},"_links":{"self":[{"href":"https:\/\/franziskanergymnasium-kreuzburg.de\/cms\/wp-json\/wp\/v2\/posts\/37671","targetHints":{"allow":["GET"]}}],"collection":[{"href":"https:\/\/franziskanergymnasium-kreuzburg.de\/cms\/wp-json\/wp\/v2\/posts"}],"about":[{"href":"https:\/\/franziskanergymnasium-kreuzburg.de\/cms\/wp-json\/wp\/v2\/types\/post"}],"author":[{"embeddable":true,"href":"https:\/\/franziskanergymnasium-kreuzburg.de\/cms\/wp-json\/wp\/v2\/users\/11"}],"replies":[{"embeddable":true,"href":"https:\/\/franziskanergymnasium-kreuzburg.de\/cms\/wp-json\/wp\/v2\/comments?post=37671"}],"version-history":[{"count":9,"href":"https:\/\/franziskanergymnasium-kreuzburg.de\/cms\/wp-json\/wp\/v2\/posts\/37671\/revisions"}],"predecessor-version":[{"id":37685,"href":"https:\/\/franziskanergymnasium-kreuzburg.de\/cms\/wp-json\/wp\/v2\/posts\/37671\/revisions\/37685"}],"wp:featuredmedia":[{"embeddable":true,"href":"https:\/\/franziskanergymnasium-kreuzburg.de\/cms\/wp-json\/wp\/v2\/media\/37673"}],"wp:attachment":[{"href":"https:\/\/franziskanergymnasium-kreuzburg.de\/cms\/wp-json\/wp\/v2\/media?parent=37671"}],"wp:term":[{"taxonomy":"category","embeddable":true,"href":"https:\/\/franziskanergymnasium-kreuzburg.de\/cms\/wp-json\/wp\/v2\/categories?post=37671"},{"taxonomy":"post_tag","embeddable":true,"href":"https:\/\/franziskanergymnasium-kreuzburg.de\/cms\/wp-json\/wp\/v2\/tags?post=37671"}],"curies":[{"name":"wp","href":"https:\/\/api.w.org\/{rel}","templated":true}]}}