{"id":37789,"date":"2023-09-29T09:08:45","date_gmt":"2023-09-29T07:08:45","guid":{"rendered":"https:\/\/franziskanergymnasium-kreuzburg.de\/cms\/?p=37789"},"modified":"2023-09-29T09:53:08","modified_gmt":"2023-09-29T07:53:08","slug":"tag-des-sozialen-handelns-der-10e-am-20-09-2023","status":"publish","type":"post","link":"https:\/\/franziskanergymnasium-kreuzburg.de\/cms\/tag-des-sozialen-handelns-der-10e-am-20-09-2023\/","title":{"rendered":"Tag des sozialen Handelns der 10E am 20.09.2023"},"content":{"rendered":"<a attid=\"37794\"  href=\"https:\/\/franziskanergymnasium-kreuzburg.de\/cms\/wp-content\/uploads\/2023\/09\/SozialesHandeln10eSpielequer.jpg\" rel=\"lightbox[37789]\"><img loading=\"lazy\" decoding=\"async\" src=\"https:\/\/franziskanergymnasium-kreuzburg.de\/cms\/wp-content\/uploads\/2023\/09\/SozialesHandeln10eSpielequer-300x241.jpg\" alt=\"\" width=\"300\" height=\"241\" class=\"alignright size-medium wp-image-37794\" srcset=\"https:\/\/franziskanergymnasium-kreuzburg.de\/cms\/wp-content\/uploads\/2023\/09\/SozialesHandeln10eSpielequer-300x241.jpg 300w, https:\/\/franziskanergymnasium-kreuzburg.de\/cms\/wp-content\/uploads\/2023\/09\/SozialesHandeln10eSpielequer-768x618.jpg 768w, https:\/\/franziskanergymnasium-kreuzburg.de\/cms\/wp-content\/uploads\/2023\/09\/SozialesHandeln10eSpielequer.jpg 900w\" sizes=\"auto, (max-width: 300px) 100vw, 300px\" \/><\/a>Am Mittwoch, den 20.09.2023, machte sich die 10E der Kreuzburg auf den Weg zur Kita am Limes in Gro\u00dfkrotzenburg, um den Tag des sozialen Handelns vorzubereiten. Zur Aufgabe machte sich die Klasse diesmal, ein sch\u00f6nes Fest f\u00fcr die Kindergartenkinder und deren Eltern zu organisieren. Es gab Angebote wie Kinderschminken, Sackh\u00fcpfen und frisch gemachte Waffeln. F\u00fcr vier Stunden gaben die Sch\u00fclerinnen und Sch\u00fcler ihr Bestes, den Kindern und deren Eltern ein m\u00f6glichst sch\u00f6nes Fest zu bieten.<br><br>\r\nAngefangen hat der Tag mit dem Aufbau, bei dem einige flei\u00dfige Sch\u00fclerinnen und Sch\u00fcler eifrig mithalfen. Die B\u00e4nke wurden geputzt und aufgestellt, die Getr\u00e4nkek\u00e4sten wurden hinausgetragen und die Waffeleisen wurden angeworfen. Nun konnte es losgehen!<br><br>\r\nKaum angefangen st\u00fcrzten sich die Leute auf den Waffelstand, was bei dem leckeren Angebot nicht unverst\u00e4ndlich war. Die lange Schlange nahm den ganzen Tag nicht ab, die Waffelmacher hatten stets etwas zu tun.<br><br>\r\n<a attid=\"37796\"  href=\"https:\/\/franziskanergymnasium-kreuzburg.de\/cms\/wp-content\/uploads\/2023\/09\/SozialesHandeln10eSchminken.jpg\" rel=\"lightbox[37789]\"><img loading=\"lazy\" decoding=\"async\" src=\"https:\/\/franziskanergymnasium-kreuzburg.de\/cms\/wp-content\/uploads\/2023\/09\/SozialesHandeln10eSchminken-300x200.jpg\" alt=\"\" width=\"300\" height=\"200\" class=\"alignleft size-medium wp-image-37796\" srcset=\"https:\/\/franziskanergymnasium-kreuzburg.de\/cms\/wp-content\/uploads\/2023\/09\/SozialesHandeln10eSchminken-300x200.jpg 300w, https:\/\/franziskanergymnasium-kreuzburg.de\/cms\/wp-content\/uploads\/2023\/09\/SozialesHandeln10eSchminken-1024x683.jpg 1024w, https:\/\/franziskanergymnasium-kreuzburg.de\/cms\/wp-content\/uploads\/2023\/09\/SozialesHandeln10eSchminken-768x512.jpg 768w, https:\/\/franziskanergymnasium-kreuzburg.de\/cms\/wp-content\/uploads\/2023\/09\/SozialesHandeln10eSchminken.jpg 1200w\" sizes=\"auto, (max-width: 300px) 100vw, 300px\" \/><\/a>Ebenfalls beliebt war das Kinderschminken und Armb\u00e4nderbasteln, letzteres konnten die Kinder auch selbst in Begleitung der \u00c4lteren machen. Mit bunten Farben und viel Euphorie wurden die Gesichter der Kinder verziert und langsam ging ein toller Nachmittag zu Ende.<br><br>\r\nMit einer Rede von unserem Klassenlehrer Herr Seipp wurde der Nachmittag schlie\u00dflich abgeschlossen und der Abbau begann langsam.\r\n<br><br>\r\n<p align=\"right\">Autor: Laurits K. | 10E<\/p><br>\r\n","protected":false},"excerpt":{"rendered":"Am Mittwoch, den 20.09.2023, machte sich die 10E der Kreuzburg auf den Weg zur Kita am Limes in Gro\u00dfkrotzenburg, um den Tag des sozialen Handelns vorzubereiten. Zur Aufgabe machte sich die Klasse diesmal, ein sch\u00f6nes Fest f\u00fcr die Kindergartenkinder und deren Eltern zu organisieren. Es gab Angebote wie Kinderschminken, Sackh\u00fcpfen und frisch gemachte Waffeln. F\u00fcr vier Stunden gaben die Sch\u00fclerinnen und Sch\u00fcler ihr Bestes, den Kindern und deren Eltern ein m\u00f6glichst sch\u00f6nes Fest zu bieten. Angefangen hat der Tag mit dem Aufbau, bei dem einige flei\u00dfige Sch\u00fclerinnen und Sch\u00fcler eifrig mithalfen. Die B\u00e4nke wurden geputzt und aufgestellt, die Getr\u00e4nkek\u00e4sten wurden hinausgetragen und die Waffeleisen wurden angeworfen. Nun konnte es losgehen! Kaum angefangen st\u00fcrzten sich die Leute auf den Waffelstand, was bei dem leckeren Angebot nicht unverst\u00e4ndlich war. Die lange Schlange nahm den ganzen Tag nicht ab, die Waffelmacher hatten stets etwas zu tun. Ebenfalls beliebt war das Kinderschminken und Armb\u00e4nderbasteln, letzteres konnten die Kinder auch selbst in Begleitung der \u00c4lteren machen. Mit bunten Farben und viel Euphorie wurden die Gesichter der Kinder verziert und langsam ging ein toller Nachmittag zu Ende. Mit einer Rede von unserem Klassenlehrer Herr Seipp wurde der Nachmittag schlie\u00dflich abgeschlossen und der Abbau begann langsam. Autor: Laurits K. | 10E","protected":false},"author":11,"featured_media":37794,"comment_status":"closed","ping_status":"closed","sticky":false,"template":"","format":"standard","meta":{"ngg_post_thumbnail":0,"footnotes":""},"categories":[1],"tags":[],"class_list":["post-37789","post","type-post","status-publish","format-standard","has-post-thumbnail","hentry","category-allgemein"],"publishpress_future_action":{"enabled":false,"date":"2026-05-05 15:45:55","action":"change-status","newStatus":"draft","terms":[],"taxonomy":"category","extraData":[]},"publishpress_future_workflow_manual_trigger":{"enabledWorkflows":[]},"_links":{"self":[{"href":"https:\/\/franziskanergymnasium-kreuzburg.de\/cms\/wp-json\/wp\/v2\/posts\/37789","targetHints":{"allow":["GET"]}}],"collection":[{"href":"https:\/\/franziskanergymnasium-kreuzburg.de\/cms\/wp-json\/wp\/v2\/posts"}],"about":[{"href":"https:\/\/franziskanergymnasium-kreuzburg.de\/cms\/wp-json\/wp\/v2\/types\/post"}],"author":[{"embeddable":true,"href":"https:\/\/franziskanergymnasium-kreuzburg.de\/cms\/wp-json\/wp\/v2\/users\/11"}],"replies":[{"embeddable":true,"href":"https:\/\/franziskanergymnasium-kreuzburg.de\/cms\/wp-json\/wp\/v2\/comments?post=37789"}],"version-history":[{"count":6,"href":"https:\/\/franziskanergymnasium-kreuzburg.de\/cms\/wp-json\/wp\/v2\/posts\/37789\/revisions"}],"predecessor-version":[{"id":37797,"href":"https:\/\/franziskanergymnasium-kreuzburg.de\/cms\/wp-json\/wp\/v2\/posts\/37789\/revisions\/37797"}],"wp:featuredmedia":[{"embeddable":true,"href":"https:\/\/franziskanergymnasium-kreuzburg.de\/cms\/wp-json\/wp\/v2\/media\/37794"}],"wp:attachment":[{"href":"https:\/\/franziskanergymnasium-kreuzburg.de\/cms\/wp-json\/wp\/v2\/media?parent=37789"}],"wp:term":[{"taxonomy":"category","embeddable":true,"href":"https:\/\/franziskanergymnasium-kreuzburg.de\/cms\/wp-json\/wp\/v2\/categories?post=37789"},{"taxonomy":"post_tag","embeddable":true,"href":"https:\/\/franziskanergymnasium-kreuzburg.de\/cms\/wp-json\/wp\/v2\/tags?post=37789"}],"curies":[{"name":"wp","href":"https:\/\/api.w.org\/{rel}","templated":true}]}}