{"id":37815,"date":"2023-10-02T12:40:16","date_gmt":"2023-10-02T10:40:16","guid":{"rendered":"https:\/\/franziskanergymnasium-kreuzburg.de\/cms\/?p=37815"},"modified":"2023-10-02T12:40:16","modified_gmt":"2023-10-02T10:40:16","slug":"franziskustag-2023-im-zeichen-von-schoepfung-bewahren","status":"publish","type":"post","link":"https:\/\/franziskanergymnasium-kreuzburg.de\/cms\/franziskustag-2023-im-zeichen-von-schoepfung-bewahren\/","title":{"rendered":"Franziskustag 2023 im Zeichen von \u201eSch\u00f6pfung bewahren\u201c"},"content":{"rendered":"<strong>Sch\u00f6pfung bewahren<\/strong> \u2013 Was ist das, was bringt mir das und wie k\u00f6nnen wir das in der Kreuzburg umsetzen? Diesen Fragen widmen sich die Sch\u00fcler und Sch\u00fclerinnen am diesj\u00e4hrigen <strong>Franziskustag (04.10.2023)<\/strong>.<br><br>\r\n\r\nUm den Fragen auf den Grund zu gehen bieten wir ein breites Angebot an, welches sich vor allem mit der Nachhaltigkeit zum Schutz des Klimas im Alltag der Sch\u00fcler befasst. Die Jahrgangsstufen 5, 8, 11, sowie die gesamte Oberstufe befinden sich hierf\u00fcr auf Exkursionen. Sie besuchen unter anderem einen nahe gelegen Bauernhof oder einen Unverpacktladen. Au\u00dferdem findet ein \u201eSeminar\u201c zur Artenvielfalt f\u00fcr den Jahrgang 8, sowie ein Kinobesuch f\u00fcr die Oberstufensch\u00fcler und -sch\u00fclerinnen statt. Letzterer soll \u00fcber die Nachhaltigkeit und deren Wichtigkeit f\u00fcr die Bewahrung eines gesunden Lebensklimas informieren. Angeregt durch diese Impulse kommen die Lernenden sukzessive dazu, nicht nur Informationen zu konsumieren, sondern auch die Zusammenh\u00e4nge und Folgen des Klimawandels zu erkennen und zu verstehen, und daraus ihr eignes Handeln abzuleiten.\r\n<br><br>\r\nGanz im Sinne des franziskanischen Gedankens finden auch in allen Jahrgangstufen Andachten statt, die entweder den Tag der Sch\u00fclerinnen und Sch\u00fcler zu einem gelungen Abschluss bringen oder diesen als sinngebenden Impuls einleiten.\r\n<br><br><a attid=\"37817\"  href=\"https:\/\/franziskanergymnasium-kreuzburg.de\/cms\/wp-content\/uploads\/2023\/10\/Franziskustag-2023.png\" rel=\"lightbox[37815]\"><img loading=\"lazy\" decoding=\"async\" src=\"https:\/\/franziskanergymnasium-kreuzburg.de\/cms\/wp-content\/uploads\/2023\/10\/Franziskustag-2023.png\" alt=\"\" width=\"600\" height=\"243\" class=\"alignleft size-full wp-image-37817\" srcset=\"https:\/\/franziskanergymnasium-kreuzburg.de\/cms\/wp-content\/uploads\/2023\/10\/Franziskustag-2023.png 600w, https:\/\/franziskanergymnasium-kreuzburg.de\/cms\/wp-content\/uploads\/2023\/10\/Franziskustag-2023-300x122.png 300w\" sizes=\"auto, (max-width: 600px) 100vw, 600px\" \/><\/a>","protected":false},"excerpt":{"rendered":"Sch\u00f6pfung bewahren \u2013 Was ist das, was bringt mir das und wie k\u00f6nnen wir das in der Kreuzburg umsetzen? Diesen Fragen widmen sich die Sch\u00fcler und Sch\u00fclerinnen am diesj\u00e4hrigen Franziskustag (04.10.2023). Um den Fragen auf den Grund zu gehen bieten wir ein breites Angebot an, welches sich vor allem mit der Nachhaltigkeit zum Schutz des Klimas im Alltag der Sch\u00fcler befasst. Die Jahrgangsstufen 5, 8, 11, sowie die gesamte Oberstufe befinden sich hierf\u00fcr auf Exkursionen. Sie besuchen unter anderem einen nahe gelegen Bauernhof oder einen Unverpacktladen. Au\u00dferdem findet ein \u201eSeminar\u201c zur Artenvielfalt f\u00fcr den Jahrgang 8, sowie ein Kinobesuch f\u00fcr die Oberstufensch\u00fcler und -sch\u00fclerinnen statt. Letzterer soll \u00fcber die Nachhaltigkeit und deren Wichtigkeit f\u00fcr die Bewahrung eines gesunden Lebensklimas informieren. Angeregt durch diese Impulse kommen die Lernenden sukzessive dazu, nicht nur Informationen zu konsumieren, sondern auch die Zusammenh\u00e4nge und Folgen des Klimawandels zu erkennen und zu verstehen, und daraus ihr eignes Handeln abzuleiten. Ganz im Sinne des franziskanischen Gedankens finden auch in allen Jahrgangstufen Andachten statt, die entweder den Tag der Sch\u00fclerinnen und Sch\u00fcler zu einem gelungen Abschluss bringen oder diesen als sinngebenden Impuls einleiten.","protected":false},"author":11,"featured_media":37822,"comment_status":"closed","ping_status":"closed","sticky":false,"template":"","format":"standard","meta":{"ngg_post_thumbnail":0,"footnotes":""},"categories":[1],"tags":[],"class_list":["post-37815","post","type-post","status-publish","format-standard","has-post-thumbnail","hentry","category-allgemein"],"publishpress_future_action":{"enabled":false,"date":"2026-05-07 12:46:53","action":"change-status","newStatus":"draft","terms":[],"taxonomy":"category","extraData":[]},"publishpress_future_workflow_manual_trigger":{"enabledWorkflows":[]},"_links":{"self":[{"href":"https:\/\/franziskanergymnasium-kreuzburg.de\/cms\/wp-json\/wp\/v2\/posts\/37815","targetHints":{"allow":["GET"]}}],"collection":[{"href":"https:\/\/franziskanergymnasium-kreuzburg.de\/cms\/wp-json\/wp\/v2\/posts"}],"about":[{"href":"https:\/\/franziskanergymnasium-kreuzburg.de\/cms\/wp-json\/wp\/v2\/types\/post"}],"author":[{"embeddable":true,"href":"https:\/\/franziskanergymnasium-kreuzburg.de\/cms\/wp-json\/wp\/v2\/users\/11"}],"replies":[{"embeddable":true,"href":"https:\/\/franziskanergymnasium-kreuzburg.de\/cms\/wp-json\/wp\/v2\/comments?post=37815"}],"version-history":[{"count":5,"href":"https:\/\/franziskanergymnasium-kreuzburg.de\/cms\/wp-json\/wp\/v2\/posts\/37815\/revisions"}],"predecessor-version":[{"id":37821,"href":"https:\/\/franziskanergymnasium-kreuzburg.de\/cms\/wp-json\/wp\/v2\/posts\/37815\/revisions\/37821"}],"wp:featuredmedia":[{"embeddable":true,"href":"https:\/\/franziskanergymnasium-kreuzburg.de\/cms\/wp-json\/wp\/v2\/media\/37822"}],"wp:attachment":[{"href":"https:\/\/franziskanergymnasium-kreuzburg.de\/cms\/wp-json\/wp\/v2\/media?parent=37815"}],"wp:term":[{"taxonomy":"category","embeddable":true,"href":"https:\/\/franziskanergymnasium-kreuzburg.de\/cms\/wp-json\/wp\/v2\/categories?post=37815"},{"taxonomy":"post_tag","embeddable":true,"href":"https:\/\/franziskanergymnasium-kreuzburg.de\/cms\/wp-json\/wp\/v2\/tags?post=37815"}],"curies":[{"name":"wp","href":"https:\/\/api.w.org\/{rel}","templated":true}]}}