{"id":37861,"date":"2023-10-10T17:19:17","date_gmt":"2023-10-10T15:19:17","guid":{"rendered":"https:\/\/franziskanergymnasium-kreuzburg.de\/cms\/?p=37861"},"modified":"2023-10-10T17:21:23","modified_gmt":"2023-10-10T15:21:23","slug":"ausflug-der-8a-nach-ruedesheim-am-rhein","status":"publish","type":"post","link":"https:\/\/franziskanergymnasium-kreuzburg.de\/cms\/ausflug-der-8a-nach-ruedesheim-am-rhein\/","title":{"rendered":"Ausflug der 8a nach R\u00fcdesheim am Rhein"},"content":{"rendered":"<a attid=\"37862\"  href=\"https:\/\/franziskanergymnasium-kreuzburg.de\/cms\/wp-content\/uploads\/2023\/10\/Ruedesheim-Klasse-8a.jpg\" rel=\"lightbox[37861]\"><img loading=\"lazy\" decoding=\"async\" src=\"https:\/\/franziskanergymnasium-kreuzburg.de\/cms\/wp-content\/uploads\/2023\/10\/Ruedesheim-Klasse-8a-1024x768.jpg\" alt=\"\" width=\"960\" height=\"720\" class=\"alignright size-large wp-image-37862\" srcset=\"https:\/\/franziskanergymnasium-kreuzburg.de\/cms\/wp-content\/uploads\/2023\/10\/Ruedesheim-Klasse-8a-1024x768.jpg 1024w, https:\/\/franziskanergymnasium-kreuzburg.de\/cms\/wp-content\/uploads\/2023\/10\/Ruedesheim-Klasse-8a-300x225.jpg 300w, https:\/\/franziskanergymnasium-kreuzburg.de\/cms\/wp-content\/uploads\/2023\/10\/Ruedesheim-Klasse-8a-768x576.jpg 768w, https:\/\/franziskanergymnasium-kreuzburg.de\/cms\/wp-content\/uploads\/2023\/10\/Ruedesheim-Klasse-8a-440x330.jpg 440w, https:\/\/franziskanergymnasium-kreuzburg.de\/cms\/wp-content\/uploads\/2023\/10\/Ruedesheim-Klasse-8a.jpg 1200w\" sizes=\"auto, (max-width: 960px) 100vw, 960px\" \/><\/a>\r\n<br><br>\r\n<a attid=\"37868\"  href=\"https:\/\/franziskanergymnasium-kreuzburg.de\/cms\/wp-content\/uploads\/2023\/10\/Ruedesheim-Seilbahn.jpg\" rel=\"lightbox[37861]\"><img loading=\"lazy\" decoding=\"async\" src=\"https:\/\/franziskanergymnasium-kreuzburg.de\/cms\/wp-content\/uploads\/2023\/10\/Ruedesheim-Seilbahn-225x300.jpg\" alt=\"\" width=\"225\" height=\"300\" class=\"alignleft size-medium wp-image-37868\" srcset=\"https:\/\/franziskanergymnasium-kreuzburg.de\/cms\/wp-content\/uploads\/2023\/10\/Ruedesheim-Seilbahn-225x300.jpg 225w, https:\/\/franziskanergymnasium-kreuzburg.de\/cms\/wp-content\/uploads\/2023\/10\/Ruedesheim-Seilbahn-768x1024.jpg 768w, https:\/\/franziskanergymnasium-kreuzburg.de\/cms\/wp-content\/uploads\/2023\/10\/Ruedesheim-Seilbahn.jpg 900w\" sizes=\"auto, (max-width: 225px) 100vw, 225px\" \/><\/a>Am Freitag, den 29.09.2023 waren wir, die Klasse 8a, Herr Reese und Herr Kohlmetz auf einem ereignisreichen Ausflug in R\u00fcdesheim am Rhein. Der Tag begann mit einer langen Zugfahrt, danach ging es mit einer Bootsfahrt weiter, wir genossen eine Wanderung mit vielen sch\u00f6nen Ausblicken, erkundigten das touristische R\u00fcdesheim und st\u00e4rkten unsere Klassengemeinschaft. \r\n<br>\r\n<br>\r\n<br>\r\n<a attid=\"37864\"  href=\"https:\/\/franziskanergymnasium-kreuzburg.de\/cms\/wp-content\/uploads\/2023\/10\/Ruedesheim-Rheinfahrt.jpg\" rel=\"lightbox[37861]\"><img loading=\"lazy\" decoding=\"async\" src=\"https:\/\/franziskanergymnasium-kreuzburg.de\/cms\/wp-content\/uploads\/2023\/10\/Ruedesheim-Rheinfahrt-225x300.jpg\" alt=\"\" width=\"225\" height=\"300\" class=\"alignleft size-medium wp-image-37864\" srcset=\"https:\/\/franziskanergymnasium-kreuzburg.de\/cms\/wp-content\/uploads\/2023\/10\/Ruedesheim-Rheinfahrt-225x300.jpg 225w, https:\/\/franziskanergymnasium-kreuzburg.de\/cms\/wp-content\/uploads\/2023\/10\/Ruedesheim-Rheinfahrt-768x1024.jpg 768w, https:\/\/franziskanergymnasium-kreuzburg.de\/cms\/wp-content\/uploads\/2023\/10\/Ruedesheim-Rheinfahrt.jpg 900w\" sizes=\"auto, (max-width: 225px) 100vw, 225px\" \/><\/a>","protected":false},"excerpt":{"rendered":"Am Freitag, den 29.09.2023 waren wir, die Klasse 8a, Herr Reese und Herr Kohlmetz auf einem ereignisreichen Ausflug in R\u00fcdesheim am Rhein. Der Tag begann mit einer langen Zugfahrt, danach ging es mit einer Bootsfahrt weiter, wir genossen eine Wanderung mit vielen sch\u00f6nen Ausblicken, erkundigten das touristische R\u00fcdesheim und st\u00e4rkten unsere Klassengemeinschaft.","protected":false},"author":11,"featured_media":37862,"comment_status":"closed","ping_status":"closed","sticky":false,"template":"","format":"standard","meta":{"ngg_post_thumbnail":0,"footnotes":""},"categories":[1],"tags":[],"class_list":["post-37861","post","type-post","status-publish","format-standard","has-post-thumbnail","hentry","category-allgemein"],"publishpress_future_action":{"enabled":false,"date":"2026-05-05 14:12:54","action":"change-status","newStatus":"draft","terms":[],"taxonomy":"category","extraData":[]},"publishpress_future_workflow_manual_trigger":{"enabledWorkflows":[]},"_links":{"self":[{"href":"https:\/\/franziskanergymnasium-kreuzburg.de\/cms\/wp-json\/wp\/v2\/posts\/37861","targetHints":{"allow":["GET"]}}],"collection":[{"href":"https:\/\/franziskanergymnasium-kreuzburg.de\/cms\/wp-json\/wp\/v2\/posts"}],"about":[{"href":"https:\/\/franziskanergymnasium-kreuzburg.de\/cms\/wp-json\/wp\/v2\/types\/post"}],"author":[{"embeddable":true,"href":"https:\/\/franziskanergymnasium-kreuzburg.de\/cms\/wp-json\/wp\/v2\/users\/11"}],"replies":[{"embeddable":true,"href":"https:\/\/franziskanergymnasium-kreuzburg.de\/cms\/wp-json\/wp\/v2\/comments?post=37861"}],"version-history":[{"count":8,"href":"https:\/\/franziskanergymnasium-kreuzburg.de\/cms\/wp-json\/wp\/v2\/posts\/37861\/revisions"}],"predecessor-version":[{"id":37872,"href":"https:\/\/franziskanergymnasium-kreuzburg.de\/cms\/wp-json\/wp\/v2\/posts\/37861\/revisions\/37872"}],"wp:featuredmedia":[{"embeddable":true,"href":"https:\/\/franziskanergymnasium-kreuzburg.de\/cms\/wp-json\/wp\/v2\/media\/37862"}],"wp:attachment":[{"href":"https:\/\/franziskanergymnasium-kreuzburg.de\/cms\/wp-json\/wp\/v2\/media?parent=37861"}],"wp:term":[{"taxonomy":"category","embeddable":true,"href":"https:\/\/franziskanergymnasium-kreuzburg.de\/cms\/wp-json\/wp\/v2\/categories?post=37861"},{"taxonomy":"post_tag","embeddable":true,"href":"https:\/\/franziskanergymnasium-kreuzburg.de\/cms\/wp-json\/wp\/v2\/tags?post=37861"}],"curies":[{"name":"wp","href":"https:\/\/api.w.org\/{rel}","templated":true}]}}