{"id":37885,"date":"2023-10-14T10:37:22","date_gmt":"2023-10-14T08:37:22","guid":{"rendered":"https:\/\/franziskanergymnasium-kreuzburg.de\/cms\/?p=37885"},"modified":"2023-10-14T10:37:22","modified_gmt":"2023-10-14T08:37:22","slug":"fahrten-und-projektwoche-entfall-ags-und-shs","status":"publish","type":"post","link":"https:\/\/franziskanergymnasium-kreuzburg.de\/cms\/fahrten-und-projektwoche-entfall-ags-und-shs\/","title":{"rendered":"Fahrten- und Projektwoche \u2013 Entfall AGs und ShS"},"content":{"rendered":"Vor den Herbstferien findet in diesem Jahr erneut die Fahrtenwoche f\u00fcr alle Klassenfahrten der Sekundarstufe I und die Fahrten der Oberstufe statt. F\u00fcr die Klassen 5, 8 und 9 sowie f\u00fcr die Q1-Phase sind thematische Projektwochen geplant. Aus diesem Grund entfallen alle AGs und ShS-Kurse vom <strong>16. bis 20. Oktober<\/strong>. Allen Sch\u00fclerinnen und Sch\u00fclern w\u00fcnschen wir eine angenehme Fahrten- bzw. Projektwoche! Alle AGs und ShS-Kurse starten dann wieder wie gewohnt nach den Herbstferien in der Woche ab dem <strong>30.10.2023<\/strong>.<br><br>\r\nDie Mathematikf\u00f6rderkurse in der Jahrgangsstufe 8 finden am Mittwoch in der 8.\/9. Stunde planm\u00e4\u00dfig statt.","protected":false},"excerpt":{"rendered":"Vor den Herbstferien findet in diesem Jahr erneut die Fahrtenwoche f\u00fcr alle Klassenfahrten der Sekundarstufe I und die Fahrten der Oberstufe statt. F\u00fcr die Klassen 5, 8 und 9 sowie f\u00fcr die Q1-Phase sind thematische Projektwochen geplant. Aus diesem Grund entfallen alle AGs und ShS-Kurse vom 16. bis 20. Oktober. Allen Sch\u00fclerinnen und Sch\u00fclern w\u00fcnschen wir eine angenehme Fahrten- bzw. Projektwoche! Alle AGs und ShS-Kurse starten dann wieder wie gewohnt nach den Herbstferien in der Woche ab dem 30.10.2023. Die Mathematikf\u00f6rderkurse in der Jahrgangsstufe 8 finden am Mittwoch in der 8.\/9. Stunde planm\u00e4\u00dfig statt.","protected":false},"author":11,"featured_media":5317,"comment_status":"closed","ping_status":"closed","sticky":false,"template":"","format":"standard","meta":{"ngg_post_thumbnail":0,"footnotes":""},"categories":[1],"tags":[],"class_list":["post-37885","post","type-post","status-publish","format-standard","has-post-thumbnail","hentry","category-allgemein"],"publishpress_future_action":{"enabled":false,"date":"2026-05-07 11:21:33","action":"change-status","newStatus":"draft","terms":[],"taxonomy":"category","extraData":[]},"publishpress_future_workflow_manual_trigger":{"enabledWorkflows":[]},"_links":{"self":[{"href":"https:\/\/franziskanergymnasium-kreuzburg.de\/cms\/wp-json\/wp\/v2\/posts\/37885","targetHints":{"allow":["GET"]}}],"collection":[{"href":"https:\/\/franziskanergymnasium-kreuzburg.de\/cms\/wp-json\/wp\/v2\/posts"}],"about":[{"href":"https:\/\/franziskanergymnasium-kreuzburg.de\/cms\/wp-json\/wp\/v2\/types\/post"}],"author":[{"embeddable":true,"href":"https:\/\/franziskanergymnasium-kreuzburg.de\/cms\/wp-json\/wp\/v2\/users\/11"}],"replies":[{"embeddable":true,"href":"https:\/\/franziskanergymnasium-kreuzburg.de\/cms\/wp-json\/wp\/v2\/comments?post=37885"}],"version-history":[{"count":3,"href":"https:\/\/franziskanergymnasium-kreuzburg.de\/cms\/wp-json\/wp\/v2\/posts\/37885\/revisions"}],"predecessor-version":[{"id":37888,"href":"https:\/\/franziskanergymnasium-kreuzburg.de\/cms\/wp-json\/wp\/v2\/posts\/37885\/revisions\/37888"}],"wp:featuredmedia":[{"embeddable":true,"href":"https:\/\/franziskanergymnasium-kreuzburg.de\/cms\/wp-json\/wp\/v2\/media\/5317"}],"wp:attachment":[{"href":"https:\/\/franziskanergymnasium-kreuzburg.de\/cms\/wp-json\/wp\/v2\/media?parent=37885"}],"wp:term":[{"taxonomy":"category","embeddable":true,"href":"https:\/\/franziskanergymnasium-kreuzburg.de\/cms\/wp-json\/wp\/v2\/categories?post=37885"},{"taxonomy":"post_tag","embeddable":true,"href":"https:\/\/franziskanergymnasium-kreuzburg.de\/cms\/wp-json\/wp\/v2\/tags?post=37885"}],"curies":[{"name":"wp","href":"https:\/\/api.w.org\/{rel}","templated":true}]}}