{"id":37920,"date":"2023-10-17T14:21:27","date_gmt":"2023-10-17T12:21:27","guid":{"rendered":"https:\/\/franziskanergymnasium-kreuzburg.de\/cms\/?p=37920"},"modified":"2023-10-17T14:21:53","modified_gmt":"2023-10-17T12:21:53","slug":"entscheidung-ueber-die-zukunft-des-konventes","status":"publish","type":"post","link":"https:\/\/franziskanergymnasium-kreuzburg.de\/cms\/entscheidung-ueber-die-zukunft-des-konventes\/","title":{"rendered":"Entscheidung \u00fcber die Zukunft des Konventes"},"content":{"rendered":"<p>Am Montag, 16.10.23, wurden wir \u00fcber die Entscheidung der Provinzleitung informiert, dass der Franziskanerkonvent in Gro\u00dfkrotzenburg im Sommer 2025 geschlossen wird. Die Presseerkl\u00e4rung <a href=\"https:\/\/franziskanergymnasium-kreuzburg.de\/cms\/wp-content\/uploads\/2023\/10\/Abschied-Grosskrotzenburg-Pressemitteilung-16.10.2023.pdf\" target=\"_blank\" rel=\"noopener\">finden Sie hier<\/a>.<\/p>\r\n<p>Als Schule bedauern wir diese Entscheidung sehr, k\u00f6nnen aber die Gr\u00fcnde, die zu der Entscheidung gef\u00fchrt haben, nachvollziehen.<\/p>\r\n","protected":false},"excerpt":{"rendered":"Am Montag, 16.10.23, wurden wir \u00fcber die Entscheidung der Provinzleitung informiert, dass der Franziskanerkonvent in Gro\u00dfkrotzenburg im Sommer 2025 geschlossen wird. Die Presseerkl\u00e4rung finden Sie hier. Als Schule bedauern wir diese Entscheidung sehr, k\u00f6nnen aber die Gr\u00fcnde, die zu der Entscheidung gef\u00fchrt haben, nachvollziehen.","protected":false},"author":1,"featured_media":37875,"comment_status":"closed","ping_status":"closed","sticky":false,"template":"","format":"standard","meta":{"ngg_post_thumbnail":0,"footnotes":""},"categories":[1],"tags":[],"class_list":["post-37920","post","type-post","status-publish","format-standard","has-post-thumbnail","hentry","category-allgemein"],"publishpress_future_action":{"enabled":false,"date":"2026-05-05 14:12:28","action":"change-status","newStatus":"draft","terms":[],"taxonomy":"category","extraData":[]},"publishpress_future_workflow_manual_trigger":{"enabledWorkflows":[]},"_links":{"self":[{"href":"https:\/\/franziskanergymnasium-kreuzburg.de\/cms\/wp-json\/wp\/v2\/posts\/37920","targetHints":{"allow":["GET"]}}],"collection":[{"href":"https:\/\/franziskanergymnasium-kreuzburg.de\/cms\/wp-json\/wp\/v2\/posts"}],"about":[{"href":"https:\/\/franziskanergymnasium-kreuzburg.de\/cms\/wp-json\/wp\/v2\/types\/post"}],"author":[{"embeddable":true,"href":"https:\/\/franziskanergymnasium-kreuzburg.de\/cms\/wp-json\/wp\/v2\/users\/1"}],"replies":[{"embeddable":true,"href":"https:\/\/franziskanergymnasium-kreuzburg.de\/cms\/wp-json\/wp\/v2\/comments?post=37920"}],"version-history":[{"count":2,"href":"https:\/\/franziskanergymnasium-kreuzburg.de\/cms\/wp-json\/wp\/v2\/posts\/37920\/revisions"}],"predecessor-version":[{"id":37923,"href":"https:\/\/franziskanergymnasium-kreuzburg.de\/cms\/wp-json\/wp\/v2\/posts\/37920\/revisions\/37923"}],"wp:featuredmedia":[{"embeddable":true,"href":"https:\/\/franziskanergymnasium-kreuzburg.de\/cms\/wp-json\/wp\/v2\/media\/37875"}],"wp:attachment":[{"href":"https:\/\/franziskanergymnasium-kreuzburg.de\/cms\/wp-json\/wp\/v2\/media?parent=37920"}],"wp:term":[{"taxonomy":"category","embeddable":true,"href":"https:\/\/franziskanergymnasium-kreuzburg.de\/cms\/wp-json\/wp\/v2\/categories?post=37920"},{"taxonomy":"post_tag","embeddable":true,"href":"https:\/\/franziskanergymnasium-kreuzburg.de\/cms\/wp-json\/wp\/v2\/tags?post=37920"}],"curies":[{"name":"wp","href":"https:\/\/api.w.org\/{rel}","templated":true}]}}