{"id":38030,"date":"2023-11-30T19:06:44","date_gmt":"2023-11-30T18:06:44","guid":{"rendered":"https:\/\/franziskanergymnasium-kreuzburg.de\/cms\/?p=38030"},"modified":"2023-11-30T19:05:22","modified_gmt":"2023-11-30T18:05:22","slug":"traditioneller-adventsbasar-am-freitag-dem-1-12-2023-von-13-30-bis-16-30-uhr","status":"publish","type":"post","link":"https:\/\/franziskanergymnasium-kreuzburg.de\/cms\/traditioneller-adventsbasar-am-freitag-dem-1-12-2023-von-13-30-bis-16-30-uhr\/","title":{"rendered":"Traditioneller Adventsbasar am Freitag, dem 01.12.2023 von 13:30 bis 16:30 Uhr"},"content":{"rendered":"Traditioneller Adventsbasar  \u2013 Alle sind herzlich eingeladen!\r\n<br><br><a attid=\"38031\"  href=\"https:\/\/franziskanergymnasium-kreuzburg.de\/cms\/wp-content\/uploads\/2023\/11\/Advent.jpg\" rel=\"lightbox[38030]\"><img loading=\"lazy\" decoding=\"async\" src=\"https:\/\/franziskanergymnasium-kreuzburg.de\/cms\/wp-content\/uploads\/2023\/11\/Advent-300x201.jpg\" alt=\"\" width=\"300\" height=\"201\" class=\"alignright size-medium wp-image-38031\" srcset=\"https:\/\/franziskanergymnasium-kreuzburg.de\/cms\/wp-content\/uploads\/2023\/11\/Advent-300x201.jpg 300w, https:\/\/franziskanergymnasium-kreuzburg.de\/cms\/wp-content\/uploads\/2023\/11\/Advent-768x514.jpg 768w, https:\/\/franziskanergymnasium-kreuzburg.de\/cms\/wp-content\/uploads\/2023\/11\/Advent.jpg 820w\" sizes=\"auto, (max-width: 300px) 100vw, 300px\" \/><\/a>\r\n<strong>Am Freitag, dem 01.12.2023 von 13:30 bis 16:30 Uhr <\/strong>bieten die Sch\u00fclerinnen und Sch\u00fcler zusammen mit ihren Lehrerinnen und Lehrern des Franziskanergymnasiums Kreuzburg wieder vielf\u00e4ltige Aktionen, weihnachtliche Dekorationen oder Geschenke f\u00fcr die Liebsten an. Nat\u00fcrlich kommt auch das leibliche Wohl nicht zu kurz: Ob s\u00fc\u00df oder deftig, hei\u00df oder kalt \u2013 das Angebot an Speisen und Getr\u00e4nken ist gro\u00df und abwechslungsreich, reicht von Grill- w\u00fcrstchen \u00fcber Hot Dogs bis hin zu S\u00fc\u00dfem in Form von Waffeln, Cr\u00eapes, Croffles oder Fruchtspie\u00dfen, auch eine Pl\u00e4tzchentheke wird nicht fehlen. Um 15:30 Uhr bietet Bruder Michael in Zusammenarbeit mit der Sacro-Pop-AG als \u201eInsel der Ruhe\u201c eine Andacht an.\r\n<br><br>\r\nDie Klasse 7c hat dieses Jahr das Basteln der Adventskr\u00e4nze zum Verkauf auf dem Adventsbasar \u00fcbernommen.\r\nDie Sch\u00fclerinnen und Sch\u00fcler binden die Adventskr\u00e4nze am Vortag des Basars frisch und dekorieren diese liebevoll, weshalb sie sich sehr \u00fcber zahlreiche K\u00e4uferinnen und K\u00e4ufer freuen w\u00fcrden, die mit ihrem Erwerb zus\u00e4tzlich auch die gute Sache unterst\u00fctzen, d.h. der Gewinn geht wie immer an Schulprojekte und die Manoel-Monteiro-Schule. \r\n\r\n<br><br>\r\nUnd noch eine weitere, besonders herzliche Einladung: Kommen Sie beim Adventsbasar auch in das \u201eEine-Welt-Caf\u00e9\u201c hinter dem Tier-Museum. Hier geht es bei Kaffee und Kuchen in besonderer Weise um unsere brasilianischen Beziehungen und Neuigkeiten von unserem Partnerprojekt Manoel Monteiro-Schule. \r\n<br><br>\r\nDa unsere Parkm\u00f6glichkeiten begrenzt sind, beachten Sie bitte Folgendes:\r\n<br><br>\r\nParken Sie bitte auf keinen Fall in der Niederwaldstra\u00dfe, hier herrscht Halteverbot, um die Zufahrt f\u00fcr Rettungskr\u00e4fte freizuhalten.\r\n<br><br>\r\nNutzen Sie bitte den gro\u00dfen Parkplatz an der Turnhalle. Ist dieser belegt, werden Sie bereits am Eingang zur Niederwaldstra\u00dfe von unserem Parkplatzdienst hierauf aufmerksam gemacht. Bitte nutzen Sie in diesem Fall den Parkplatz am See oder weichen Sie auf Parkpl\u00e4tze in der Ortsmitte aus und genie\u00dfen Sie einen kleinen Spaziergang. \r\n  <br><br>\r\nWir w\u00fcnschen allen Beteiligten einen bereichernden Adventsbasar und eine besinnliche Weihnachtszeit.\r\n\r\n","protected":false},"excerpt":{"rendered":"Traditioneller Adventsbasar \u2013 Alle sind herzlich eingeladen! Am Freitag, dem 01.12.2023 von 13:30 bis 16:30 Uhr bieten die Sch\u00fclerinnen und Sch\u00fcler zusammen mit ihren Lehrerinnen und Lehrern des Franziskanergymnasiums Kreuzburg wieder vielf\u00e4ltige Aktionen, weihnachtliche Dekorationen oder Geschenke f\u00fcr die Liebsten an. Nat\u00fcrlich kommt auch das leibliche Wohl nicht zu kurz: Ob s\u00fc\u00df oder deftig, hei\u00df oder kalt \u2013 das Angebot an Speisen und Getr\u00e4nken ist gro\u00df und abwechslungsreich, reicht von Grill- w\u00fcrstchen \u00fcber Hot Dogs bis hin zu S\u00fc\u00dfem in Form von Waffeln, Cr\u00eapes, Croffles oder Fruchtspie\u00dfen, auch eine Pl\u00e4tzchentheke wird nicht fehlen. Um 15:30 Uhr bietet Bruder Michael in Zusammenarbeit mit der Sacro-Pop-AG als \u201eInsel der Ruhe\u201c eine Andacht an. Die Klasse 7c hat dieses Jahr das Basteln der Adventskr\u00e4nze zum Verkauf auf dem Adventsbasar \u00fcbernommen. Die Sch\u00fclerinnen und Sch\u00fcler binden die Adventskr\u00e4nze am Vortag des Basars frisch und dekorieren diese liebevoll, weshalb sie sich sehr \u00fcber zahlreiche K\u00e4uferinnen und K\u00e4ufer freuen w\u00fcrden, die mit ihrem Erwerb zus\u00e4tzlich auch die gute Sache unterst\u00fctzen, d.h. der Gewinn geht wie immer an Schulprojekte und die Manoel-Monteiro-Schule. Und noch eine weitere, besonders herzliche Einladung: Kommen Sie beim Adventsbasar auch in das \u201eEine-Welt-Caf\u00e9\u201c hinter dem Tier-Museum. Hier geht es bei Kaffee und Kuchen in besonderer Weise um unsere brasilianischen Beziehungen und Neuigkeiten von unserem Partnerprojekt Manoel Monteiro-Schule. Da unsere Parkm\u00f6glichkeiten begrenzt sind, beachten Sie bitte Folgendes: Parken Sie bitte auf keinen Fall in der Niederwaldstra\u00dfe, hier herrscht Halteverbot, um die Zufahrt f\u00fcr Rettungskr\u00e4fte freizuhalten. Nutzen Sie bitte den gro\u00dfen Parkplatz an der Turnhalle. Ist dieser belegt, werden Sie bereits am Eingang zur Niederwaldstra\u00dfe von unserem Parkplatzdienst hierauf aufmerksam gemacht. Bitte nutzen Sie in diesem Fall den Parkplatz am See oder weichen Sie auf Parkpl\u00e4tze in der Ortsmitte aus und genie\u00dfen Sie einen kleinen Spaziergang. Wir w\u00fcnschen allen Beteiligten einen bereichernden Adventsbasar und eine besinnliche Weihnachtszeit.","protected":false},"author":11,"featured_media":38031,"comment_status":"closed","ping_status":"closed","sticky":false,"template":"","format":"standard","meta":{"ngg_post_thumbnail":0,"footnotes":""},"categories":[1],"tags":[],"class_list":["post-38030","post","type-post","status-publish","format-standard","has-post-thumbnail","hentry","category-allgemein"],"publishpress_future_action":{"enabled":false,"date":"2026-05-08 10:13:25","action":"change-status","newStatus":"draft","terms":[],"taxonomy":"category","extraData":[]},"publishpress_future_workflow_manual_trigger":{"enabledWorkflows":[]},"_links":{"self":[{"href":"https:\/\/franziskanergymnasium-kreuzburg.de\/cms\/wp-json\/wp\/v2\/posts\/38030","targetHints":{"allow":["GET"]}}],"collection":[{"href":"https:\/\/franziskanergymnasium-kreuzburg.de\/cms\/wp-json\/wp\/v2\/posts"}],"about":[{"href":"https:\/\/franziskanergymnasium-kreuzburg.de\/cms\/wp-json\/wp\/v2\/types\/post"}],"author":[{"embeddable":true,"href":"https:\/\/franziskanergymnasium-kreuzburg.de\/cms\/wp-json\/wp\/v2\/users\/11"}],"replies":[{"embeddable":true,"href":"https:\/\/franziskanergymnasium-kreuzburg.de\/cms\/wp-json\/wp\/v2\/comments?post=38030"}],"version-history":[{"count":5,"href":"https:\/\/franziskanergymnasium-kreuzburg.de\/cms\/wp-json\/wp\/v2\/posts\/38030\/revisions"}],"predecessor-version":[{"id":38083,"href":"https:\/\/franziskanergymnasium-kreuzburg.de\/cms\/wp-json\/wp\/v2\/posts\/38030\/revisions\/38083"}],"wp:featuredmedia":[{"embeddable":true,"href":"https:\/\/franziskanergymnasium-kreuzburg.de\/cms\/wp-json\/wp\/v2\/media\/38031"}],"wp:attachment":[{"href":"https:\/\/franziskanergymnasium-kreuzburg.de\/cms\/wp-json\/wp\/v2\/media?parent=38030"}],"wp:term":[{"taxonomy":"category","embeddable":true,"href":"https:\/\/franziskanergymnasium-kreuzburg.de\/cms\/wp-json\/wp\/v2\/categories?post=38030"},{"taxonomy":"post_tag","embeddable":true,"href":"https:\/\/franziskanergymnasium-kreuzburg.de\/cms\/wp-json\/wp\/v2\/tags?post=38030"}],"curies":[{"name":"wp","href":"https:\/\/api.w.org\/{rel}","templated":true}]}}