{"id":38062,"date":"2023-11-26T08:30:48","date_gmt":"2023-11-26T07:30:48","guid":{"rendered":"https:\/\/franziskanergymnasium-kreuzburg.de\/cms\/?p=38062"},"modified":"2023-11-23T16:33:27","modified_gmt":"2023-11-23T15:33:27","slug":"vorlesewoche-anlaesslich-otfried-preusslers-100-geburtstag","status":"publish","type":"post","link":"https:\/\/franziskanergymnasium-kreuzburg.de\/cms\/vorlesewoche-anlaesslich-otfried-preusslers-100-geburtstag\/","title":{"rendered":"Vorlesewoche anl\u00e4sslich Otfried-Preu\u00dflers 100. Geburtstag"},"content":{"rendered":"7 engagierte Vorleserinnen und Vorleser und regelm\u00e4\u00dfig ca. 30-40 Zuh\u00f6rerinnen und Zuh\u00f6rer \u2013 die <strong>Vorlesewoche anl\u00e4sslich Otfried-Preu\u00dflers 100. Geburtstag<\/strong> kam bei allen Seiten gut an!<br><br>\r\n<a attid=\"38064\"  href=\"https:\/\/franziskanergymnasium-kreuzburg.de\/cms\/wp-content\/uploads\/2023\/11\/Vorlesepause.jpg\" rel=\"lightbox[38062]\"><img loading=\"lazy\" decoding=\"async\" src=\"https:\/\/franziskanergymnasium-kreuzburg.de\/cms\/wp-content\/uploads\/2023\/11\/Vorlesepause-300x225.jpg\" alt=\"\" width=\"300\" height=\"225\" class=\"alignleft size-medium wp-image-38064\" srcset=\"https:\/\/franziskanergymnasium-kreuzburg.de\/cms\/wp-content\/uploads\/2023\/11\/Vorlesepause-300x225.jpg 300w, https:\/\/franziskanergymnasium-kreuzburg.de\/cms\/wp-content\/uploads\/2023\/11\/Vorlesepause-1024x768.jpg 1024w, https:\/\/franziskanergymnasium-kreuzburg.de\/cms\/wp-content\/uploads\/2023\/11\/Vorlesepause-768x576.jpg 768w, https:\/\/franziskanergymnasium-kreuzburg.de\/cms\/wp-content\/uploads\/2023\/11\/Vorlesepause-440x330.jpg 440w, https:\/\/franziskanergymnasium-kreuzburg.de\/cms\/wp-content\/uploads\/2023\/11\/Vorlesepause.jpg 1200w\" sizes=\"auto, (max-width: 300px) 100vw, 300px\" \/><\/a>Gaby Drews, Daniel Esche und das Team der Schulbibliothek blicken ausgesprochen zufrieden auf eine Woche voller Vorlesepausen zur\u00fcck. Vom 6.-10. Oktober wurde t\u00e4glich in der zweiten Pause aus einem der Kinderb\u00fccher von Otfried Preu\u00dfler vorgelesen. <br>\r\nSo lasen Gaby Drews aus der \u201eKleinen Hexe\u201c, Angelika Schreyer aus \u201eKrabat\u201c, Louisa Hendel und Nicole Muzikant aus dem \u201eKleinen Nachtgespenst\u201c vor, Naomi B\u00fcchner und Hannah Richter hatten sich den \u201eR\u00e4uber Hotzenplotz und die Mondrakete\u201c vorgenommen und Daniel Esche las schlie\u00dflich aus dem \u201eKleinen Wassermann\u201c vor. <br>\r\nDas Angebot, zu dem die 5. Und 6. Klassen eingeladen waren, wurde richtig gut angenommen. Insgesamt ca. 50 unserer j\u00fcngsten Sch\u00fclerinnen und Sch\u00fcler kamen in den Pausen in die Bibliothek und lauschten aufmerksam den dargebotenen Geschichten und manchmal hatte sich sogar ein etwas betagterer H\u00f6rer dazwischen gemogelt \ud83d\ude0a. <br>\r\nIn der Box, in der die Sch\u00fclerinnen und Sch\u00fcler am Ende der Woche ihre Stempelkarten einwerfen konnten, fanden sich insgesamt 46 der bei jeder besuchten Lesung abgestempelten Karten wieder, die dann in der darauffolgenden Woche als Lose dienten, mit denen die Kinder die Chance hatten, eines von 3 Buchgeschenken gewinnen zu k\u00f6nnen \u2013 schlie\u00dflich sollen sie ja auch weiterhin \u00fcber gen\u00fcgend Lesestoff verf\u00fcgen, bis dann im Februar anl\u00e4sslich des Geburtstages von Erich K\u00e4stner eine neue Lesepausen-Reihe beginnen kann.\r\n","protected":false},"excerpt":{"rendered":"7 engagierte Vorleserinnen und Vorleser und regelm\u00e4\u00dfig ca. 30-40 Zuh\u00f6rerinnen und Zuh\u00f6rer \u2013 die Vorlesewoche anl\u00e4sslich Otfried-Preu\u00dflers 100. Geburtstag kam bei allen Seiten gut an! Gaby Drews, Daniel Esche und das Team der Schulbibliothek blicken ausgesprochen zufrieden auf eine Woche voller Vorlesepausen zur\u00fcck. Vom 6.-10. Oktober wurde t\u00e4glich in der zweiten Pause aus einem der Kinderb\u00fccher von Otfried Preu\u00dfler vorgelesen. So lasen Gaby Drews aus der \u201eKleinen Hexe\u201c, Angelika Schreyer aus \u201eKrabat\u201c, Louisa Hendel und Nicole Muzikant aus dem \u201eKleinen Nachtgespenst\u201c vor, Naomi B\u00fcchner und Hannah Richter hatten sich den \u201eR\u00e4uber Hotzenplotz und die Mondrakete\u201c vorgenommen und Daniel Esche las schlie\u00dflich aus dem \u201eKleinen Wassermann\u201c vor. Das Angebot, zu dem die 5. Und 6. Klassen eingeladen waren, wurde richtig gut angenommen. Insgesamt ca. 50 unserer j\u00fcngsten Sch\u00fclerinnen und Sch\u00fcler kamen in den Pausen in die Bibliothek und lauschten aufmerksam den dargebotenen Geschichten und manchmal hatte sich sogar ein etwas betagterer H\u00f6rer dazwischen gemogelt \ud83d\ude0a. In der Box, in der die Sch\u00fclerinnen und Sch\u00fcler am Ende der Woche ihre Stempelkarten einwerfen konnten, fanden sich insgesamt 46 der bei jeder besuchten Lesung abgestempelten Karten wieder, die dann in der darauffolgenden Woche als Lose dienten, mit denen die Kinder die Chance hatten, eines von 3 Buchgeschenken gewinnen zu k\u00f6nnen \u2013 schlie\u00dflich sollen sie ja auch weiterhin \u00fcber gen\u00fcgend Lesestoff verf\u00fcgen, bis dann im Februar anl\u00e4sslich des Geburtstages von Erich K\u00e4stner eine neue Lesepausen-Reihe beginnen kann.","protected":false},"author":11,"featured_media":38064,"comment_status":"closed","ping_status":"closed","sticky":false,"template":"","format":"standard","meta":{"ngg_post_thumbnail":0,"footnotes":""},"categories":[1],"tags":[],"class_list":["post-38062","post","type-post","status-publish","format-standard","has-post-thumbnail","hentry","category-allgemein"],"publishpress_future_action":{"enabled":false,"date":"2026-05-05 15:45:24","action":"change-status","newStatus":"draft","terms":[],"taxonomy":"category","extraData":[]},"publishpress_future_workflow_manual_trigger":{"enabledWorkflows":[]},"_links":{"self":[{"href":"https:\/\/franziskanergymnasium-kreuzburg.de\/cms\/wp-json\/wp\/v2\/posts\/38062","targetHints":{"allow":["GET"]}}],"collection":[{"href":"https:\/\/franziskanergymnasium-kreuzburg.de\/cms\/wp-json\/wp\/v2\/posts"}],"about":[{"href":"https:\/\/franziskanergymnasium-kreuzburg.de\/cms\/wp-json\/wp\/v2\/types\/post"}],"author":[{"embeddable":true,"href":"https:\/\/franziskanergymnasium-kreuzburg.de\/cms\/wp-json\/wp\/v2\/users\/11"}],"replies":[{"embeddable":true,"href":"https:\/\/franziskanergymnasium-kreuzburg.de\/cms\/wp-json\/wp\/v2\/comments?post=38062"}],"version-history":[{"count":2,"href":"https:\/\/franziskanergymnasium-kreuzburg.de\/cms\/wp-json\/wp\/v2\/posts\/38062\/revisions"}],"predecessor-version":[{"id":38065,"href":"https:\/\/franziskanergymnasium-kreuzburg.de\/cms\/wp-json\/wp\/v2\/posts\/38062\/revisions\/38065"}],"wp:featuredmedia":[{"embeddable":true,"href":"https:\/\/franziskanergymnasium-kreuzburg.de\/cms\/wp-json\/wp\/v2\/media\/38064"}],"wp:attachment":[{"href":"https:\/\/franziskanergymnasium-kreuzburg.de\/cms\/wp-json\/wp\/v2\/media?parent=38062"}],"wp:term":[{"taxonomy":"category","embeddable":true,"href":"https:\/\/franziskanergymnasium-kreuzburg.de\/cms\/wp-json\/wp\/v2\/categories?post=38062"},{"taxonomy":"post_tag","embeddable":true,"href":"https:\/\/franziskanergymnasium-kreuzburg.de\/cms\/wp-json\/wp\/v2\/tags?post=38062"}],"curies":[{"name":"wp","href":"https:\/\/api.w.org\/{rel}","templated":true}]}}