{"id":38066,"date":"2023-11-24T09:56:19","date_gmt":"2023-11-24T08:56:19","guid":{"rendered":"https:\/\/franziskanergymnasium-kreuzburg.de\/cms\/?p=38066"},"modified":"2023-11-24T09:56:19","modified_gmt":"2023-11-24T08:56:19","slug":"ein-abend-mit-moritz-daniel-oppenheim","status":"publish","type":"post","link":"https:\/\/franziskanergymnasium-kreuzburg.de\/cms\/ein-abend-mit-moritz-daniel-oppenheim\/","title":{"rendered":"Ein Abend mit Moritz Daniel Oppenheim"},"content":{"rendered":"<strong>Am Mittwochabend, 22.11.2023, fand am Franziskanergymnasium Kreuzburg in Gro\u00dfkrotzenburg \u201eEin Abend mit Moritz Daniel Oppenheim\u201c statt.<\/strong> <br><br>\r\n\r\n<a attid=\"38068\"  href=\"https:\/\/franziskanergymnasium-kreuzburg.de\/cms\/wp-content\/uploads\/2023\/11\/Carsten-Reichert-beim-MDO-Abend.jpg\" rel=\"lightbox[38066]\"><img loading=\"lazy\" decoding=\"async\" src=\"https:\/\/franziskanergymnasium-kreuzburg.de\/cms\/wp-content\/uploads\/2023\/11\/Carsten-Reichert-beim-MDO-Abend-192x300.jpg\" alt=\"\" width=\"192\" height=\"300\" class=\"alignright size-medium wp-image-38068\" srcset=\"https:\/\/franziskanergymnasium-kreuzburg.de\/cms\/wp-content\/uploads\/2023\/11\/Carsten-Reichert-beim-MDO-Abend-192x300.jpg 192w, https:\/\/franziskanergymnasium-kreuzburg.de\/cms\/wp-content\/uploads\/2023\/11\/Carsten-Reichert-beim-MDO-Abend-654x1024.jpg 654w, https:\/\/franziskanergymnasium-kreuzburg.de\/cms\/wp-content\/uploads\/2023\/11\/Carsten-Reichert-beim-MDO-Abend.jpg 766w\" sizes=\"auto, (max-width: 192px) 100vw, 192px\" \/><\/a>Jene Veranstaltung verschrieb sich dem regionalen Maler, welcher der j\u00fcdischen Gemeinde Hanau angeh\u00f6rte und \u00fcber die Grenzen zu internationalem Ruhm gelangte. Die Sch\u00fcler\/-innen haben sich im Rahmen der diesj\u00e4hrigen Projektwoche intensiv mit den j\u00fcdischen Leben in Frankfurt und Hanau auseinandergesetzt. Hierzu besuchten sie unter anderem das J\u00fcdische Museum sowie das Museum Judengasse in Frankfurt und erhielten eine F\u00fchrung \u00fcber den j\u00fcdischen Friedhof in Hanau.\r\n<br><br>\r\nAm Abend wurden nun die Projekte und deren Ergebnisse aus dieser Zeit pr\u00e4sentiert. So entstanden z.B. Actionbounds, die sich der Biographie und dem Werk Oppenheims widmeten. Andere Gruppen haben sich mit weiteren Biografien von Vertreter\/-innen j\u00fcdischer Emanzipation wie etwa der Bankiersfamilie Rothschild auseinandergesetzt und haben diese kreativ als Podcast oder Brettspiel verarbeitet. Mit Blick auf moderne Musik wurde der Frage nachgegangen, wie Ghetto-Erfahrungen fr\u00fcher und heute darin verarbeitet wurden. Bildgewaltig waren die Fotodokumentation J\u00fcdischen Lebens am Beispiel von j\u00fcdischer Gemeinde und j\u00fcdischem Friedhof, sowie die B\u00fchneninszenierung zur Atmosph\u00e4re in den j\u00fcdischen Salons des 19. Jahrhunderts. In verschiedenen Klassenzimmern der Sch\u00fcler stellten die Sch\u00fcler\/-innen ihre Projektergebnisse <a attid=\"38069\"  href=\"https:\/\/franziskanergymnasium-kreuzburg.de\/cms\/wp-content\/uploads\/2023\/11\/Isabel-Gathof-praesentiert-ihren-Film.jpg\" rel=\"lightbox[38066]\"><img loading=\"lazy\" decoding=\"async\" src=\"https:\/\/franziskanergymnasium-kreuzburg.de\/cms\/wp-content\/uploads\/2023\/11\/Isabel-Gathof-praesentiert-ihren-Film-163x300.jpg\" alt=\"\" width=\"163\" height=\"300\" class=\"alignleft size-medium wp-image-38069\" srcset=\"https:\/\/franziskanergymnasium-kreuzburg.de\/cms\/wp-content\/uploads\/2023\/11\/Isabel-Gathof-praesentiert-ihren-Film-163x300.jpg 163w, https:\/\/franziskanergymnasium-kreuzburg.de\/cms\/wp-content\/uploads\/2023\/11\/Isabel-Gathof-praesentiert-ihren-Film-556x1024.jpg 556w, https:\/\/franziskanergymnasium-kreuzburg.de\/cms\/wp-content\/uploads\/2023\/11\/Isabel-Gathof-praesentiert-ihren-Film.jpg 651w\" sizes=\"auto, (max-width: 163px) 100vw, 163px\" \/><\/a>aus und standen den interessierten Besucher\/-innen Rede und Antwort. Schulleiter Thomas Wolf zeigte sich begeistert von der Vielfalt der entstandenen Ergebnisse: \u201eEs ist beeindruckend, in welch kurzer Zeit sich die Sch\u00fcler in diese komplexe Zeit eingearbeitet haben. F\u00fcr das Gelingen standen ihnen nur wenige Tage zur Verf\u00fcgung. Dass sie wie selbstverst\u00e4ndlich ihre Arbeitsergebnisse einem gro\u00dfen Publikum pr\u00e4sentiert haben, ist ein gro\u00dfer Lernerfolg, den wir k\u00fcnftig auch weiteren Sch\u00fclern erm\u00f6glichen werden.\u201c\r\n<br><br>\r\nDas Herzst\u00fcck der Projektwoche und auch des Abends bildete die der Dokumentarfilm \u201eMoritz Daniel Oppenheim macht Schule\u201c, der von Isabel Gathof, einer Hanauer Filmproduzentin und Alumna der Kreuzburg realisiert wurde. \u201eIch freue mich sehr dar\u00fcber, dass die Kreuzburg das Thema meines Films in ihr schulisches Curriculum aufgenommen hat. Mich ber\u00fchrt die inhaltliche Tiefe und die Begeisterung der Klassen, mit der sie sich dieser ihnen doch fremden Zeit und Kultur auseinandergesetzt haben,\u201c befand Gathof am Ende der Veranstaltung.\r\n<br><br>\r\nDer Abend stie\u00df sowohl bei den Sch\u00fcler\/-innen, als auch bei unseren zahlreichen Besucher\/-innen auf gro\u00dfes Interesse und wusste, die Anwesenden zu begeistern. Carsten Reichert, p\u00e4dagogischer Stufenleiter der Jahrgangsstufen 9\/10, hat die Projektwoche mit einem Dutzend weiterer Kolleg\/-innen organisiert und vorbereitet. Er ordnete in seiner Moderation des Abends die Bedeutung der Projektwoche und des Abends noch einmal abschlie\u00dfend ein: \u201eIn einer Zeit, in der J\u00fcdischsein in Deutschland nicht mehr gefahrlos gezeigt und gelebt werden kann, ist es wichtig, dass wir uns auf die Wurzeln j\u00fcdisch-deutscher Geschichte besinnen und betonen, dass ein friedliches Zusammenleben beider \u2013 ja, aller &#8211; Religionen in unserer Gesellschaft wichtig und m\u00f6glich ist. Dies haben unsere Lernenden in eindrucksvoller Weise herausgearbeitet.\u201c\r\n<br><br><a attid=\"38070\"  href=\"https:\/\/franziskanergymnasium-kreuzburg.de\/cms\/wp-content\/uploads\/2023\/11\/Juedische-Salons.jpg\" rel=\"lightbox[38066]\"><img loading=\"lazy\" decoding=\"async\" src=\"https:\/\/franziskanergymnasium-kreuzburg.de\/cms\/wp-content\/uploads\/2023\/11\/Juedische-Salons-300x173.jpg\" alt=\"\" width=\"300\" height=\"173\" class=\"aligncenter size-medium wp-image-38070\" srcset=\"https:\/\/franziskanergymnasium-kreuzburg.de\/cms\/wp-content\/uploads\/2023\/11\/Juedische-Salons-300x173.jpg 300w, https:\/\/franziskanergymnasium-kreuzburg.de\/cms\/wp-content\/uploads\/2023\/11\/Juedische-Salons-1024x590.jpg 1024w, https:\/\/franziskanergymnasium-kreuzburg.de\/cms\/wp-content\/uploads\/2023\/11\/Juedische-Salons-768x442.jpg 768w, https:\/\/franziskanergymnasium-kreuzburg.de\/cms\/wp-content\/uploads\/2023\/11\/Juedische-Salons.jpg 1200w\" sizes=\"auto, (max-width: 300px) 100vw, 300px\" \/><\/a>","protected":false},"excerpt":{"rendered":"Am Mittwochabend, 22.11.2023, fand am Franziskanergymnasium Kreuzburg in Gro\u00dfkrotzenburg \u201eEin Abend mit Moritz Daniel Oppenheim\u201c statt. Jene Veranstaltung verschrieb sich dem regionalen Maler, welcher der j\u00fcdischen Gemeinde Hanau angeh\u00f6rte und \u00fcber die Grenzen zu internationalem Ruhm gelangte. Die Sch\u00fcler\/-innen haben sich im Rahmen der diesj\u00e4hrigen Projektwoche intensiv mit den j\u00fcdischen Leben in Frankfurt und Hanau auseinandergesetzt. Hierzu besuchten sie unter anderem das J\u00fcdische Museum sowie das Museum Judengasse in Frankfurt und erhielten eine F\u00fchrung \u00fcber den j\u00fcdischen Friedhof in Hanau. Am Abend wurden nun die Projekte und deren Ergebnisse aus dieser Zeit pr\u00e4sentiert. So entstanden z.B. Actionbounds, die sich der Biographie und dem Werk Oppenheims widmeten. Andere Gruppen haben sich mit weiteren Biografien von Vertreter\/-innen j\u00fcdischer Emanzipation wie etwa der Bankiersfamilie Rothschild auseinandergesetzt und haben diese kreativ als Podcast oder Brettspiel verarbeitet. Mit Blick auf moderne Musik wurde der Frage nachgegangen, wie Ghetto-Erfahrungen fr\u00fcher und heute darin verarbeitet wurden. Bildgewaltig waren die Fotodokumentation J\u00fcdischen Lebens am Beispiel von j\u00fcdischer Gemeinde und j\u00fcdischem Friedhof, sowie die B\u00fchneninszenierung zur Atmosph\u00e4re in den j\u00fcdischen Salons des 19. Jahrhunderts. In verschiedenen Klassenzimmern der Sch\u00fcler stellten die Sch\u00fcler\/-innen ihre Projektergebnisse aus und standen den interessierten Besucher\/-innen Rede und Antwort. Schulleiter Thomas Wolf zeigte sich begeistert von der Vielfalt der entstandenen Ergebnisse: \u201eEs ist beeindruckend, in welch kurzer Zeit sich die Sch\u00fcler in diese komplexe Zeit eingearbeitet haben. F\u00fcr das Gelingen standen ihnen nur wenige Tage zur Verf\u00fcgung. Dass sie wie selbstverst\u00e4ndlich ihre Arbeitsergebnisse einem gro\u00dfen Publikum pr\u00e4sentiert haben, ist ein gro\u00dfer Lernerfolg, den wir k\u00fcnftig auch weiteren Sch\u00fclern erm\u00f6glichen werden.\u201c Das Herzst\u00fcck der Projektwoche und auch des Abends bildete die der Dokumentarfilm \u201eMoritz Daniel Oppenheim macht Schule\u201c, der von Isabel Gathof, einer Hanauer Filmproduzentin und Alumna der Kreuzburg realisiert wurde. \u201eIch freue mich sehr dar\u00fcber, dass die Kreuzburg das Thema meines Films in ihr schulisches Curriculum aufgenommen hat. Mich ber\u00fchrt die inhaltliche Tiefe und die Begeisterung der Klassen, mit der sie sich dieser ihnen doch fremden Zeit und Kultur auseinandergesetzt haben,\u201c befand Gathof am Ende der Veranstaltung. Der Abend stie\u00df sowohl bei den Sch\u00fcler\/-innen, als auch bei unseren zahlreichen Besucher\/-innen auf gro\u00dfes Interesse und wusste, die Anwesenden zu begeistern. Carsten Reichert, p\u00e4dagogischer Stufenleiter der Jahrgangsstufen 9\/10, hat die Projektwoche mit einem Dutzend weiterer Kolleg\/-innen organisiert und vorbereitet. Er ordnete in seiner Moderation des Abends die Bedeutung der Projektwoche und des Abends noch einmal abschlie\u00dfend ein: \u201eIn einer Zeit, in der J\u00fcdischsein in Deutschland nicht mehr gefahrlos gezeigt und gelebt werden kann, ist es wichtig, dass wir uns auf die Wurzeln j\u00fcdisch-deutscher Geschichte besinnen und betonen, dass ein friedliches Zusammenleben beider \u2013 ja, aller &#8211; Religionen in unserer Gesellschaft wichtig und m\u00f6glich ist. Dies haben unsere Lernenden in eindrucksvoller Weise herausgearbeitet.\u201c","protected":false},"author":11,"featured_media":38067,"comment_status":"closed","ping_status":"closed","sticky":false,"template":"","format":"standard","meta":{"ngg_post_thumbnail":0,"footnotes":""},"categories":[1],"tags":[],"class_list":["post-38066","post","type-post","status-publish","format-standard","has-post-thumbnail","hentry","category-allgemein"],"publishpress_future_action":{"enabled":false,"date":"2026-05-07 11:14:30","action":"change-status","newStatus":"draft","terms":[],"taxonomy":"category","extraData":[]},"publishpress_future_workflow_manual_trigger":{"enabledWorkflows":[]},"_links":{"self":[{"href":"https:\/\/franziskanergymnasium-kreuzburg.de\/cms\/wp-json\/wp\/v2\/posts\/38066","targetHints":{"allow":["GET"]}}],"collection":[{"href":"https:\/\/franziskanergymnasium-kreuzburg.de\/cms\/wp-json\/wp\/v2\/posts"}],"about":[{"href":"https:\/\/franziskanergymnasium-kreuzburg.de\/cms\/wp-json\/wp\/v2\/types\/post"}],"author":[{"embeddable":true,"href":"https:\/\/franziskanergymnasium-kreuzburg.de\/cms\/wp-json\/wp\/v2\/users\/11"}],"replies":[{"embeddable":true,"href":"https:\/\/franziskanergymnasium-kreuzburg.de\/cms\/wp-json\/wp\/v2\/comments?post=38066"}],"version-history":[{"count":11,"href":"https:\/\/franziskanergymnasium-kreuzburg.de\/cms\/wp-json\/wp\/v2\/posts\/38066\/revisions"}],"predecessor-version":[{"id":38081,"href":"https:\/\/franziskanergymnasium-kreuzburg.de\/cms\/wp-json\/wp\/v2\/posts\/38066\/revisions\/38081"}],"wp:featuredmedia":[{"embeddable":true,"href":"https:\/\/franziskanergymnasium-kreuzburg.de\/cms\/wp-json\/wp\/v2\/media\/38067"}],"wp:attachment":[{"href":"https:\/\/franziskanergymnasium-kreuzburg.de\/cms\/wp-json\/wp\/v2\/media?parent=38066"}],"wp:term":[{"taxonomy":"category","embeddable":true,"href":"https:\/\/franziskanergymnasium-kreuzburg.de\/cms\/wp-json\/wp\/v2\/categories?post=38066"},{"taxonomy":"post_tag","embeddable":true,"href":"https:\/\/franziskanergymnasium-kreuzburg.de\/cms\/wp-json\/wp\/v2\/tags?post=38066"}],"curies":[{"name":"wp","href":"https:\/\/api.w.org\/{rel}","templated":true}]}}