{"id":38129,"date":"2023-11-30T19:10:08","date_gmt":"2023-11-30T18:10:08","guid":{"rendered":"https:\/\/franziskanergymnasium-kreuzburg.de\/cms\/?p=38129"},"modified":"2023-11-30T19:15:41","modified_gmt":"2023-11-30T18:15:41","slug":"afghanistan-vortraege-von-annette-und-dr-reinhard-eroes-am-franziskanergymnasium-kreuzburg","status":"publish","type":"post","link":"https:\/\/franziskanergymnasium-kreuzburg.de\/cms\/afghanistan-vortraege-von-annette-und-dr-reinhard-eroes-am-franziskanergymnasium-kreuzburg\/","title":{"rendered":"Afghanistan-Vortr\u00e4ge von Annette und Dr. Reinhard Er\u00f6s am Franziskanergymnasium Kreuzburg"},"content":{"rendered":"<strong>Am 30.11.2023 hielt das Ehepaar Er\u00f6s zwei Vortr\u00e4ge zum Thema Afghanistan in der Aula des Franziskanergymnasiums.<\/strong> <br><br>\r\n\r\nW\u00e4hrend des ersten Vortrags, welcher von Annette Er\u00f6s gehalten wurde, wurden die Sch\u00fclerinnen und Sch\u00fcler \u00fcber die politische Lage sowie das Leben in Afghanistan informiert. Dieses hat sich binnen der letzten 40 Jahre, der Zeit, in der Familie Er\u00f6s dort immer wieder ans\u00e4ssig war, vollkommen ge\u00e4ndert, bedingt durch diverse Kriege, als auch durch einen massiven Regierungswechsel. <br>\r\n\r\nFrau Er\u00f6s informierte sehr detailreich \u00fcber jene \u00c4nderungen, die humanit\u00e4re Arbeit ihres Mannes und ihr gemeinsames Leben vor Ort, wodurch die anwesenden Sch\u00fclerinnen und Sch\u00fcler der Klassen 9 und 10 umfassend informiert wurden.<br><br>\r\nDer zweite Vortrag, welcher sich an die Oberstufensch\u00fclerinnen und -sch\u00fcler der Jahrg\u00e4nge 11 bis 13 richtete, wurde von Dr. Reinhard Er\u00f6s selbst gehalten. Er wolle die Anwesenden f\u00fcr mehr politisches Interesse sensibilisieren und sie ebenfalls \u00fcber die Lage in Afghanistan informieren, da diese immer weniger von allgemeinem Interesse sei, so Er\u00f6s. Leider kam es bei der Beantwortung einer Nachfrage eines Sch\u00fclers zu Ausf\u00e4lligkeiten gegen\u00fcber Sch\u00fclern und Lehrkr\u00e4ften, die von Seiten der Verantwortlichen des Franziskanergymnasiums nicht toleriert werden konnten. <br><br>Der Vortrag wurde von der Schulleitung abgebrochen. Wir bedauern den Ausgang der Veranstaltung zutiefst. \r\n","protected":false},"excerpt":{"rendered":"Am 30.11.2023 hielt das Ehepaar Er\u00f6s zwei Vortr\u00e4ge zum Thema Afghanistan in der Aula des Franziskanergymnasiums. W\u00e4hrend des ersten Vortrags, welcher von Annette Er\u00f6s gehalten wurde, wurden die Sch\u00fclerinnen und Sch\u00fcler \u00fcber die politische Lage sowie das Leben in Afghanistan informiert. Dieses hat sich binnen der letzten 40 Jahre, der Zeit, in der Familie Er\u00f6s dort immer wieder ans\u00e4ssig war, vollkommen ge\u00e4ndert, bedingt durch diverse Kriege, als auch durch einen massiven Regierungswechsel. Frau Er\u00f6s informierte sehr detailreich \u00fcber jene \u00c4nderungen, die humanit\u00e4re Arbeit ihres Mannes und ihr gemeinsames Leben vor Ort, wodurch die anwesenden Sch\u00fclerinnen und Sch\u00fcler der Klassen 9 und 10 umfassend informiert wurden. Der zweite Vortrag, welcher sich an die Oberstufensch\u00fclerinnen und -sch\u00fcler der Jahrg\u00e4nge 11 bis 13 richtete, wurde von Dr. Reinhard Er\u00f6s selbst gehalten. Er wolle die Anwesenden f\u00fcr mehr politisches Interesse sensibilisieren und sie ebenfalls \u00fcber die Lage in Afghanistan informieren, da diese immer weniger von allgemeinem Interesse sei, so Er\u00f6s. Leider kam es bei der Beantwortung einer Nachfrage eines Sch\u00fclers zu Ausf\u00e4lligkeiten gegen\u00fcber Sch\u00fclern und Lehrkr\u00e4ften, die von Seiten der Verantwortlichen des Franziskanergymnasiums nicht toleriert werden konnten. Der Vortrag wurde von der Schulleitung abgebrochen. Wir bedauern den Ausgang der Veranstaltung zutiefst.","protected":false},"author":11,"featured_media":38131,"comment_status":"closed","ping_status":"closed","sticky":false,"template":"","format":"standard","meta":{"ngg_post_thumbnail":0,"footnotes":""},"categories":[1],"tags":[],"class_list":["post-38129","post","type-post","status-publish","format-standard","has-post-thumbnail","hentry","category-allgemein"],"publishpress_future_action":{"enabled":false,"date":"2026-05-08 11:50:54","action":"change-status","newStatus":"draft","terms":[],"taxonomy":"category","extraData":[]},"publishpress_future_workflow_manual_trigger":{"enabledWorkflows":[]},"_links":{"self":[{"href":"https:\/\/franziskanergymnasium-kreuzburg.de\/cms\/wp-json\/wp\/v2\/posts\/38129","targetHints":{"allow":["GET"]}}],"collection":[{"href":"https:\/\/franziskanergymnasium-kreuzburg.de\/cms\/wp-json\/wp\/v2\/posts"}],"about":[{"href":"https:\/\/franziskanergymnasium-kreuzburg.de\/cms\/wp-json\/wp\/v2\/types\/post"}],"author":[{"embeddable":true,"href":"https:\/\/franziskanergymnasium-kreuzburg.de\/cms\/wp-json\/wp\/v2\/users\/11"}],"replies":[{"embeddable":true,"href":"https:\/\/franziskanergymnasium-kreuzburg.de\/cms\/wp-json\/wp\/v2\/comments?post=38129"}],"version-history":[{"count":5,"href":"https:\/\/franziskanergymnasium-kreuzburg.de\/cms\/wp-json\/wp\/v2\/posts\/38129\/revisions"}],"predecessor-version":[{"id":38136,"href":"https:\/\/franziskanergymnasium-kreuzburg.de\/cms\/wp-json\/wp\/v2\/posts\/38129\/revisions\/38136"}],"wp:featuredmedia":[{"embeddable":true,"href":"https:\/\/franziskanergymnasium-kreuzburg.de\/cms\/wp-json\/wp\/v2\/media\/38131"}],"wp:attachment":[{"href":"https:\/\/franziskanergymnasium-kreuzburg.de\/cms\/wp-json\/wp\/v2\/media?parent=38129"}],"wp:term":[{"taxonomy":"category","embeddable":true,"href":"https:\/\/franziskanergymnasium-kreuzburg.de\/cms\/wp-json\/wp\/v2\/categories?post=38129"},{"taxonomy":"post_tag","embeddable":true,"href":"https:\/\/franziskanergymnasium-kreuzburg.de\/cms\/wp-json\/wp\/v2\/tags?post=38129"}],"curies":[{"name":"wp","href":"https:\/\/api.w.org\/{rel}","templated":true}]}}