{"id":38138,"date":"2023-12-04T07:00:51","date_gmt":"2023-12-04T06:00:51","guid":{"rendered":"https:\/\/franziskanergymnasium-kreuzburg.de\/cms\/?p=38138"},"modified":"2023-11-30T19:31:13","modified_gmt":"2023-11-30T18:31:13","slug":"adventsimpuls-montag-der-04-dezember-2023","status":"publish","type":"post","link":"https:\/\/franziskanergymnasium-kreuzburg.de\/cms\/adventsimpuls-montag-der-04-dezember-2023\/","title":{"rendered":"Adventsimpuls, Montag der 04. Dezember 2023"},"content":{"rendered":"<strong><em>\u201eAn der Krippe\u201c<\/em><\/strong><br><br>\r\n\r\n\r\n<strong>Begr\u00fc\u00dfung und Er\u00f6ffnung<\/strong><br>\r\n\r\n\r\nLied: <strong>\u201eIch steh an deiner Krippe hier\u201c<\/strong><br>\r\nUnterstufe zum Mitsingen (4.01 Min): <a href=\"https:\/\/www.youtube.com\/watch?v=Wdq8Y-QdwU8\" rel=\"noopener\" target=\"_blank\">Ich steh an deiner Krippe<\/a><br>\r\nf\u00fcr Mittel- und Oberstufe:<br>\r\n<a href=\"https:\/\/www.youtube.com\/watch?v=4YFTuZefukY\" rel=\"noopener\" target=\"_blank\">zum Mitsingen<\/a> (5.49 min)<br>\r\n<a href=\"https:\/\/www.youtube.com\/watch?v=4YFTuZefukY\" rel=\"noopener\" target=\"_blank\">zum Zuh\u00f6ren<\/a>(2.20 min)\r\n<br><br>\r\n\r\n<strong>Einstimmung<\/strong><br>\r\nIn diesem Jahr steht zum ersten Mal in der Aula eine begehbare Krippe. Diese Krippe haben Eltern und Sch\u00fcler in den vergangenen Wochen entworfen und gebaut. Das hat einen Grund. Vor 800 Jahren inszenierte Franziskus in einem Dorf in Italien mit dem Namen Greccio zum ersten Mal ein Weihnachtsspiel. Daraus entstand die Tradition, Krippen in Kirchen und sp\u00e4ter auch zuhause aufzustellen. Anl\u00e4sslich dieses Jubil\u00e4ums wurde es Zeit, dass auch unsere Schule eine eigene Krippe bekommen sollte. Das Vorhaben umgesetzt. <br>\r\nIn diesem Advent wollen wir die Morgenandachten zum Thema Krippe gestalten. Wir m\u00f6chten Euch alle einladen, diese Krippen-Minuten mit uns zu gehen. Am Ende der Andacht bitten wir Euch jeweils, eine Aktion zu unterst\u00fctzen. Sie wird nur gelingen, wenn Ihr m\u00f6glichst alle mitmachen werdet.\r\n<br>\r\n\r\nWir m\u00f6chten Euch nun mit nach Greccio nehmen. Heute noch ist Greccio nur ein kleines Dorf. Als Franziskus und seine Br\u00fcder dort waren, gab es noch kein Kloster, keine Kapelle oder Klosterkirche. Die Br\u00fcder lebten unter freiem Himmel, in H\u00f6hlen oder waren bei den Menschen zu Gast, die sie aufnahmen. Es hei\u00dft, die Menschen dort waren besonders gastfreundlich. Franziskus mochte die Leute da sehr. Um Weihnachten 1223 geschah Folgendes:\r\n<br><br>\r\n\r\n<strong>Die Krippe im Wald<\/strong><br>\r\nEs war sp\u00e4t im Jahr, als Franziskus nach Greccio kam. Der Weihnachtstag stand vor der T\u00fcr. Dieses Mal wollte Franziskus anders als sonst an die Geburt des Jesuskindes erinnern. Das sollte ein Fest werden, wie es noch niemand gefeiert hatte.<br>\r\nDeshalb lie\u00df Franziskus den befreundeten Ritter Giovanni rufen. \u201eDas g\u00f6ttliche Kind wurde in einer zugigen, feuchten H\u00f6hle geboren\u201c, sagte er zu dem Edelmann. \u201eEs lag auf Heu und war arm und schutzlos. Nur der Ochse und der Esel gaben dem Kind W\u00e4rme. Aber das ist lange her. Es wird Zeit, dass wir wieder daran denken.\u201c Dann bat er den Ritter ihm bei den Vorbereitungen f\u00fcr das Fest zu helfen.<br>\r\nAls der Heilige Abend anbrach, funkelten am nachtblauen Himmel die ersten Sterne. Da wurde es im Dorf lebendig. Von \u00fcberall her str\u00f6mten die Menschen zu dem Berg der Br\u00fcder. Sie stiegen die steilen Pfade empor und sangen dabei. Das Echo ihrer Lieder hallte von den Felsen wider. Auch die Gef\u00e4hrten von Franziskus hatten sich den Einwohnern aus Greccio angeschlossen. Der Feuerschein ihrer Fackeln erhellte den Wald.<br>\r\nVor einer Grotte hielten die Menschen an. Dort stand eine Krippe f\u00fcr das Jesuskind. Der Ritter Giovanni f\u00fcllte sie mit Heu. Sogar ein Ochse und ein Esel waren von ihm heraufgebracht worden. Die beiden Tiere zupften an den Halmen. <br>\r\nDa begann Franziskus die Geschichte von Weihnachten zu erz\u00e4hlen. \u201eSeht her\u201c, sagte er, \u201eso war es damals, als das Jesuskind zu uns kam. Es lag in einer Futterkrippe, die f\u00fcr die Tiere bestimmt war. Wie alle Kinder dieser Welt hat der kleine Gottessohn geweint und sich erst in den Armen seiner Mutter beruhigt.\u201c<br>\r\nW\u00e4hrend Franziskus sprach, beugte er sich voller Begeisterung zu der Krippe hinunter. Da schien es den Leuten, als l\u00e4ge auf dem Heu tats\u00e4chlich ein Kind. Dar\u00fcber staunten alle und waren so gl\u00fccklich wie noch nie in ihrem Leben. Sie sangen fr\u00f6hliche Lieder.\r\nErst am Morgen kehrten die Menschen zur\u00fcck nach Greccio. \u00dcberall im Land berichteten sie von der wunderbaren Nacht. Von nun an geh\u00f6rte die Krippe mit Ochse und Esel zu jedem Weihnachtsfest.<br>\r\n\r\nl<em>eicht ver\u00e4ndert aus Erich Joo\u00df\/Renate Seelig: Franz von Assisi und die Sprach der Tiere. Stuttgart (2013)<\/em>\r\n<br><br>\r\n<strong>Impuls und Aktion<\/strong><br>\r\nFranziskus l\u00e4dt die Menschen ein, zur Krippe zu kommen, sich an die Krippe zu stellen. Die Krippe in Greccio ist jedoch leer. Da liegt kein Kind. Die Menschen k\u00f6nnen mit dem kommen, was sie in ihrem Leben bewegt. Sie k\u00f6nnen ihre Bitten an die Krippe bringen.<br>\r\n\r\nAuch unsere Krippe ist noch leer. Wir m\u00f6chten Euch bitten, in den n\u00e4chsten Tagen Eure Gebete und Bitten auf einen Zettel zu schreiben und diese in die Krippe zu legen. In der kommenden Woche wollen wir Eure Bitten und Gedanken in den Morgenimpuls einbringen. Ihr f\u00fcllt mit Euren Bitten nicht nur die Krippe, sondern auch unsere morgendliche Andacht.<br><br>\r\n\r\n\r\n<strong>1 Minute f\u00fcr den Frieden<\/strong><br>\r\nDie erste Krippe stand im Heiligen Land. Dort jedoch herrscht zurzeit alles andere als weihnachtlicher Friede. Menschen sterben dort. Der Krieg wirkt sich auf den Frieden in anderen L\u00e4ndern aus. Auch in Deutschland werden wieder Juden angegriffen.<br><br>\r\n<strong>Wir wollen 1 Minute schweigen und f\u00fcr den Frieden beten.<\/strong>\r\n<br><br>\r\n<strong>Vater unser<\/strong><br>\r\n\r\n<em><strong>Gebet<\/strong><\/em><br>\r\nHerr Jesus Christus,<br>\r\nbald wirst du kommen, in diese Krippe in der Aula,<br>\r\ndie jetzt noch leer ist.<br>\r\nKein Platz ist dir zu gering, kein Ort zu armselig,<br>\r\ndass du dort nicht hingehen w\u00fcrdest.<br>\r\nSchau auf mich! Komm auch zu mir,<br>\r\nIch danke dir und warte auf dich \u2013 sehns\u00fcchtig!<br>\r\n\r\n<em>(nach: Pater Werner Pieper OMI)<\/em>\r\n\r\n","protected":false},"excerpt":{"rendered":"\u201eAn der Krippe\u201c Begr\u00fc\u00dfung und Er\u00f6ffnung Lied: \u201eIch steh an deiner Krippe hier\u201c Unterstufe zum Mitsingen (4.01 Min): Ich steh an deiner Krippe f\u00fcr Mittel- und Oberstufe: zum Mitsingen (5.49 min) zum Zuh\u00f6ren(2.20 min) Einstimmung In diesem Jahr steht zum ersten Mal in der Aula eine begehbare Krippe. Diese Krippe haben Eltern und Sch\u00fcler in den vergangenen Wochen entworfen und gebaut. Das hat einen Grund. Vor 800 Jahren inszenierte Franziskus in einem Dorf in Italien mit dem Namen Greccio zum ersten Mal ein Weihnachtsspiel. Daraus entstand die Tradition, Krippen in Kirchen und sp\u00e4ter auch zuhause aufzustellen. Anl\u00e4sslich dieses Jubil\u00e4ums wurde es Zeit, dass auch unsere Schule eine eigene Krippe bekommen sollte. Das Vorhaben umgesetzt. In diesem Advent wollen wir die Morgenandachten zum Thema Krippe gestalten. Wir m\u00f6chten Euch alle einladen, diese Krippen-Minuten mit uns zu gehen. Am Ende der Andacht bitten wir Euch jeweils, eine Aktion zu unterst\u00fctzen. Sie wird nur gelingen, wenn Ihr m\u00f6glichst alle mitmachen werdet. Wir m\u00f6chten Euch nun mit nach Greccio nehmen. Heute noch ist Greccio nur ein kleines Dorf. Als Franziskus und seine Br\u00fcder dort waren, gab es noch kein Kloster, keine Kapelle oder Klosterkirche. Die Br\u00fcder lebten unter freiem Himmel, in H\u00f6hlen oder waren bei den Menschen zu Gast, die sie aufnahmen. Es hei\u00dft, die Menschen dort waren besonders gastfreundlich. Franziskus mochte die Leute da sehr. Um Weihnachten 1223 geschah Folgendes: Die Krippe im Wald Es war sp\u00e4t im Jahr, als Franziskus nach Greccio kam. Der Weihnachtstag stand vor der T\u00fcr. Dieses Mal wollte Franziskus anders als sonst an die Geburt des Jesuskindes erinnern. Das sollte ein Fest werden, wie es noch niemand gefeiert hatte. Deshalb lie\u00df Franziskus den befreundeten Ritter Giovanni rufen. \u201eDas g\u00f6ttliche Kind wurde in einer zugigen, feuchten H\u00f6hle geboren\u201c, sagte er zu dem Edelmann. \u201eEs lag auf Heu und war arm und schutzlos. Nur der Ochse und der Esel gaben dem Kind W\u00e4rme. Aber das ist lange her. Es wird Zeit, dass wir wieder daran denken.\u201c Dann bat er den Ritter ihm bei den Vorbereitungen f\u00fcr das Fest zu helfen. Als der Heilige Abend anbrach, funkelten am nachtblauen Himmel die ersten Sterne. Da wurde es im Dorf lebendig. Von \u00fcberall her str\u00f6mten die Menschen zu dem Berg der Br\u00fcder. Sie stiegen die steilen Pfade empor und sangen dabei. Das Echo ihrer Lieder hallte von den Felsen wider. Auch die Gef\u00e4hrten von Franziskus hatten sich den Einwohnern aus Greccio angeschlossen. Der Feuerschein ihrer Fackeln erhellte den Wald. Vor einer Grotte hielten die Menschen an. Dort stand eine Krippe f\u00fcr das Jesuskind. Der Ritter Giovanni f\u00fcllte sie mit Heu. Sogar ein Ochse und ein Esel waren von ihm heraufgebracht worden. Die beiden Tiere zupften an den Halmen. Da begann Franziskus die Geschichte von Weihnachten zu erz\u00e4hlen. \u201eSeht her\u201c, sagte er, \u201eso war es damals, als das Jesuskind zu uns kam. Es lag in einer Futterkrippe, die f\u00fcr die Tiere bestimmt war. Wie alle Kinder dieser Welt hat der kleine Gottessohn geweint und sich erst in den Armen seiner Mutter beruhigt.\u201c W\u00e4hrend Franziskus sprach, beugte er sich voller Begeisterung zu der Krippe hinunter. Da schien es den Leuten, als l\u00e4ge auf dem Heu tats\u00e4chlich ein Kind. Dar\u00fcber staunten alle und waren so gl\u00fccklich wie noch nie in ihrem Leben. Sie sangen fr\u00f6hliche Lieder. Erst am Morgen kehrten die Menschen zur\u00fcck nach Greccio. \u00dcberall im Land berichteten sie von der wunderbaren Nacht. Von nun an geh\u00f6rte die Krippe mit Ochse und Esel zu jedem Weihnachtsfest. leicht ver\u00e4ndert aus Erich Joo\u00df\/Renate Seelig: Franz von Assisi und die Sprach der Tiere. Stuttgart (2013) Impuls und Aktion Franziskus l\u00e4dt die Menschen ein, zur Krippe zu kommen, sich an die Krippe zu stellen. Die Krippe in Greccio ist jedoch leer. Da liegt kein Kind. Die Menschen k\u00f6nnen mit dem kommen, was sie in ihrem Leben bewegt. Sie k\u00f6nnen ihre Bitten an die Krippe bringen. Auch unsere Krippe ist noch leer. Wir m\u00f6chten Euch bitten, in den n\u00e4chsten Tagen Eure Gebete und Bitten auf einen Zettel zu schreiben und diese in die Krippe zu legen. In der kommenden Woche wollen wir Eure Bitten und Gedanken in den Morgenimpuls einbringen. Ihr f\u00fcllt mit Euren Bitten nicht nur die Krippe, sondern auch unsere morgendliche Andacht. 1 Minute f\u00fcr den Frieden Die erste Krippe stand im Heiligen Land. Dort jedoch herrscht zurzeit alles andere als weihnachtlicher Friede. Menschen sterben dort. Der Krieg wirkt sich auf den Frieden in anderen L\u00e4ndern aus. Auch in Deutschland werden wieder Juden angegriffen. Wir wollen 1 Minute schweigen und f\u00fcr den Frieden beten. Vater unser Gebet Herr Jesus Christus, bald wirst du kommen, in diese Krippe in der Aula, die jetzt noch leer ist. Kein Platz ist dir zu gering, kein Ort zu armselig, dass du dort nicht hingehen w\u00fcrdest. Schau auf mich! Komm auch zu mir, Ich danke dir und warte auf dich \u2013 sehns\u00fcchtig! (nach: Pater Werner Pieper OMI)","protected":false},"author":11,"featured_media":38118,"comment_status":"closed","ping_status":"closed","sticky":false,"template":"","format":"standard","meta":{"ngg_post_thumbnail":0,"footnotes":""},"categories":[1],"tags":[],"class_list":["post-38138","post","type-post","status-publish","format-standard","has-post-thumbnail","hentry","category-allgemein"],"publishpress_future_action":{"enabled":false,"date":"2026-05-08 13:02:39","action":"change-status","newStatus":"draft","terms":[],"taxonomy":"category","extraData":[]},"publishpress_future_workflow_manual_trigger":{"enabledWorkflows":[]},"_links":{"self":[{"href":"https:\/\/franziskanergymnasium-kreuzburg.de\/cms\/wp-json\/wp\/v2\/posts\/38138","targetHints":{"allow":["GET"]}}],"collection":[{"href":"https:\/\/franziskanergymnasium-kreuzburg.de\/cms\/wp-json\/wp\/v2\/posts"}],"about":[{"href":"https:\/\/franziskanergymnasium-kreuzburg.de\/cms\/wp-json\/wp\/v2\/types\/post"}],"author":[{"embeddable":true,"href":"https:\/\/franziskanergymnasium-kreuzburg.de\/cms\/wp-json\/wp\/v2\/users\/11"}],"replies":[{"embeddable":true,"href":"https:\/\/franziskanergymnasium-kreuzburg.de\/cms\/wp-json\/wp\/v2\/comments?post=38138"}],"version-history":[{"count":6,"href":"https:\/\/franziskanergymnasium-kreuzburg.de\/cms\/wp-json\/wp\/v2\/posts\/38138\/revisions"}],"predecessor-version":[{"id":38148,"href":"https:\/\/franziskanergymnasium-kreuzburg.de\/cms\/wp-json\/wp\/v2\/posts\/38138\/revisions\/38148"}],"wp:featuredmedia":[{"embeddable":true,"href":"https:\/\/franziskanergymnasium-kreuzburg.de\/cms\/wp-json\/wp\/v2\/media\/38118"}],"wp:attachment":[{"href":"https:\/\/franziskanergymnasium-kreuzburg.de\/cms\/wp-json\/wp\/v2\/media?parent=38138"}],"wp:term":[{"taxonomy":"category","embeddable":true,"href":"https:\/\/franziskanergymnasium-kreuzburg.de\/cms\/wp-json\/wp\/v2\/categories?post=38138"},{"taxonomy":"post_tag","embeddable":true,"href":"https:\/\/franziskanergymnasium-kreuzburg.de\/cms\/wp-json\/wp\/v2\/tags?post=38138"}],"curies":[{"name":"wp","href":"https:\/\/api.w.org\/{rel}","templated":true}]}}