{"id":38173,"date":"2023-12-11T13:07:48","date_gmt":"2023-12-11T12:07:48","guid":{"rendered":"https:\/\/franziskanergymnasium-kreuzburg.de\/cms\/?p=38173"},"modified":"2023-12-11T13:09:27","modified_gmt":"2023-12-11T12:09:27","slug":"sv-vernetzungsseminar-der-katholischen-weiterfuehrenden-schulen-in-hessen","status":"publish","type":"post","link":"https:\/\/franziskanergymnasium-kreuzburg.de\/cms\/sv-vernetzungsseminar-der-katholischen-weiterfuehrenden-schulen-in-hessen\/","title":{"rendered":"SV-Vernetzungsseminar der katholischen weiterf\u00fchrenden Schulen in Hessen"},"content":{"rendered":"<a attid=\"38176\"  href=\"https:\/\/franziskanergymnasium-kreuzburg.de\/cms\/wp-content\/uploads\/2023\/12\/Gruppenbild_12Schulen.jpg\" rel=\"lightbox[38173]\"><img loading=\"lazy\" decoding=\"async\" src=\"https:\/\/franziskanergymnasium-kreuzburg.de\/cms\/wp-content\/uploads\/2023\/12\/Gruppenbild_12Schulen-300x225.jpg\" alt=\"\" width=\"300\" height=\"225\" class=\"alignright size-medium wp-image-38176\" srcset=\"https:\/\/franziskanergymnasium-kreuzburg.de\/cms\/wp-content\/uploads\/2023\/12\/Gruppenbild_12Schulen-300x225.jpg 300w, https:\/\/franziskanergymnasium-kreuzburg.de\/cms\/wp-content\/uploads\/2023\/12\/Gruppenbild_12Schulen-1024x768.jpg 1024w, https:\/\/franziskanergymnasium-kreuzburg.de\/cms\/wp-content\/uploads\/2023\/12\/Gruppenbild_12Schulen-768x576.jpg 768w, https:\/\/franziskanergymnasium-kreuzburg.de\/cms\/wp-content\/uploads\/2023\/12\/Gruppenbild_12Schulen.jpg 1200w\" sizes=\"auto, (max-width: 300px) 100vw, 300px\" \/><\/a>\r\nDas Franziskanische Bildungswerk (FBW) hat schon vor einigen Jahren ein Vernetzungsseminar f\u00fcr katholische Schulen ins Hessen ins Leben gerufen. Nach vielen jahren Pause gibt es dieses Angebot seit letztem Jahr wieder. Letzte Woche nahmen 12 von 18 katholischen Schulen teil und vertraten damit die Bist\u00fcmer Mainz, Limburg und Fulda. <br>\r\nDas Seminar startete mit einer intensiven Kennlernphase am 07.12.23 in der Jugendherberge in Fulda. Anschlie\u00dfend ging es in schulinterne Reflexionsrunden, was aktive oder geplante Aktionen der entsprechenden SVen sind, wo normale Aktionen wie die Nikolaus- oder Rosenaktion genannt wurden aber auch besondere Ideen vorgestellt wurden. Ebenfalls wurden Probleme und Schwierigkeiten der jeweiligen SVen genauso wie aktuelle gro\u00dfe und kleine Themen an den Schulen besprochen und vorgestellt. So haben zum Beispiel neben der Kreuzburg auch andere Schulen immer wieder mit Vandalismus auf den Toiletten zu k\u00e4mpfen. Au\u00dferdem ist die fehlende finanzielle Unterst\u00fctzung bei der Beschaffung von Damenhygieneartikeln an vielen anderen Schulen und insbesondere an den drei vertretenen M\u00e4dchenschulen ebenfalls ein gro\u00dfes Problem. <br>\r\n<a attid=\"38177\"  href=\"https:\/\/franziskanergymnasium-kreuzburg.de\/cms\/wp-content\/uploads\/2023\/12\/Vorstand.jpg\" rel=\"lightbox[38173]\"><img loading=\"lazy\" decoding=\"async\" src=\"https:\/\/franziskanergymnasium-kreuzburg.de\/cms\/wp-content\/uploads\/2023\/12\/Vorstand-261x300.jpg\" alt=\"\" width=\"261\" height=\"300\" class=\"alignleft size-medium wp-image-38177\" srcset=\"https:\/\/franziskanergymnasium-kreuzburg.de\/cms\/wp-content\/uploads\/2023\/12\/Vorstand-261x300.jpg 261w, https:\/\/franziskanergymnasium-kreuzburg.de\/cms\/wp-content\/uploads\/2023\/12\/Vorstand-889x1024.jpg 889w, https:\/\/franziskanergymnasium-kreuzburg.de\/cms\/wp-content\/uploads\/2023\/12\/Vorstand-768x884.jpg 768w, https:\/\/franziskanergymnasium-kreuzburg.de\/cms\/wp-content\/uploads\/2023\/12\/Vorstand.jpg 1042w\" sizes=\"auto, (max-width: 261px) 100vw, 261px\" \/><\/a>Nach dem Abendessen teilten wir uns in f\u00fcnf Expert*innengruppen auf, wo wir die gr\u00f6\u00dften Probleme und Themen besprachen. Dabei ging es um Kommunikation in der SV, aber auch um Kommunikation zwischen der SV und den Sch\u00fcler*innen, Lehrkr\u00e4ften, Eltern sowie der Schulleitung. Besprochen wurde auch die Themen Mental Health und Lebensraum Schule, da laut schulinternen Umfragen einiger anwesender Schulen die Sch\u00fcler*innen zusehends unter Stress, Leistungsdruck und dem Thema Mobbing litten. Des Weiteren gab es eine Expert*innengruppe zu den verschiedenen Aktionen, wie sie umgesetzt werden k\u00f6nnen und welche Schwierigkeiten es zu bew\u00e4ltigen gibt. Zuletzt war Digitalisierung noch ein gro\u00dfes Thema, da es bei vielen Bistumsschulen auf Grund von diversen Regelungen Einschr\u00e4nkungen bei den Betriebsprogrammen gibt. Auch der Ausbau der Netzwerke in den Schulen erweist sich oft als schwierig. Hierbei versuchte die Vertretung der Kreuzburg ihre Erfahrung durch die gelungene Digitalisierung einzubringen und steht den Schulen, die sich aktuell auf dem Weg zur \u201eDigitalen Schule\u201c befinden in Zukunft unterst\u00fctzend zur Seite. \r\nAm Morgen des 08.12.23 gab es ein st\u00e4rkendes Fr\u00fchst\u00fcck woraufhin die Arbeit der restlichen Expertengruppen besprochen wurde. \r\nAnschlie\u00dfend gab es einen Programmpunkt, auf den sich alle freuten, ihm aber auch mit skeptischer Spannung entgegenblickten. Die Albertus-Magnus-Schule hatte im Vorfeld dieses Seminars dazu aufgerufen, die Landessch\u00fcler*innenvertretung katholischer Schulen nach 13 Jahren wiederzubeleben. Zuletzt hatte sie 2012 aktiv gewirkt. <br>\r\nSo setzten sich die Teilnehmenden mit der Gesch\u00e4ftsordnung aus dem Jahr 2012 auseinander und berieten, wie Wahlen f\u00fcr den Vorstand durchzuf\u00fchren seien. Dabei wurde sich an der \u201eOrdnung der Sch\u00fclervertretung an den katholischen freien Schulen in Hessen\u201c von 1994 orientiert. Nach Abschluss der entsprechenden Wahlen waren die sechs \u00c4mter des Vorstands wieder besetzt. Das Amt des Landesschulsprechers hat Louis B. von der Albertus-Magnus-Schule in Viernheim inne. Die Vertretung \u00fcbernimmt Daria S. von der Stiftschule St. Johann in Am\u00f6neburg. Gesch\u00e4ftsf\u00fchrerin ist Cansu A. von der Edith-Stein-Schule in Darmstadt. Die 3 Beisitzer*innen sind Eva T. (Maria-Ward-Schule Bad Homburg), Constantin K. (Ursulinenschule Fritzlar) und Luca F. (Stiftsschule St. Johann Am\u00f6neburg).. Die Delegierten haben vor, die alte Gesch\u00e4ftsordnung aus dem Jahr 2012 zu \u00fcberarbeiten und ein funktionierendes Kommunikationsnetzwerk zwischen den einzelnen Schulen auszuarbeiten. <br>\r\nZusammenfassend waren dies zwei \u00e4u\u00dferst produktive Tage auf dem SV-Seminar katholischer Schulen in Hessen, die den Zusammenhalt zwischen den einzelnen Sch\u00fcler*innenvertretungen der verschiedenen Schulen festigten. Es wird sich auch weiterhin eine gute und produktive Zusammenarbeit erhofft, auch wenn das bevorstehende Jahr viele Herausforderungen mit sich bringt.<br>\r\nEin Bericht von Jean Pierre Zschocke TG Kessler (12d)","protected":false},"excerpt":{"rendered":"Das Franziskanische Bildungswerk (FBW) hat schon vor einigen Jahren ein Vernetzungsseminar f\u00fcr katholische Schulen ins Hessen ins Leben gerufen. Nach vielen jahren Pause gibt es dieses Angebot seit letztem Jahr wieder. Letzte Woche nahmen 12 von 18 katholischen Schulen teil und vertraten damit die Bist\u00fcmer Mainz, Limburg und Fulda. Das Seminar startete mit einer intensiven Kennlernphase am 07.12.23 in der Jugendherberge in Fulda. Anschlie\u00dfend ging es in schulinterne Reflexionsrunden, was aktive oder geplante Aktionen der entsprechenden SVen sind, wo normale Aktionen wie die Nikolaus- oder Rosenaktion genannt wurden aber auch besondere Ideen vorgestellt wurden. Ebenfalls wurden Probleme und Schwierigkeiten der jeweiligen SVen genauso wie aktuelle gro\u00dfe und kleine Themen an den Schulen besprochen und vorgestellt. So haben zum Beispiel neben der Kreuzburg auch andere Schulen immer wieder mit Vandalismus auf den Toiletten zu k\u00e4mpfen. Au\u00dferdem ist die fehlende finanzielle Unterst\u00fctzung bei der Beschaffung von Damenhygieneartikeln an vielen anderen Schulen und insbesondere an den drei vertretenen M\u00e4dchenschulen ebenfalls ein gro\u00dfes Problem. Nach dem Abendessen teilten wir uns in f\u00fcnf Expert*innengruppen auf, wo wir die gr\u00f6\u00dften Probleme und Themen besprachen. Dabei ging es um Kommunikation in der SV, aber auch um Kommunikation zwischen der SV und den Sch\u00fcler*innen, Lehrkr\u00e4ften, Eltern sowie der Schulleitung. Besprochen wurde auch die Themen Mental Health und Lebensraum Schule, da laut schulinternen Umfragen einiger anwesender Schulen die Sch\u00fcler*innen zusehends unter Stress, Leistungsdruck und dem Thema Mobbing litten. Des Weiteren gab es eine Expert*innengruppe zu den verschiedenen Aktionen, wie sie umgesetzt werden k\u00f6nnen und welche Schwierigkeiten es zu bew\u00e4ltigen gibt. Zuletzt war Digitalisierung noch ein gro\u00dfes Thema, da es bei vielen Bistumsschulen auf Grund von diversen Regelungen Einschr\u00e4nkungen bei den Betriebsprogrammen gibt. Auch der Ausbau der Netzwerke in den Schulen erweist sich oft als schwierig. Hierbei versuchte die Vertretung der Kreuzburg ihre Erfahrung durch die gelungene Digitalisierung einzubringen und steht den Schulen, die sich aktuell auf dem Weg zur \u201eDigitalen Schule\u201c befinden in Zukunft unterst\u00fctzend zur Seite. Am Morgen des 08.12.23 gab es ein st\u00e4rkendes Fr\u00fchst\u00fcck woraufhin die Arbeit der restlichen Expertengruppen besprochen wurde. Anschlie\u00dfend gab es einen Programmpunkt, auf den sich alle freuten, ihm aber auch mit skeptischer Spannung entgegenblickten. Die Albertus-Magnus-Schule hatte im Vorfeld dieses Seminars dazu aufgerufen, die Landessch\u00fcler*innenvertretung katholischer Schulen nach 13 Jahren wiederzubeleben. Zuletzt hatte sie 2012 aktiv gewirkt. So setzten sich die Teilnehmenden mit der Gesch\u00e4ftsordnung aus dem Jahr 2012 auseinander und berieten, wie Wahlen f\u00fcr den Vorstand durchzuf\u00fchren seien. Dabei wurde sich an der \u201eOrdnung der Sch\u00fclervertretung an den katholischen freien Schulen in Hessen\u201c von 1994 orientiert. Nach Abschluss der entsprechenden Wahlen waren die sechs \u00c4mter des Vorstands wieder besetzt. Das Amt des Landesschulsprechers hat Louis B. von der Albertus-Magnus-Schule in Viernheim inne. Die Vertretung \u00fcbernimmt Daria S. von der Stiftschule St. Johann in Am\u00f6neburg. Gesch\u00e4ftsf\u00fchrerin ist Cansu A. von der Edith-Stein-Schule in Darmstadt. Die 3 Beisitzer*innen sind Eva T. (Maria-Ward-Schule Bad Homburg), Constantin K. (Ursulinenschule Fritzlar) und Luca F. (Stiftsschule St. Johann Am\u00f6neburg).. Die Delegierten haben vor, die alte Gesch\u00e4ftsordnung aus dem Jahr 2012 zu \u00fcberarbeiten und ein funktionierendes Kommunikationsnetzwerk zwischen den einzelnen Schulen auszuarbeiten. Zusammenfassend waren dies zwei \u00e4u\u00dferst produktive Tage auf dem SV-Seminar katholischer Schulen in Hessen, die den Zusammenhalt zwischen den einzelnen Sch\u00fcler*innenvertretungen der verschiedenen Schulen festigten. Es wird sich auch weiterhin eine gute und produktive Zusammenarbeit erhofft, auch wenn das bevorstehende Jahr viele Herausforderungen mit sich bringt. Ein Bericht von Jean Pierre Zschocke TG Kessler (12d)","protected":false},"author":11,"featured_media":38181,"comment_status":"closed","ping_status":"closed","sticky":false,"template":"","format":"standard","meta":{"ngg_post_thumbnail":0,"footnotes":""},"categories":[1],"tags":[],"class_list":["post-38173","post","type-post","status-publish","format-standard","has-post-thumbnail","hentry","category-allgemein"],"publishpress_future_action":{"enabled":false,"date":"2026-05-05 12:52:09","action":"change-status","newStatus":"draft","terms":[],"taxonomy":"category","extraData":[]},"publishpress_future_workflow_manual_trigger":{"enabledWorkflows":[]},"_links":{"self":[{"href":"https:\/\/franziskanergymnasium-kreuzburg.de\/cms\/wp-json\/wp\/v2\/posts\/38173","targetHints":{"allow":["GET"]}}],"collection":[{"href":"https:\/\/franziskanergymnasium-kreuzburg.de\/cms\/wp-json\/wp\/v2\/posts"}],"about":[{"href":"https:\/\/franziskanergymnasium-kreuzburg.de\/cms\/wp-json\/wp\/v2\/types\/post"}],"author":[{"embeddable":true,"href":"https:\/\/franziskanergymnasium-kreuzburg.de\/cms\/wp-json\/wp\/v2\/users\/11"}],"replies":[{"embeddable":true,"href":"https:\/\/franziskanergymnasium-kreuzburg.de\/cms\/wp-json\/wp\/v2\/comments?post=38173"}],"version-history":[{"count":4,"href":"https:\/\/franziskanergymnasium-kreuzburg.de\/cms\/wp-json\/wp\/v2\/posts\/38173\/revisions"}],"predecessor-version":[{"id":38180,"href":"https:\/\/franziskanergymnasium-kreuzburg.de\/cms\/wp-json\/wp\/v2\/posts\/38173\/revisions\/38180"}],"wp:featuredmedia":[{"embeddable":true,"href":"https:\/\/franziskanergymnasium-kreuzburg.de\/cms\/wp-json\/wp\/v2\/media\/38181"}],"wp:attachment":[{"href":"https:\/\/franziskanergymnasium-kreuzburg.de\/cms\/wp-json\/wp\/v2\/media?parent=38173"}],"wp:term":[{"taxonomy":"category","embeddable":true,"href":"https:\/\/franziskanergymnasium-kreuzburg.de\/cms\/wp-json\/wp\/v2\/categories?post=38173"},{"taxonomy":"post_tag","embeddable":true,"href":"https:\/\/franziskanergymnasium-kreuzburg.de\/cms\/wp-json\/wp\/v2\/tags?post=38173"}],"curies":[{"name":"wp","href":"https:\/\/api.w.org\/{rel}","templated":true}]}}