{"id":38182,"date":"2023-12-20T07:00:20","date_gmt":"2023-12-20T06:00:20","guid":{"rendered":"https:\/\/franziskanergymnasium-kreuzburg.de\/cms\/?p=38182"},"modified":"2023-12-11T14:16:51","modified_gmt":"2023-12-11T13:16:51","slug":"adventsimpuls-mittwoch-der-20-dezember-2023","status":"publish","type":"post","link":"https:\/\/franziskanergymnasium-kreuzburg.de\/cms\/adventsimpuls-mittwoch-der-20-dezember-2023\/","title":{"rendered":"Adventsimpuls, Mittwoch der 20. Dezember 2023"},"content":{"rendered":"<strong>\u201eSei die Krippe!\u201c<\/strong><br><br>\r\nBegr\u00fc\u00dfung und Er\u00f6ffnung\r\n<br><br>\r\n\r\n<strong>Lied: \u201eMacht hoch die T\u00fcr\u201c<\/strong>\r\n\r\n<br><br>\r\n\r\nWir m\u00f6chten euch heute erz\u00e4hlen, wie es Maria und Josef erging \u2013 so kurz vor der Geburt des Kindes:\r\n<br>\r\nIn dieser Zeit befahl der r\u00f6mische Kaiser allen Bewohnern, in ihre Heimat zu gehen. Er wollte z\u00e4hlen, wie viele Leute in seinem Reich lebten. Sie sollten sich dort in Listen eintragen. Josef musste also in seine Heimat Betlehem \u2013 aber er nahm auch seine Maria mit. Der Weg war sehr beschwerlich, da Maria hochschwanger war. Sie mussten irgendwo \u00fcbernachten \u2013 aber egal, wo sie anklopften: niemand hatte ein Bett f\u00fcr sie frei. Schlie\u00dflich fanden sie einen verlassenen Stall, in dem sie bleiben konnten. In dieser Nacht bekam Maria ihren Sohn.<br>\r\n\r\n<em>Quelle: https:\/\/www.katholisch.de\/artikel\/15872-die-weihnachtsgeschichte-fuer-kinder-erzaehlt<\/em><br><br>\r\n\r\n<strong>Impuls<\/strong>\r\n<br><br>\r\nSchon vor der Geburt gab es f\u00fcr die kleine Familie keinen Platz in der Stadt. Alles war belegt, und eine Frau kurz vor der Geburt wollten die Wirte wohl auch nicht bei sich haben. Ein Stall bleibt \u00fcbrig. Die Krippe wird zum Symbol der Gastfreundschaft. In vielen Gegenden hei\u00dfen die Kinderg\u00e4rten darum auch Kinderkrippen.\r\n<br>\r\nDie Geschichte geht weiter. Auch nach der Geburt Jesu wird das Leben von Maria, Josef und Jesus nicht einfacher. Der Machthaber Herodes will das Kind t\u00f6ten. Die Familie muss nach \u00c4gypten fl\u00fcchten.\r\n<br>\r\nDieses Schicksal teilen heute Millionen von Menschen. Weltweite Krisen vertreiben Menschen aus ihren Heimatorten und -l\u00e4ndern. Sie suchen einen sicheren Ort und freundliche Menschen, die sie aufnehmen.\r\n<br>\r\nAber auch in unserem Umfeld gibt es Menschen, die einen Platz f\u00fcr sich suchen. Manche sind traurig, stehen Abseits und sehnen sich nach Gemeinschaft. K\u00f6nnten wir ihnen Gastfreundschaft gew\u00e4hren? Wem k\u00f6nnen wir Raum in unserem Leben einr\u00e4umen \u2013 in unseren Klassen, Freundeskreisen, in unserem Leben?<br><br>\r\n\r\nLasst euch hier einen winzigen Impuls geben:<br><br>\r\n\r\n<a href=\"https:\/\/www.youtube.com\/watch?v=bgPbPqdxIT8\" rel=\"noopener\" target=\"_blank\">Impuls-Video<\/a>\r\n<br><br>\r\n<strong>1 Minute f\u00fcr den Frieden<\/strong>\r\n<br><br>\r\nAuch heute wollen wir eine Minute f\u00fcr den Frieden beten und dabei besonders an die Menschen auf der Flucht denken.\r\n<br><br>\r\n<strong>Vater unser<\/strong><br><br>\r\n\r\n\r\n<strong>Gemeinsames Gebet<\/strong>\r\n<br>\r\nGuter Gott, segne meine H\u00e4nde, dass sie behutsam sind,<br>\r\n\r\ndass sie halten k\u00f6nnen ohne zur Fessel zu werden,<br>\r\n\r\ndass sie geben k\u00f6nnen ohne Berechnung,<br>\r\n\r\ndass ihnen innewohnt die Kraft zu tr\u00f6sten und zu segnen.<br>\r\n\r\nGott, segne meine Augen, dass sie die Bed\u00fcrftigkeit wahrnehmen,<br>\r\n\r\ndass sie das Unscheinbare nicht \u00fcbersehen,<br>\r\n\r\ndass sie hindurch schauen durch das Vordergr\u00fcndige,<br>\r\n\r\ndass andere sich wohlf\u00fchlen k\u00f6nnen unter meinem Blick.<br>\r\n\r\nGott, segne meine Ohren, dass sie deine Stimme h\u00f6ren,<br>\r\n\r\ndass sie hellh\u00f6rig sind f\u00fcr die Stimmen der Not,<br>\r\n\r\ndass sie sich verschlie\u00dfen f\u00fcr den L\u00e4rm und das Geschw\u00e4tz,<br>\r\n\r\ndass sie das Unbequeme nicht \u00fcberh\u00f6ren.<br>\r\n\r\n<em>Dietrich Bonhoeffer<\/em>","protected":false},"excerpt":{"rendered":"\u201eSei die Krippe!\u201c Begr\u00fc\u00dfung und Er\u00f6ffnung Lied: \u201eMacht hoch die T\u00fcr\u201c Wir m\u00f6chten euch heute erz\u00e4hlen, wie es Maria und Josef erging \u2013 so kurz vor der Geburt des Kindes: In dieser Zeit befahl der r\u00f6mische Kaiser allen Bewohnern, in ihre Heimat zu gehen. Er wollte z\u00e4hlen, wie viele Leute in seinem Reich lebten. Sie sollten sich dort in Listen eintragen. Josef musste also in seine Heimat Betlehem \u2013 aber er nahm auch seine Maria mit. Der Weg war sehr beschwerlich, da Maria hochschwanger war. Sie mussten irgendwo \u00fcbernachten \u2013 aber egal, wo sie anklopften: niemand hatte ein Bett f\u00fcr sie frei. Schlie\u00dflich fanden sie einen verlassenen Stall, in dem sie bleiben konnten. In dieser Nacht bekam Maria ihren Sohn. Quelle: https:\/\/www.katholisch.de\/artikel\/15872-die-weihnachtsgeschichte-fuer-kinder-erzaehlt Impuls Schon vor der Geburt gab es f\u00fcr die kleine Familie keinen Platz in der Stadt. Alles war belegt, und eine Frau kurz vor der Geburt wollten die Wirte wohl auch nicht bei sich haben. Ein Stall bleibt \u00fcbrig. Die Krippe wird zum Symbol der Gastfreundschaft. In vielen Gegenden hei\u00dfen die Kinderg\u00e4rten darum auch Kinderkrippen. Die Geschichte geht weiter. Auch nach der Geburt Jesu wird das Leben von Maria, Josef und Jesus nicht einfacher. Der Machthaber Herodes will das Kind t\u00f6ten. Die Familie muss nach \u00c4gypten fl\u00fcchten. Dieses Schicksal teilen heute Millionen von Menschen. Weltweite Krisen vertreiben Menschen aus ihren Heimatorten und -l\u00e4ndern. Sie suchen einen sicheren Ort und freundliche Menschen, die sie aufnehmen. Aber auch in unserem Umfeld gibt es Menschen, die einen Platz f\u00fcr sich suchen. Manche sind traurig, stehen Abseits und sehnen sich nach Gemeinschaft. K\u00f6nnten wir ihnen Gastfreundschaft gew\u00e4hren? Wem k\u00f6nnen wir Raum in unserem Leben einr\u00e4umen \u2013 in unseren Klassen, Freundeskreisen, in unserem Leben? Lasst euch hier einen winzigen Impuls geben: Impuls-Video 1 Minute f\u00fcr den Frieden Auch heute wollen wir eine Minute f\u00fcr den Frieden beten und dabei besonders an die Menschen auf der Flucht denken. Vater unser Gemeinsames Gebet Guter Gott, segne meine H\u00e4nde, dass sie behutsam sind, dass sie halten k\u00f6nnen ohne zur Fessel zu werden, dass sie geben k\u00f6nnen ohne Berechnung, dass ihnen innewohnt die Kraft zu tr\u00f6sten und zu segnen. Gott, segne meine Augen, dass sie die Bed\u00fcrftigkeit wahrnehmen, dass sie das Unscheinbare nicht \u00fcbersehen, dass sie hindurch schauen durch das Vordergr\u00fcndige, dass andere sich wohlf\u00fchlen k\u00f6nnen unter meinem Blick. Gott, segne meine Ohren, dass sie deine Stimme h\u00f6ren, dass sie hellh\u00f6rig sind f\u00fcr die Stimmen der Not, dass sie sich verschlie\u00dfen f\u00fcr den L\u00e4rm und das Geschw\u00e4tz, dass sie das Unbequeme nicht \u00fcberh\u00f6ren. Dietrich Bonhoeffer","protected":false},"author":11,"featured_media":38187,"comment_status":"closed","ping_status":"closed","sticky":false,"template":"","format":"standard","meta":{"ngg_post_thumbnail":0,"footnotes":""},"categories":[1],"tags":[],"class_list":["post-38182","post","type-post","status-publish","format-standard","has-post-thumbnail","hentry","category-allgemein"],"publishpress_future_action":{"enabled":false,"date":"2026-05-09 10:40:11","action":"change-status","newStatus":"draft","terms":[],"taxonomy":"category","extraData":[]},"publishpress_future_workflow_manual_trigger":{"enabledWorkflows":[]},"_links":{"self":[{"href":"https:\/\/franziskanergymnasium-kreuzburg.de\/cms\/wp-json\/wp\/v2\/posts\/38182","targetHints":{"allow":["GET"]}}],"collection":[{"href":"https:\/\/franziskanergymnasium-kreuzburg.de\/cms\/wp-json\/wp\/v2\/posts"}],"about":[{"href":"https:\/\/franziskanergymnasium-kreuzburg.de\/cms\/wp-json\/wp\/v2\/types\/post"}],"author":[{"embeddable":true,"href":"https:\/\/franziskanergymnasium-kreuzburg.de\/cms\/wp-json\/wp\/v2\/users\/11"}],"replies":[{"embeddable":true,"href":"https:\/\/franziskanergymnasium-kreuzburg.de\/cms\/wp-json\/wp\/v2\/comments?post=38182"}],"version-history":[{"count":4,"href":"https:\/\/franziskanergymnasium-kreuzburg.de\/cms\/wp-json\/wp\/v2\/posts\/38182\/revisions"}],"predecessor-version":[{"id":38186,"href":"https:\/\/franziskanergymnasium-kreuzburg.de\/cms\/wp-json\/wp\/v2\/posts\/38182\/revisions\/38186"}],"wp:featuredmedia":[{"embeddable":true,"href":"https:\/\/franziskanergymnasium-kreuzburg.de\/cms\/wp-json\/wp\/v2\/media\/38187"}],"wp:attachment":[{"href":"https:\/\/franziskanergymnasium-kreuzburg.de\/cms\/wp-json\/wp\/v2\/media?parent=38182"}],"wp:term":[{"taxonomy":"category","embeddable":true,"href":"https:\/\/franziskanergymnasium-kreuzburg.de\/cms\/wp-json\/wp\/v2\/categories?post=38182"},{"taxonomy":"post_tag","embeddable":true,"href":"https:\/\/franziskanergymnasium-kreuzburg.de\/cms\/wp-json\/wp\/v2\/tags?post=38182"}],"curies":[{"name":"wp","href":"https:\/\/api.w.org\/{rel}","templated":true}]}}