{"id":38228,"date":"2024-01-07T16:22:50","date_gmt":"2024-01-07T15:22:50","guid":{"rendered":"https:\/\/franziskanergymnasium-kreuzburg.de\/cms\/?p=38228"},"modified":"2024-01-07T16:45:32","modified_gmt":"2024-01-07T15:45:32","slug":"willkommen-in-deutschland","status":"publish","type":"post","link":"https:\/\/franziskanergymnasium-kreuzburg.de\/cms\/willkommen-in-deutschland\/","title":{"rendered":"Willkommen in Deutschland!"},"content":{"rendered":"Endlich war es Samstag, der 16.12, <br><br>\r\n<a attid=\"38232\"  href=\"https:\/\/franziskanergymnasium-kreuzburg.de\/cms\/wp-content\/uploads\/2024\/01\/Willkommen-in-Deutschland.jpg\" rel=\"lightbox[38228]\"><img loading=\"lazy\" decoding=\"async\" src=\"https:\/\/franziskanergymnasium-kreuzburg.de\/cms\/wp-content\/uploads\/2024\/01\/Willkommen-in-Deutschland-300x169.jpg\" alt=\"\" width=\"300\" height=\"169\" class=\"alignright size-medium wp-image-38232\" srcset=\"https:\/\/franziskanergymnasium-kreuzburg.de\/cms\/wp-content\/uploads\/2024\/01\/Willkommen-in-Deutschland-300x169.jpg 300w, https:\/\/franziskanergymnasium-kreuzburg.de\/cms\/wp-content\/uploads\/2024\/01\/Willkommen-in-Deutschland-1024x578.jpg 1024w, https:\/\/franziskanergymnasium-kreuzburg.de\/cms\/wp-content\/uploads\/2024\/01\/Willkommen-in-Deutschland-768x434.jpg 768w, https:\/\/franziskanergymnasium-kreuzburg.de\/cms\/wp-content\/uploads\/2024\/01\/Willkommen-in-Deutschland-1536x867.jpg 1536w, https:\/\/franziskanergymnasium-kreuzburg.de\/cms\/wp-content\/uploads\/2024\/01\/Willkommen-in-Deutschland.jpg 1608w\" sizes=\"auto, (max-width: 300px) 100vw, 300px\" \/><\/a>der Tag, auf den wir schon so lange gewartet hatten! Bislang kannten wir unsere Austauschpartner:innen nur \u00fcber ihren Vorstellungsbrief und per Chat oder Videotalk \u2013 nun sollten wir uns das erste Mal begegnen! Um 10.15 Uhr trafen wir 11 deutschen Austauschteilnehmer:innen, Frau Br\u00f6ckers und unsere Eltern im Terminal 1 des Frankfurter Flughafens ein. Davor hatten wir unseren Austauschpartnern einen guten Flug (12 Stunden Direktflug) gew\u00fcnscht und w\u00e4hrend des Fluges nat\u00fcrlich die ganze Zeit \u00fcber Flight Radar beobachtet, wo sie denn so waren. Mit 2-st\u00fcndiger Versp\u00e4tung landeten sie &#8211; und wir Deutschen warteten schon gespannt am Gate. Jeder hatte ein Plakat gebastelt und stand schon f\u00fcr die herzliche Begr\u00fc\u00dfung parat.<br>\r\n<a attid=\"38245\"  href=\"https:\/\/franziskanergymnasium-kreuzburg.de\/cms\/wp-content\/uploads\/2024\/01\/Willkommen-in-Deutschland2.jpg\" rel=\"lightbox[38228]\"><img loading=\"lazy\" decoding=\"async\" src=\"https:\/\/franziskanergymnasium-kreuzburg.de\/cms\/wp-content\/uploads\/2024\/01\/Willkommen-in-Deutschland2-300x169.jpg\" alt=\"\" width=\"300\" height=\"169\" class=\"alignleft size-medium wp-image-38245\" srcset=\"https:\/\/franziskanergymnasium-kreuzburg.de\/cms\/wp-content\/uploads\/2024\/01\/Willkommen-in-Deutschland2-300x169.jpg 300w, https:\/\/franziskanergymnasium-kreuzburg.de\/cms\/wp-content\/uploads\/2024\/01\/Willkommen-in-Deutschland2-1024x576.jpg 1024w, https:\/\/franziskanergymnasium-kreuzburg.de\/cms\/wp-content\/uploads\/2024\/01\/Willkommen-in-Deutschland2-768x432.jpg 768w, https:\/\/franziskanergymnasium-kreuzburg.de\/cms\/wp-content\/uploads\/2024\/01\/Willkommen-in-Deutschland2.jpg 1200w\" sizes=\"auto, (max-width: 300px) 100vw, 300px\" \/><\/a> Endlich w\u00fcrden wir unsere Austauschpartner, die f\u00fcr 5 Wochen in Deutschland in unseren Familien bleiben, sehen \u2013 und endlich rollten sie mit ihren Koffern durch die T\u00fcr am Gate A1!. Jeder von uns freute sich und nahm seinen Austauschpartner direkt in die Arme. Die meisten wirkten erstaunlich ausgeschlafen, manche waren zum 1. Mal in Europa gelandet und entsprechend aufgeregt. Wir aber auch \u2013 denn wir verga\u00dfen sogar ein erstes Gruppenbild am Flughafen zu machen! Frau Br\u00f6ckers unterst\u00fctzte uns noch und w\u00fcnschte einen sch\u00f6nen ersten Tag in den Familien, dann fuhren wir mit einem neuen weitgereisten \u201cFamilienmitglied f\u00fcr 5 Wochen\u201c im Auto nach Hause. <br><br>Nun hat das lange Warten ein Ende und wir beginnen jetzt eine sch\u00f6ne Zeit mit unseren neuen Freundinnen und Freunden!<br><br>\r\n<em>Bericht von Anna Balbach und Ashot Hakobyan<\/em>","protected":false},"excerpt":{"rendered":"Endlich war es Samstag, der 16.12, der Tag, auf den wir schon so lange gewartet hatten! Bislang kannten wir unsere Austauschpartner:innen nur \u00fcber ihren Vorstellungsbrief und per Chat oder Videotalk \u2013 nun sollten wir uns das erste Mal begegnen! Um 10.15 Uhr trafen wir 11 deutschen Austauschteilnehmer:innen, Frau Br\u00f6ckers und unsere Eltern im Terminal 1 des Frankfurter Flughafens ein. Davor hatten wir unseren Austauschpartnern einen guten Flug (12 Stunden Direktflug) gew\u00fcnscht und w\u00e4hrend des Fluges nat\u00fcrlich die ganze Zeit \u00fcber Flight Radar beobachtet, wo sie denn so waren. Mit 2-st\u00fcndiger Versp\u00e4tung landeten sie &#8211; und wir Deutschen warteten schon gespannt am Gate. Jeder hatte ein Plakat gebastelt und stand schon f\u00fcr die herzliche Begr\u00fc\u00dfung parat. Endlich w\u00fcrden wir unsere Austauschpartner, die f\u00fcr 5 Wochen in Deutschland in unseren Familien bleiben, sehen \u2013 und endlich rollten sie mit ihren Koffern durch die T\u00fcr am Gate A1!. Jeder von uns freute sich und nahm seinen Austauschpartner direkt in die Arme. Die meisten wirkten erstaunlich ausgeschlafen, manche waren zum 1. Mal in Europa gelandet und entsprechend aufgeregt. Wir aber auch \u2013 denn wir verga\u00dfen sogar ein erstes Gruppenbild am Flughafen zu machen! Frau Br\u00f6ckers unterst\u00fctzte uns noch und w\u00fcnschte einen sch\u00f6nen ersten Tag in den Familien, dann fuhren wir mit einem neuen weitgereisten \u201cFamilienmitglied f\u00fcr 5 Wochen\u201c im Auto nach Hause. Nun hat das lange Warten ein Ende und wir beginnen jetzt eine sch\u00f6ne Zeit mit unseren neuen Freundinnen und Freunden! Bericht von Anna Balbach und Ashot Hakobyan","protected":false},"author":11,"featured_media":38234,"comment_status":"closed","ping_status":"closed","sticky":false,"template":"","format":"standard","meta":{"ngg_post_thumbnail":0,"footnotes":""},"categories":[1],"tags":[],"class_list":["post-38228","post","type-post","status-publish","format-standard","has-post-thumbnail","hentry","category-allgemein"],"publishpress_future_action":{"enabled":false,"date":"2026-05-05 12:51:28","action":"change-status","newStatus":"draft","terms":[],"taxonomy":"category","extraData":[]},"publishpress_future_workflow_manual_trigger":{"enabledWorkflows":[]},"_links":{"self":[{"href":"https:\/\/franziskanergymnasium-kreuzburg.de\/cms\/wp-json\/wp\/v2\/posts\/38228","targetHints":{"allow":["GET"]}}],"collection":[{"href":"https:\/\/franziskanergymnasium-kreuzburg.de\/cms\/wp-json\/wp\/v2\/posts"}],"about":[{"href":"https:\/\/franziskanergymnasium-kreuzburg.de\/cms\/wp-json\/wp\/v2\/types\/post"}],"author":[{"embeddable":true,"href":"https:\/\/franziskanergymnasium-kreuzburg.de\/cms\/wp-json\/wp\/v2\/users\/11"}],"replies":[{"embeddable":true,"href":"https:\/\/franziskanergymnasium-kreuzburg.de\/cms\/wp-json\/wp\/v2\/comments?post=38228"}],"version-history":[{"count":6,"href":"https:\/\/franziskanergymnasium-kreuzburg.de\/cms\/wp-json\/wp\/v2\/posts\/38228\/revisions"}],"predecessor-version":[{"id":38246,"href":"https:\/\/franziskanergymnasium-kreuzburg.de\/cms\/wp-json\/wp\/v2\/posts\/38228\/revisions\/38246"}],"wp:featuredmedia":[{"embeddable":true,"href":"https:\/\/franziskanergymnasium-kreuzburg.de\/cms\/wp-json\/wp\/v2\/media\/38234"}],"wp:attachment":[{"href":"https:\/\/franziskanergymnasium-kreuzburg.de\/cms\/wp-json\/wp\/v2\/media?parent=38228"}],"wp:term":[{"taxonomy":"category","embeddable":true,"href":"https:\/\/franziskanergymnasium-kreuzburg.de\/cms\/wp-json\/wp\/v2\/categories?post=38228"},{"taxonomy":"post_tag","embeddable":true,"href":"https:\/\/franziskanergymnasium-kreuzburg.de\/cms\/wp-json\/wp\/v2\/tags?post=38228"}],"curies":[{"name":"wp","href":"https:\/\/api.w.org\/{rel}","templated":true}]}}