{"id":38255,"date":"2024-01-14T13:27:09","date_gmt":"2024-01-14T12:27:09","guid":{"rendered":"https:\/\/franziskanergymnasium-kreuzburg.de\/cms\/?p=38255"},"modified":"2024-01-14T16:11:48","modified_gmt":"2024-01-14T15:11:48","slug":"weihnachtsmarktbummel-in-heidelberg-mit-den-austauschschuelern","status":"publish","type":"post","link":"https:\/\/franziskanergymnasium-kreuzburg.de\/cms\/weihnachtsmarktbummel-in-heidelberg-mit-den-austauschschuelern\/","title":{"rendered":"Weihnachtsmarktbummel der deutsch-brasilianischen Gruppe in Heidelberg"},"content":{"rendered":"An unserem 2. Tag des Schulprogramms besuchten wir alle zusammen das winterlich-weihnachtliche Heidelberg. Nachdem wir es trotz der Deutschen Bahn dorthin geschafft hatten, fuhren wir mit der Bergbahn hoch zum Schloss. Zun\u00e4chst besichtigten wir das Apothekermuseum, danach wurde der Souvenir-Shop leergekauft \u2013 gewisse gelbe Entchen erfreuten sich besonderer Beliebtheit bei unseren G\u00e4sten, das war sozusagen \u201eLiebe auf den ersten Blick\u201c. Danach schauten wir uns das Schloss an. Von den Fenstern aus hatte man einen einzigartigen Blick \u00fcber die Altstadt. Nach einer Kirchenbesichtigung durften wir uns von den Lehrkr\u00e4ften, Frau Brettinger und Herrn Heredia Crespo, trennen. Trotz des bew\u00f6lkten Wetters am\u00fcsierten wir uns sehr w\u00e4hrend des Bummels \u00fcber den Weihnachtsmarkt. Nach einer kleinen St\u00e4rkung in einem Sushi-und-Ramen-Restaurant schlenderten wir durch die wundersch\u00f6ne Innenstadt und besorgten hier und da Kleinigkeiten f\u00fcr Weihnachten. Zum Schluss pl\u00fcnderten wir noch einen amerikanischen S\u00fc\u00dfigkeitenladen und traten danach gemeinsam die Heimreise nach Gro\u00dfkrotzenburg an. Die DB lie\u00df uns, oh Wunder, nicht im Stich\u2026<br><br>\r\n\r\n\r\n<em>Marlene Nols und Antonia Urlaub<\/em><br><br>\r\n<a attid=\"38257\"  href=\"https:\/\/franziskanergymnasium-kreuzburg.de\/cms\/wp-content\/uploads\/2024\/01\/Heidelberg2.jpg\" rel=\"lightbox[38255]\"><img loading=\"lazy\" decoding=\"async\" src=\"https:\/\/franziskanergymnasium-kreuzburg.de\/cms\/wp-content\/uploads\/2024\/01\/Heidelberg2-300x225.jpg\" alt=\"\" width=\"300\" height=\"225\" class=\"alignleft size-medium wp-image-38257\" srcset=\"https:\/\/franziskanergymnasium-kreuzburg.de\/cms\/wp-content\/uploads\/2024\/01\/Heidelberg2-300x225.jpg 300w, https:\/\/franziskanergymnasium-kreuzburg.de\/cms\/wp-content\/uploads\/2024\/01\/Heidelberg2-1024x768.jpg 1024w, https:\/\/franziskanergymnasium-kreuzburg.de\/cms\/wp-content\/uploads\/2024\/01\/Heidelberg2-768x576.jpg 768w, https:\/\/franziskanergymnasium-kreuzburg.de\/cms\/wp-content\/uploads\/2024\/01\/Heidelberg2-1536x1152.jpg 1536w, https:\/\/franziskanergymnasium-kreuzburg.de\/cms\/wp-content\/uploads\/2024\/01\/Heidelberg2.jpg 1600w\" sizes=\"auto, (max-width: 300px) 100vw, 300px\" \/><\/a>","protected":false},"excerpt":{"rendered":"An unserem 2. Tag des Schulprogramms besuchten wir alle zusammen das winterlich-weihnachtliche Heidelberg. Nachdem wir es trotz der Deutschen Bahn dorthin geschafft hatten, fuhren wir mit der Bergbahn hoch zum Schloss. Zun\u00e4chst besichtigten wir das Apothekermuseum, danach wurde der Souvenir-Shop leergekauft \u2013 gewisse gelbe Entchen erfreuten sich besonderer Beliebtheit bei unseren G\u00e4sten, das war sozusagen \u201eLiebe auf den ersten Blick\u201c. Danach schauten wir uns das Schloss an. Von den Fenstern aus hatte man einen einzigartigen Blick \u00fcber die Altstadt. Nach einer Kirchenbesichtigung durften wir uns von den Lehrkr\u00e4ften, Frau Brettinger und Herrn Heredia Crespo, trennen. Trotz des bew\u00f6lkten Wetters am\u00fcsierten wir uns sehr w\u00e4hrend des Bummels \u00fcber den Weihnachtsmarkt. Nach einer kleinen St\u00e4rkung in einem Sushi-und-Ramen-Restaurant schlenderten wir durch die wundersch\u00f6ne Innenstadt und besorgten hier und da Kleinigkeiten f\u00fcr Weihnachten. Zum Schluss pl\u00fcnderten wir noch einen amerikanischen S\u00fc\u00dfigkeitenladen und traten danach gemeinsam die Heimreise nach Gro\u00dfkrotzenburg an. Die DB lie\u00df uns, oh Wunder, nicht im Stich\u2026 Marlene Nols und Antonia Urlaub","protected":false},"author":11,"featured_media":38256,"comment_status":"closed","ping_status":"closed","sticky":false,"template":"","format":"standard","meta":{"ngg_post_thumbnail":0,"footnotes":""},"categories":[1],"tags":[],"class_list":["post-38255","post","type-post","status-publish","format-standard","has-post-thumbnail","hentry","category-allgemein"],"publishpress_future_action":{"enabled":false,"date":"2026-05-08 13:07:15","action":"change-status","newStatus":"draft","terms":[],"taxonomy":"category","extraData":[]},"publishpress_future_workflow_manual_trigger":{"enabledWorkflows":[]},"_links":{"self":[{"href":"https:\/\/franziskanergymnasium-kreuzburg.de\/cms\/wp-json\/wp\/v2\/posts\/38255","targetHints":{"allow":["GET"]}}],"collection":[{"href":"https:\/\/franziskanergymnasium-kreuzburg.de\/cms\/wp-json\/wp\/v2\/posts"}],"about":[{"href":"https:\/\/franziskanergymnasium-kreuzburg.de\/cms\/wp-json\/wp\/v2\/types\/post"}],"author":[{"embeddable":true,"href":"https:\/\/franziskanergymnasium-kreuzburg.de\/cms\/wp-json\/wp\/v2\/users\/11"}],"replies":[{"embeddable":true,"href":"https:\/\/franziskanergymnasium-kreuzburg.de\/cms\/wp-json\/wp\/v2\/comments?post=38255"}],"version-history":[{"count":2,"href":"https:\/\/franziskanergymnasium-kreuzburg.de\/cms\/wp-json\/wp\/v2\/posts\/38255\/revisions"}],"predecessor-version":[{"id":38261,"href":"https:\/\/franziskanergymnasium-kreuzburg.de\/cms\/wp-json\/wp\/v2\/posts\/38255\/revisions\/38261"}],"wp:featuredmedia":[{"embeddable":true,"href":"https:\/\/franziskanergymnasium-kreuzburg.de\/cms\/wp-json\/wp\/v2\/media\/38256"}],"wp:attachment":[{"href":"https:\/\/franziskanergymnasium-kreuzburg.de\/cms\/wp-json\/wp\/v2\/media?parent=38255"}],"wp:term":[{"taxonomy":"category","embeddable":true,"href":"https:\/\/franziskanergymnasium-kreuzburg.de\/cms\/wp-json\/wp\/v2\/categories?post=38255"},{"taxonomy":"post_tag","embeddable":true,"href":"https:\/\/franziskanergymnasium-kreuzburg.de\/cms\/wp-json\/wp\/v2\/tags?post=38255"}],"curies":[{"name":"wp","href":"https:\/\/api.w.org\/{rel}","templated":true}]}}