{"id":38303,"date":"2024-01-22T10:48:00","date_gmt":"2024-01-22T09:48:00","guid":{"rendered":"https:\/\/franziskanergymnasium-kreuzburg.de\/cms\/?p=38303"},"modified":"2024-01-22T10:48:00","modified_gmt":"2024-01-22T09:48:00","slug":"ueber-berliner-obdachlose-bauernlaerm-und-spionage","status":"publish","type":"post","link":"https:\/\/franziskanergymnasium-kreuzburg.de\/cms\/ueber-berliner-obdachlose-bauernlaerm-und-spionage\/","title":{"rendered":"\u00dcber Berliner Obdachlose, Bauernl\u00e4rm und Spionage"},"content":{"rendered":"\r\n\r\nHeute war unser erster ganzer Tag in Berlin. Wir sind nach einer guten Schippe Schlaf fit aufgewacht und waren motiviert, viele tolle Dinge zu erleben. Die anderen haben sich mit einem Fr\u00fchst\u00fcck gest\u00e4rkt und ich habe f\u00fcr die halbe Stunde Extra-Schlaf aufs Fr\u00fchst\u00fcck verzichtet. Um 10 Uhr kam dann Frau Sch\u00fcller von der Berliner Stadtmission und hat uns eine sehr informationsreiche F\u00fchrung \u00fcber die beeindruckende soziale Arbeit in ihren Einrichtungen gegeben (K\u00e4ltebus mit Suppe, Kaffee und Ambulanz, niedrigschwellige Schlafunterkunft f\u00fcr Obdachlose, Kleiderkammer und vieles mehr), die neben hauptamtlichen auch von vielen Ehrenamtlichen getragen wird. Beeindruckend war ein Kreuz mit der w\u00fcrdevollen Erinnerung an die verstorbenen Obdachlosen, die die Unterkunft in der Vergangenheit benutzt hatten.<br>\r\n\r\nNach einer kurzen Pause fuhren wir zum Brandenburger Tor und lie\u00dfen uns die Ohren von den Traktoren weghupen. Es war jedoch trotzdem sehr sch\u00f6n, da es \u2013 vor allem zur Freude unserer brasilianischen Freundinnen und Freunde \u2013 schneite, wir zus\u00e4tzlich zu dem Traktorenl\u00e4rm, Musik h\u00f6rten und dazu auf den B\u00fcrgersteigen getanzt haben. Der n\u00e4chste Programmpunkt war dann nach einem Walk \u201eUnter den Linden\u201c der Bebelplatz mit dem unterirdischen Denkmal zur B\u00fccherverbrennung, der so versteckt liegt, dass wir ihn auf dem gro\u00dfen Platz erst mal suchen mussten. Dort hat uns Frau Br\u00f6ckers erz\u00e4hlt, was damals am 10. Mai 1933 passiert ist. Danach hatten wir alle einen Riesenhunger und sind in Kleingruppen zum Essen gegangen. Abends trafen wir uns dann am Spionagemuseum wieder und erkundeten es interaktiv. Mit Laserlabyrinthen und Kodierungsmaschinen war das ein Riesenspa\u00df. In der Unterkunft angekommen, waren wir zwar sehr m\u00fcde, spielten aber trotzdem noch bis tief in die Nacht Karten.<br>\r\nEs war ein wundersch\u00f6ner Tag und wir freuten uns schon auf den n\u00e4chsten.<br><br>\r\n\r\n<em>Hannes Almeling<\/em><br<<br>\r\n<br>\r\n<a attid=\"38306\"  href=\"https:\/\/franziskanergymnasium-kreuzburg.de\/cms\/wp-content\/uploads\/2024\/01\/Gedenkkreuz-Stadtmission.jpg\" rel=\"lightbox[38303]\"><img loading=\"lazy\" decoding=\"async\" src=\"https:\/\/franziskanergymnasium-kreuzburg.de\/cms\/wp-content\/uploads\/2024\/01\/Gedenkkreuz-Stadtmission-169x300.jpg\" alt=\"\" width=\"169\" height=\"300\" class=\"alignleft size-medium wp-image-38306\" srcset=\"https:\/\/franziskanergymnasium-kreuzburg.de\/cms\/wp-content\/uploads\/2024\/01\/Gedenkkreuz-Stadtmission-169x300.jpg 169w, https:\/\/franziskanergymnasium-kreuzburg.de\/cms\/wp-content\/uploads\/2024\/01\/Gedenkkreuz-Stadtmission-576x1024.jpg 576w, https:\/\/franziskanergymnasium-kreuzburg.de\/cms\/wp-content\/uploads\/2024\/01\/Gedenkkreuz-Stadtmission.jpg 675w\" sizes=\"auto, (max-width: 169px) 100vw, 169px\" \/><\/a>\r\n\r\n<a attid=\"38307\"  href=\"https:\/\/franziskanergymnasium-kreuzburg.de\/cms\/wp-content\/uploads\/2024\/01\/Spionagemuseum-2.jpg\" rel=\"lightbox[38303]\"><img loading=\"lazy\" decoding=\"async\" src=\"https:\/\/franziskanergymnasium-kreuzburg.de\/cms\/wp-content\/uploads\/2024\/01\/Spionagemuseum-2-169x300.jpg\" alt=\"\" width=\"169\" height=\"300\" class=\"alignleft size-medium wp-image-38307\" srcset=\"https:\/\/franziskanergymnasium-kreuzburg.de\/cms\/wp-content\/uploads\/2024\/01\/Spionagemuseum-2-169x300.jpg 169w, https:\/\/franziskanergymnasium-kreuzburg.de\/cms\/wp-content\/uploads\/2024\/01\/Spionagemuseum-2-576x1024.jpg 576w, https:\/\/franziskanergymnasium-kreuzburg.de\/cms\/wp-content\/uploads\/2024\/01\/Spionagemuseum-2.jpg 675w\" sizes=\"auto, (max-width: 169px) 100vw, 169px\" \/><\/a>\r\n\r\n\r\n","protected":false},"excerpt":{"rendered":"Heute war unser erster ganzer Tag in Berlin. Wir sind nach einer guten Schippe Schlaf fit aufgewacht und waren motiviert, viele tolle Dinge zu erleben. Die anderen haben sich mit einem Fr\u00fchst\u00fcck gest\u00e4rkt und ich habe f\u00fcr die halbe Stunde Extra-Schlaf aufs Fr\u00fchst\u00fcck verzichtet. Um 10 Uhr kam dann Frau Sch\u00fcller von der Berliner Stadtmission und hat uns eine sehr informationsreiche F\u00fchrung \u00fcber die beeindruckende soziale Arbeit in ihren Einrichtungen gegeben (K\u00e4ltebus mit Suppe, Kaffee und Ambulanz, niedrigschwellige Schlafunterkunft f\u00fcr Obdachlose, Kleiderkammer und vieles mehr), die neben hauptamtlichen auch von vielen Ehrenamtlichen getragen wird. Beeindruckend war ein Kreuz mit der w\u00fcrdevollen Erinnerung an die verstorbenen Obdachlosen, die die Unterkunft in der Vergangenheit benutzt hatten. Nach einer kurzen Pause fuhren wir zum Brandenburger Tor und lie\u00dfen uns die Ohren von den Traktoren weghupen. Es war jedoch trotzdem sehr sch\u00f6n, da es \u2013 vor allem zur Freude unserer brasilianischen Freundinnen und Freunde \u2013 schneite, wir zus\u00e4tzlich zu dem Traktorenl\u00e4rm, Musik h\u00f6rten und dazu auf den B\u00fcrgersteigen getanzt haben. Der n\u00e4chste Programmpunkt war dann nach einem Walk \u201eUnter den Linden\u201c der Bebelplatz mit dem unterirdischen Denkmal zur B\u00fccherverbrennung, der so versteckt liegt, dass wir ihn auf dem gro\u00dfen Platz erst mal suchen mussten. Dort hat uns Frau Br\u00f6ckers erz\u00e4hlt, was damals am 10. Mai 1933 passiert ist. Danach hatten wir alle einen Riesenhunger und sind in Kleingruppen zum Essen gegangen. Abends trafen wir uns dann am Spionagemuseum wieder und erkundeten es interaktiv. Mit Laserlabyrinthen und Kodierungsmaschinen war das ein Riesenspa\u00df. In der Unterkunft angekommen, waren wir zwar sehr m\u00fcde, spielten aber trotzdem noch bis tief in die Nacht Karten. Es war ein wundersch\u00f6ner Tag und wir freuten uns schon auf den n\u00e4chsten. Hannes Almeling","protected":false},"author":11,"featured_media":38305,"comment_status":"closed","ping_status":"closed","sticky":false,"template":"","format":"standard","meta":{"ngg_post_thumbnail":0,"footnotes":""},"categories":[1],"tags":[],"class_list":["post-38303","post","type-post","status-publish","format-standard","has-post-thumbnail","hentry","category-allgemein"],"publishpress_future_action":{"enabled":false,"date":"2026-05-03 13:55:05","action":"change-status","newStatus":"draft","terms":[],"taxonomy":"category","extraData":[]},"publishpress_future_workflow_manual_trigger":{"enabledWorkflows":[]},"_links":{"self":[{"href":"https:\/\/franziskanergymnasium-kreuzburg.de\/cms\/wp-json\/wp\/v2\/posts\/38303","targetHints":{"allow":["GET"]}}],"collection":[{"href":"https:\/\/franziskanergymnasium-kreuzburg.de\/cms\/wp-json\/wp\/v2\/posts"}],"about":[{"href":"https:\/\/franziskanergymnasium-kreuzburg.de\/cms\/wp-json\/wp\/v2\/types\/post"}],"author":[{"embeddable":true,"href":"https:\/\/franziskanergymnasium-kreuzburg.de\/cms\/wp-json\/wp\/v2\/users\/11"}],"replies":[{"embeddable":true,"href":"https:\/\/franziskanergymnasium-kreuzburg.de\/cms\/wp-json\/wp\/v2\/comments?post=38303"}],"version-history":[{"count":3,"href":"https:\/\/franziskanergymnasium-kreuzburg.de\/cms\/wp-json\/wp\/v2\/posts\/38303\/revisions"}],"predecessor-version":[{"id":38309,"href":"https:\/\/franziskanergymnasium-kreuzburg.de\/cms\/wp-json\/wp\/v2\/posts\/38303\/revisions\/38309"}],"wp:featuredmedia":[{"embeddable":true,"href":"https:\/\/franziskanergymnasium-kreuzburg.de\/cms\/wp-json\/wp\/v2\/media\/38305"}],"wp:attachment":[{"href":"https:\/\/franziskanergymnasium-kreuzburg.de\/cms\/wp-json\/wp\/v2\/media?parent=38303"}],"wp:term":[{"taxonomy":"category","embeddable":true,"href":"https:\/\/franziskanergymnasium-kreuzburg.de\/cms\/wp-json\/wp\/v2\/categories?post=38303"},{"taxonomy":"post_tag","embeddable":true,"href":"https:\/\/franziskanergymnasium-kreuzburg.de\/cms\/wp-json\/wp\/v2\/tags?post=38303"}],"curies":[{"name":"wp","href":"https:\/\/api.w.org\/{rel}","templated":true}]}}