{"id":38357,"date":"2024-02-05T10:49:45","date_gmt":"2024-02-05T09:49:45","guid":{"rendered":"https:\/\/franziskanergymnasium-kreuzburg.de\/cms\/?p=38357"},"modified":"2024-02-05T20:47:08","modified_gmt":"2024-02-05T19:47:08","slug":"exkursionsbericht-point-alpha-am-26-01-202","status":"publish","type":"post","link":"https:\/\/franziskanergymnasium-kreuzburg.de\/cms\/exkursionsbericht-point-alpha-am-26-01-202\/","title":{"rendered":"Exkursionsbericht Point Alpha am 26.01.2024"},"content":{"rendered":"An einem Freitag fuhren wir zusammen mit allen Geschichtskursen der Q3 sowie den Lehrkr\u00e4ften Bergmann, Esche, Kohlmetz und Probst zur Gedenkst\u00e4tte Point Alpha in der N\u00e4he von Geisa\/Th\u00fcringen. Point Alpha war im \u201eKalten Krieg\u201c einer der wichtigsten US-Beobachtungsst\u00fctzpunkte und befindet sich an der damaligen Grenze zwischen DDR und BRD.<br>\r\n\r\nNach einer etwa zweist\u00fcndigen Busfahrt kamen wir gegen 10.00 Uhr an der Gedenkst\u00e4tte an. Dort teilten wir uns direkt in acht Gruppen auf, welche zeitversetzt die verschiedenen Stationen durchliefen. Das Angebot vor Ort bestand aus einem Zeitzeugengespr\u00e4ch, einer F\u00fchrung durch das Museum sowie einer begleiteten Wanderung zum und durch den damaligen US-St\u00fctzpunkt.<br>\r\n\r\nDie Zeitzeugengespr\u00e4che wurden geleitet von damaligen Einwohnern der DDR oder der BRD, die mit uns private oder berufliche Erfahrungen \u2013 einige waren beispielsweise Grenzsoldaten \u2013 teilten und uns von ihren Eindr\u00fccken w\u00e4hrend des \u201eMauerfalls\u201c erz\u00e4hlten. Diese Gespr\u00e4che waren sehr beeindruckend und bewegend, da wir so nun besser nachvollziehen konnten, wie das damalige Leben in der DDR bzw. in der \u00f6stlichen BRD aussah. Die Zeitzeug*innen schilderten beispielsweise ihre Lebensbedingungen, welche sich aus \u00dcberwachung, eingeschr\u00e4nkter Meinungsfreiheit und einem Leben in einem undemokratischen Staat zusammensetzten. Sie alle wussten um die Konsequenzen, wenn man sich gegen das Regime auflehnen w\u00fcrde. Teilweise waren wir sehr geschockt von den Aussagen. Zudem berichteten sie von den \u00fcberw\u00e4ltigenden Gef\u00fchlen beim \u201eMauerfall\u201c, denn von da an ver\u00e4nderte sich ihr Leben grundlegend.<br>\r\n\r\nDas Museum lieferte in Verbindung mit unseren Gruppenleiter*innen viele Informationen zur damaligen Zeit, vor allem hinsichtlich des \u201eKalten Kriegs\u201c, des US-\u00dcbersichtsst\u00fctzpunkts und besonders der Spannungen zwischen der Sowjetunion und den USA. Vor Ort gab es viele Ausstellungsst\u00fccke, etwa alte Minen, Waffen und Modelle zum besseren Verst\u00e4ndnis der damaligen Situation. Auch wird dort ein originaler Trabant, ein typisches DDR-Kraftfahrzeug, ausgestellt.<br>\r\n\r\nDurch Matsch, peitschenden Wind und teilweise eiskalten Regen liefen wir au\u00dferdem die Grenze entlang. Auf dem Weg sahen wir alte Minenfelder, welche damals mit einer hohen Komplexit\u00e4t errichtet wurden \u2013 insgesamt lagen damals an der innerdeutschen Grenze, also in einem 5 Kilometer weiten Grenzbereich, rund zwei Millionen Minen, flankiert von Selbstschussanlagen und Z\u00e4unen. Am St\u00fctzpunkt konnten wir Objekte, wie alte Helikopter, Panzer, Ausr\u00fcstungsgegenst\u00e4nde und alte Wohnbaracken der Amerikaner entdecken.<br>\r\n\r\nDie subtile Brutalit\u00e4t zu dieser Zeit ersch\u00fctterte uns alle und trotz des schlechten Wetters nahmen wir alle viel mit von dieser Exkursion.<br><br>\r\n\r\n<em>Maja Flaum und Mel Spitz, Q3<\/em><br><br>\r\n\r\n<a attid=\"38359\"  href=\"https:\/\/franziskanergymnasium-kreuzburg.de\/cms\/wp-content\/uploads\/2024\/02\/Point-Alpha-Gruppe.jpg\" rel=\"lightbox[38357]\"><img loading=\"lazy\" decoding=\"async\" src=\"https:\/\/franziskanergymnasium-kreuzburg.de\/cms\/wp-content\/uploads\/2024\/02\/Point-Alpha-Gruppe-300x225.jpg\" alt=\"\" width=\"300\" height=\"225\" class=\"alignleft size-medium wp-image-38359\" srcset=\"https:\/\/franziskanergymnasium-kreuzburg.de\/cms\/wp-content\/uploads\/2024\/02\/Point-Alpha-Gruppe-300x225.jpg 300w, https:\/\/franziskanergymnasium-kreuzburg.de\/cms\/wp-content\/uploads\/2024\/02\/Point-Alpha-Gruppe-1024x768.jpg 1024w, https:\/\/franziskanergymnasium-kreuzburg.de\/cms\/wp-content\/uploads\/2024\/02\/Point-Alpha-Gruppe-768x576.jpg 768w, https:\/\/franziskanergymnasium-kreuzburg.de\/cms\/wp-content\/uploads\/2024\/02\/Point-Alpha-Gruppe-440x330.jpg 440w, https:\/\/franziskanergymnasium-kreuzburg.de\/cms\/wp-content\/uploads\/2024\/02\/Point-Alpha-Gruppe.jpg 1200w\" sizes=\"auto, (max-width: 300px) 100vw, 300px\" \/><\/a>\r\n\r\n<a attid=\"38360\"  href=\"https:\/\/franziskanergymnasium-kreuzburg.de\/cms\/wp-content\/uploads\/2024\/02\/Point-Alpha-Schaukasten.jpg\" rel=\"lightbox[38357]\"><img loading=\"lazy\" decoding=\"async\" src=\"https:\/\/franziskanergymnasium-kreuzburg.de\/cms\/wp-content\/uploads\/2024\/02\/Point-Alpha-Schaukasten-225x300.jpg\" alt=\"\" width=\"225\" height=\"300\" class=\"alignleft size-medium wp-image-38360\" srcset=\"https:\/\/franziskanergymnasium-kreuzburg.de\/cms\/wp-content\/uploads\/2024\/02\/Point-Alpha-Schaukasten-225x300.jpg 225w, https:\/\/franziskanergymnasium-kreuzburg.de\/cms\/wp-content\/uploads\/2024\/02\/Point-Alpha-Schaukasten-768x1024.jpg 768w, https:\/\/franziskanergymnasium-kreuzburg.de\/cms\/wp-content\/uploads\/2024\/02\/Point-Alpha-Schaukasten.jpg 900w\" sizes=\"auto, (max-width: 225px) 100vw, 225px\" \/><\/a>\r\n\r\n<a attid=\"38361\"  href=\"https:\/\/franziskanergymnasium-kreuzburg.de\/cms\/wp-content\/uploads\/2024\/02\/Point-Alpha-Uniformen.jpg\" rel=\"lightbox[38357]\"><img loading=\"lazy\" decoding=\"async\" src=\"https:\/\/franziskanergymnasium-kreuzburg.de\/cms\/wp-content\/uploads\/2024\/02\/Point-Alpha-Uniformen-225x300.jpg\" alt=\"\" width=\"225\" height=\"300\" class=\"alignleft size-medium wp-image-38361\" srcset=\"https:\/\/franziskanergymnasium-kreuzburg.de\/cms\/wp-content\/uploads\/2024\/02\/Point-Alpha-Uniformen-225x300.jpg 225w, https:\/\/franziskanergymnasium-kreuzburg.de\/cms\/wp-content\/uploads\/2024\/02\/Point-Alpha-Uniformen-768x1024.jpg 768w, https:\/\/franziskanergymnasium-kreuzburg.de\/cms\/wp-content\/uploads\/2024\/02\/Point-Alpha-Uniformen.jpg 900w\" sizes=\"auto, (max-width: 225px) 100vw, 225px\" \/><\/a>\r\n\r\n<a attid=\"38362\"  href=\"https:\/\/franziskanergymnasium-kreuzburg.de\/cms\/wp-content\/uploads\/2024\/02\/Point-Alpha-Wachturm-2.jpg\" rel=\"lightbox[38357]\"><img loading=\"lazy\" decoding=\"async\" src=\"https:\/\/franziskanergymnasium-kreuzburg.de\/cms\/wp-content\/uploads\/2024\/02\/Point-Alpha-Wachturm-2-225x300.jpg\" alt=\"\" width=\"225\" height=\"300\" class=\"alignleft size-medium wp-image-38362\" srcset=\"https:\/\/franziskanergymnasium-kreuzburg.de\/cms\/wp-content\/uploads\/2024\/02\/Point-Alpha-Wachturm-2-225x300.jpg 225w, https:\/\/franziskanergymnasium-kreuzburg.de\/cms\/wp-content\/uploads\/2024\/02\/Point-Alpha-Wachturm-2-768x1024.jpg 768w, https:\/\/franziskanergymnasium-kreuzburg.de\/cms\/wp-content\/uploads\/2024\/02\/Point-Alpha-Wachturm-2.jpg 900w\" sizes=\"auto, (max-width: 225px) 100vw, 225px\" \/><\/a>\r\n\r\n<a attid=\"38363\"  href=\"https:\/\/franziskanergymnasium-kreuzburg.de\/cms\/wp-content\/uploads\/2024\/02\/Point-Alpha-Wachturm.jpg\" rel=\"lightbox[38357]\"><img loading=\"lazy\" decoding=\"async\" src=\"https:\/\/franziskanergymnasium-kreuzburg.de\/cms\/wp-content\/uploads\/2024\/02\/Point-Alpha-Wachturm-225x300.jpg\" alt=\"\" width=\"225\" height=\"300\" class=\"alignleft size-medium wp-image-38363\" srcset=\"https:\/\/franziskanergymnasium-kreuzburg.de\/cms\/wp-content\/uploads\/2024\/02\/Point-Alpha-Wachturm-225x300.jpg 225w, https:\/\/franziskanergymnasium-kreuzburg.de\/cms\/wp-content\/uploads\/2024\/02\/Point-Alpha-Wachturm-768x1024.jpg 768w, https:\/\/franziskanergymnasium-kreuzburg.de\/cms\/wp-content\/uploads\/2024\/02\/Point-Alpha-Wachturm.jpg 900w\" sizes=\"auto, (max-width: 225px) 100vw, 225px\" \/><\/a>\r\n\r\n<a attid=\"38364\"  href=\"https:\/\/franziskanergymnasium-kreuzburg.de\/cms\/wp-content\/uploads\/2024\/02\/Point-Alpha.jpg\" rel=\"lightbox[38357]\"><img loading=\"lazy\" decoding=\"async\" src=\"https:\/\/franziskanergymnasium-kreuzburg.de\/cms\/wp-content\/uploads\/2024\/02\/Point-Alpha-225x300.jpg\" alt=\"\" width=\"225\" height=\"300\" class=\"alignleft size-medium wp-image-38364\" srcset=\"https:\/\/franziskanergymnasium-kreuzburg.de\/cms\/wp-content\/uploads\/2024\/02\/Point-Alpha-225x300.jpg 225w, https:\/\/franziskanergymnasium-kreuzburg.de\/cms\/wp-content\/uploads\/2024\/02\/Point-Alpha-768x1024.jpg 768w, https:\/\/franziskanergymnasium-kreuzburg.de\/cms\/wp-content\/uploads\/2024\/02\/Point-Alpha.jpg 900w\" sizes=\"auto, (max-width: 225px) 100vw, 225px\" \/><\/a>","protected":false},"excerpt":{"rendered":"An einem Freitag fuhren wir zusammen mit allen Geschichtskursen der Q3 sowie den Lehrkr\u00e4ften Bergmann, Esche, Kohlmetz und Probst zur Gedenkst\u00e4tte Point Alpha in der N\u00e4he von Geisa\/Th\u00fcringen. Point Alpha war im \u201eKalten Krieg\u201c einer der wichtigsten US-Beobachtungsst\u00fctzpunkte und befindet sich an der damaligen Grenze zwischen DDR und BRD. Nach einer etwa zweist\u00fcndigen Busfahrt kamen wir gegen 10.00 Uhr an der Gedenkst\u00e4tte an. Dort teilten wir uns direkt in acht Gruppen auf, welche zeitversetzt die verschiedenen Stationen durchliefen. Das Angebot vor Ort bestand aus einem Zeitzeugengespr\u00e4ch, einer F\u00fchrung durch das Museum sowie einer begleiteten Wanderung zum und durch den damaligen US-St\u00fctzpunkt. Die Zeitzeugengespr\u00e4che wurden geleitet von damaligen Einwohnern der DDR oder der BRD, die mit uns private oder berufliche Erfahrungen \u2013 einige waren beispielsweise Grenzsoldaten \u2013 teilten und uns von ihren Eindr\u00fccken w\u00e4hrend des \u201eMauerfalls\u201c erz\u00e4hlten. Diese Gespr\u00e4che waren sehr beeindruckend und bewegend, da wir so nun besser nachvollziehen konnten, wie das damalige Leben in der DDR bzw. in der \u00f6stlichen BRD aussah. Die Zeitzeug*innen schilderten beispielsweise ihre Lebensbedingungen, welche sich aus \u00dcberwachung, eingeschr\u00e4nkter Meinungsfreiheit und einem Leben in einem undemokratischen Staat zusammensetzten. Sie alle wussten um die Konsequenzen, wenn man sich gegen das Regime auflehnen w\u00fcrde. Teilweise waren wir sehr geschockt von den Aussagen. Zudem berichteten sie von den \u00fcberw\u00e4ltigenden Gef\u00fchlen beim \u201eMauerfall\u201c, denn von da an ver\u00e4nderte sich ihr Leben grundlegend. Das Museum lieferte in Verbindung mit unseren Gruppenleiter*innen viele Informationen zur damaligen Zeit, vor allem hinsichtlich des \u201eKalten Kriegs\u201c, des US-\u00dcbersichtsst\u00fctzpunkts und besonders der Spannungen zwischen der Sowjetunion und den USA. Vor Ort gab es viele Ausstellungsst\u00fccke, etwa alte Minen, Waffen und Modelle zum besseren Verst\u00e4ndnis der damaligen Situation. Auch wird dort ein originaler Trabant, ein typisches DDR-Kraftfahrzeug, ausgestellt. Durch Matsch, peitschenden Wind und teilweise eiskalten Regen liefen wir au\u00dferdem die Grenze entlang. Auf dem Weg sahen wir alte Minenfelder, welche damals mit einer hohen Komplexit\u00e4t errichtet wurden \u2013 insgesamt lagen damals an der innerdeutschen Grenze, also in einem 5 Kilometer weiten Grenzbereich, rund zwei Millionen Minen, flankiert von Selbstschussanlagen und Z\u00e4unen. Am St\u00fctzpunkt konnten wir Objekte, wie alte Helikopter, Panzer, Ausr\u00fcstungsgegenst\u00e4nde und alte Wohnbaracken der Amerikaner entdecken. Die subtile Brutalit\u00e4t zu dieser Zeit ersch\u00fctterte uns alle und trotz des schlechten Wetters nahmen wir alle viel mit von dieser Exkursion. Maja Flaum und Mel Spitz, Q3","protected":false},"author":11,"featured_media":38359,"comment_status":"closed","ping_status":"closed","sticky":false,"template":"","format":"standard","meta":{"ngg_post_thumbnail":0,"footnotes":""},"categories":[1],"tags":[],"class_list":["post-38357","post","type-post","status-publish","format-standard","has-post-thumbnail","hentry","category-allgemein"],"publishpress_future_action":{"enabled":false,"date":"2026-05-03 13:52:26","action":"change-status","newStatus":"draft","terms":[],"taxonomy":"category","extraData":[]},"publishpress_future_workflow_manual_trigger":{"enabledWorkflows":[]},"_links":{"self":[{"href":"https:\/\/franziskanergymnasium-kreuzburg.de\/cms\/wp-json\/wp\/v2\/posts\/38357","targetHints":{"allow":["GET"]}}],"collection":[{"href":"https:\/\/franziskanergymnasium-kreuzburg.de\/cms\/wp-json\/wp\/v2\/posts"}],"about":[{"href":"https:\/\/franziskanergymnasium-kreuzburg.de\/cms\/wp-json\/wp\/v2\/types\/post"}],"author":[{"embeddable":true,"href":"https:\/\/franziskanergymnasium-kreuzburg.de\/cms\/wp-json\/wp\/v2\/users\/11"}],"replies":[{"embeddable":true,"href":"https:\/\/franziskanergymnasium-kreuzburg.de\/cms\/wp-json\/wp\/v2\/comments?post=38357"}],"version-history":[{"count":3,"href":"https:\/\/franziskanergymnasium-kreuzburg.de\/cms\/wp-json\/wp\/v2\/posts\/38357\/revisions"}],"predecessor-version":[{"id":38390,"href":"https:\/\/franziskanergymnasium-kreuzburg.de\/cms\/wp-json\/wp\/v2\/posts\/38357\/revisions\/38390"}],"wp:featuredmedia":[{"embeddable":true,"href":"https:\/\/franziskanergymnasium-kreuzburg.de\/cms\/wp-json\/wp\/v2\/media\/38359"}],"wp:attachment":[{"href":"https:\/\/franziskanergymnasium-kreuzburg.de\/cms\/wp-json\/wp\/v2\/media?parent=38357"}],"wp:term":[{"taxonomy":"category","embeddable":true,"href":"https:\/\/franziskanergymnasium-kreuzburg.de\/cms\/wp-json\/wp\/v2\/categories?post=38357"},{"taxonomy":"post_tag","embeddable":true,"href":"https:\/\/franziskanergymnasium-kreuzburg.de\/cms\/wp-json\/wp\/v2\/tags?post=38357"}],"curies":[{"name":"wp","href":"https:\/\/api.w.org\/{rel}","templated":true}]}}