{"id":38366,"date":"2024-02-05T10:56:47","date_gmt":"2024-02-05T09:56:47","guid":{"rendered":"https:\/\/franziskanergymnasium-kreuzburg.de\/cms\/?p=38366"},"modified":"2024-02-05T10:56:47","modified_gmt":"2024-02-05T09:56:47","slug":"harald-kiesel-begeistert-unsere-5-klassen-mit-seiner-buechershow","status":"publish","type":"post","link":"https:\/\/franziskanergymnasium-kreuzburg.de\/cms\/harald-kiesel-begeistert-unsere-5-klassen-mit-seiner-buechershow\/","title":{"rendered":"Harald Kiesel begeistert unsere 5. Klassen mit seiner \u201eB\u00fcchershow\u201c"},"content":{"rendered":"\r\n\r\nAm Donnerstag, den 1. Februar 2024 besuchte uns der Autor, Verleger und \u00dcbersetzer Harald Kiesel. In zwei \u201eB\u00fcchershows\u201c zeigte er den 5. Klassen verschiedene B\u00fccher, an denen er in unterschiedlicher Weise mitgewirkt hat. Er erkl\u00e4rte den Sch\u00fclerInnen, wie Geschichten zu B\u00fcchern werden, wie Illustrationen in die B\u00fccher kommen und vieles mehr.<br>\r\n\r\nAm kommenden Donnerstag, den 8. Februar 2024, erwarten wir die Hanauer Autorin Jutta Wilke, die f\u00fcr die 6. Klassen lesen wird.<br><br>\r\n<a attid=\"38367\"  href=\"https:\/\/franziskanergymnasium-kreuzburg.de\/cms\/wp-content\/uploads\/2024\/02\/Lesung-mit-Harald-Kiesel.jpg\" rel=\"lightbox[38366]\"><img loading=\"lazy\" decoding=\"async\" src=\"https:\/\/franziskanergymnasium-kreuzburg.de\/cms\/wp-content\/uploads\/2024\/02\/Lesung-mit-Harald-Kiesel-300x200.jpg\" alt=\"\" width=\"300\" height=\"200\" class=\"alignleft size-medium wp-image-38367\" srcset=\"https:\/\/franziskanergymnasium-kreuzburg.de\/cms\/wp-content\/uploads\/2024\/02\/Lesung-mit-Harald-Kiesel-300x200.jpg 300w, https:\/\/franziskanergymnasium-kreuzburg.de\/cms\/wp-content\/uploads\/2024\/02\/Lesung-mit-Harald-Kiesel-1024x682.jpg 1024w, https:\/\/franziskanergymnasium-kreuzburg.de\/cms\/wp-content\/uploads\/2024\/02\/Lesung-mit-Harald-Kiesel-768x511.jpg 768w, https:\/\/franziskanergymnasium-kreuzburg.de\/cms\/wp-content\/uploads\/2024\/02\/Lesung-mit-Harald-Kiesel.jpg 1200w\" sizes=\"auto, (max-width: 300px) 100vw, 300px\" \/><\/a>","protected":false},"excerpt":{"rendered":"Am Donnerstag, den 1. Februar 2024 besuchte uns der Autor, Verleger und \u00dcbersetzer Harald Kiesel. In zwei \u201eB\u00fcchershows\u201c zeigte er den 5. Klassen verschiedene B\u00fccher, an denen er in unterschiedlicher Weise mitgewirkt hat. Er erkl\u00e4rte den Sch\u00fclerInnen, wie Geschichten zu B\u00fcchern werden, wie Illustrationen in die B\u00fccher kommen und vieles mehr. Am kommenden Donnerstag, den 8. Februar 2024, erwarten wir die Hanauer Autorin Jutta Wilke, die f\u00fcr die 6. Klassen lesen wird.","protected":false},"author":11,"featured_media":38367,"comment_status":"closed","ping_status":"closed","sticky":false,"template":"","format":"standard","meta":{"ngg_post_thumbnail":0,"footnotes":""},"categories":[1],"tags":[],"class_list":["post-38366","post","type-post","status-publish","format-standard","has-post-thumbnail","hentry","category-allgemein"],"publishpress_future_action":{"enabled":false,"date":"2026-05-05 10:03:56","action":"change-status","newStatus":"draft","terms":[],"taxonomy":"category","extraData":[]},"publishpress_future_workflow_manual_trigger":{"enabledWorkflows":[]},"_links":{"self":[{"href":"https:\/\/franziskanergymnasium-kreuzburg.de\/cms\/wp-json\/wp\/v2\/posts\/38366","targetHints":{"allow":["GET"]}}],"collection":[{"href":"https:\/\/franziskanergymnasium-kreuzburg.de\/cms\/wp-json\/wp\/v2\/posts"}],"about":[{"href":"https:\/\/franziskanergymnasium-kreuzburg.de\/cms\/wp-json\/wp\/v2\/types\/post"}],"author":[{"embeddable":true,"href":"https:\/\/franziskanergymnasium-kreuzburg.de\/cms\/wp-json\/wp\/v2\/users\/11"}],"replies":[{"embeddable":true,"href":"https:\/\/franziskanergymnasium-kreuzburg.de\/cms\/wp-json\/wp\/v2\/comments?post=38366"}],"version-history":[{"count":1,"href":"https:\/\/franziskanergymnasium-kreuzburg.de\/cms\/wp-json\/wp\/v2\/posts\/38366\/revisions"}],"predecessor-version":[{"id":38368,"href":"https:\/\/franziskanergymnasium-kreuzburg.de\/cms\/wp-json\/wp\/v2\/posts\/38366\/revisions\/38368"}],"wp:featuredmedia":[{"embeddable":true,"href":"https:\/\/franziskanergymnasium-kreuzburg.de\/cms\/wp-json\/wp\/v2\/media\/38367"}],"wp:attachment":[{"href":"https:\/\/franziskanergymnasium-kreuzburg.de\/cms\/wp-json\/wp\/v2\/media?parent=38366"}],"wp:term":[{"taxonomy":"category","embeddable":true,"href":"https:\/\/franziskanergymnasium-kreuzburg.de\/cms\/wp-json\/wp\/v2\/categories?post=38366"},{"taxonomy":"post_tag","embeddable":true,"href":"https:\/\/franziskanergymnasium-kreuzburg.de\/cms\/wp-json\/wp\/v2\/tags?post=38366"}],"curies":[{"name":"wp","href":"https:\/\/api.w.org\/{rel}","templated":true}]}}