{"id":38391,"date":"2024-03-03T12:55:49","date_gmt":"2024-03-03T11:55:49","guid":{"rendered":"https:\/\/franziskanergymnasium-kreuzburg.de\/cms\/?p=38391"},"modified":"2024-03-03T12:57:19","modified_gmt":"2024-03-03T11:57:19","slug":"informationsabend-qualifikationsphase-und-abitur","status":"publish","type":"post","link":"https:\/\/franziskanergymnasium-kreuzburg.de\/cms\/informationsabend-qualifikationsphase-und-abitur\/","title":{"rendered":"Informationsabend \u201eQualifikationsphase und Abitur\u201c"},"content":{"rendered":"<strong>Liebe Sch\u00fclerinnen und Sch\u00fcler der E-Phase im Schuljahr 2023\/24, liebe Eltern,<br><br>\r\n\r\nhiermit lade ich Sie herzlich zum Informationsabend \u201eQualifikationsphase und Abitur\u201c am Dienstag, den 05.03.2024, um 19.30 Uhr in die Aula der Schule ein.<\/strong><br><br>\r\n\r\nDies ist der letzte Informationsabend im Verlauf der Oberstufe.<br>\r\n\r\nInhalte:<br>\r\n\r\nVerschiedene Hinweis zur E-Phase und zu den Zulassungsbedingungen zur Q-Phase,<br>\r\n\r\nOrganisation der Qualifikationsphase (Kurswahlen, Beleg- und Einbringpflichten,\u2026)<br>\r\n\r\nAbiturpr\u00fcfungen (Zulassungsbestimmungen, Pr\u00fcfungsfacharten, Pr\u00fcfungsfachwahlen, Bestimmungen,\u2026)<br>\r\n\r\nVerschiedenes<br><br>\r\n\r\nBitte erscheinen sie zahlreich zu dieser Veranstaltung.<br><br>\r\n\r\n \r\n\r\nMit freundlichen Gr\u00fc\u00dfen<br>\r\n\r\nT. Hartelt (Studienleitung)","protected":false},"excerpt":{"rendered":"Liebe Sch\u00fclerinnen und Sch\u00fcler der E-Phase im Schuljahr 2023\/24, liebe Eltern, hiermit lade ich Sie herzlich zum Informationsabend \u201eQualifikationsphase und Abitur\u201c am Dienstag, den 05.03.2024, um 19.30 Uhr in die Aula der Schule ein. Dies ist der letzte Informationsabend im Verlauf der Oberstufe. Inhalte: Verschiedene Hinweis zur E-Phase und zu den Zulassungsbedingungen zur Q-Phase, Organisation der Qualifikationsphase (Kurswahlen, Beleg- und Einbringpflichten,\u2026) Abiturpr\u00fcfungen (Zulassungsbestimmungen, Pr\u00fcfungsfacharten, Pr\u00fcfungsfachwahlen, Bestimmungen,\u2026) Verschiedenes Bitte erscheinen sie zahlreich zu dieser Veranstaltung. Mit freundlichen Gr\u00fc\u00dfen T. Hartelt (Studienleitung)","protected":false},"author":11,"featured_media":5317,"comment_status":"closed","ping_status":"closed","sticky":false,"template":"","format":"standard","meta":{"ngg_post_thumbnail":0,"footnotes":""},"categories":[1],"tags":[],"class_list":["post-38391","post","type-post","status-publish","format-standard","has-post-thumbnail","hentry","category-allgemein"],"publishpress_future_action":{"enabled":false,"date":"2026-05-05 10:23:41","action":"change-status","newStatus":"draft","terms":[],"taxonomy":"category","extraData":[]},"publishpress_future_workflow_manual_trigger":{"enabledWorkflows":[]},"_links":{"self":[{"href":"https:\/\/franziskanergymnasium-kreuzburg.de\/cms\/wp-json\/wp\/v2\/posts\/38391","targetHints":{"allow":["GET"]}}],"collection":[{"href":"https:\/\/franziskanergymnasium-kreuzburg.de\/cms\/wp-json\/wp\/v2\/posts"}],"about":[{"href":"https:\/\/franziskanergymnasium-kreuzburg.de\/cms\/wp-json\/wp\/v2\/types\/post"}],"author":[{"embeddable":true,"href":"https:\/\/franziskanergymnasium-kreuzburg.de\/cms\/wp-json\/wp\/v2\/users\/11"}],"replies":[{"embeddable":true,"href":"https:\/\/franziskanergymnasium-kreuzburg.de\/cms\/wp-json\/wp\/v2\/comments?post=38391"}],"version-history":[{"count":1,"href":"https:\/\/franziskanergymnasium-kreuzburg.de\/cms\/wp-json\/wp\/v2\/posts\/38391\/revisions"}],"predecessor-version":[{"id":38392,"href":"https:\/\/franziskanergymnasium-kreuzburg.de\/cms\/wp-json\/wp\/v2\/posts\/38391\/revisions\/38392"}],"wp:featuredmedia":[{"embeddable":true,"href":"https:\/\/franziskanergymnasium-kreuzburg.de\/cms\/wp-json\/wp\/v2\/media\/5317"}],"wp:attachment":[{"href":"https:\/\/franziskanergymnasium-kreuzburg.de\/cms\/wp-json\/wp\/v2\/media?parent=38391"}],"wp:term":[{"taxonomy":"category","embeddable":true,"href":"https:\/\/franziskanergymnasium-kreuzburg.de\/cms\/wp-json\/wp\/v2\/categories?post=38391"},{"taxonomy":"post_tag","embeddable":true,"href":"https:\/\/franziskanergymnasium-kreuzburg.de\/cms\/wp-json\/wp\/v2\/tags?post=38391"}],"curies":[{"name":"wp","href":"https:\/\/api.w.org\/{rel}","templated":true}]}}