{"id":38407,"date":"2024-02-08T14:05:30","date_gmt":"2024-02-08T13:05:30","guid":{"rendered":"https:\/\/franziskanergymnasium-kreuzburg.de\/cms\/?p=38407"},"modified":"2024-02-08T14:05:30","modified_gmt":"2024-02-08T13:05:30","slug":"per-aspera-ad-astra-oder-wie-es-drei-powi-leistungs-orientierungskurse-trotz-mancher-hindernisse-ins-europaparlament-schafften","status":"publish","type":"post","link":"https:\/\/franziskanergymnasium-kreuzburg.de\/cms\/per-aspera-ad-astra-oder-wie-es-drei-powi-leistungs-orientierungskurse-trotz-mancher-hindernisse-ins-europaparlament-schafften\/","title":{"rendered":"\u201ePer Aspera ad Astra\u201c \u2013 oder wie es drei PoWi Leistungs\/Orientierungskurse trotz mancher Hindernisse ins Europaparlament schafften"},"content":{"rendered":"Am 06.02.24 stand f\u00fcr knapp 55 Sch\u00fclerinnen und Sch\u00fcler der Oberstufe sowie den Lehrern Kessler, Reese und Stegmann Stra\u00dfburg und dort das Europaparlament im Programm. Leider erwies sich die Reise zun\u00e4chst als etwas schwierig, war doch der Bus an die Otto- Hahn- Schule statt zur Kreuzburg gefahren. Mit einer Stunde Verz\u00f6gerung konnte die Gruppe endlich starten und trotz einiger Staus mittags Stra\u00dfburg erreichen. Im Stechschritt gab es einen Rundgang durch die Innenstadt mit einem Blick auf das ber\u00fchmte M\u00fcnster. Auf dem Weg in das Europaparlament zeigte sich dann, dass franz\u00f6sische Bauern ihre Forderungen nicht nur durch Plakate und gezielt verkehrsbehindernd aufgestellte Traktoren, sondern auch mit Hilfe einer Vierfach- Hupe in nicht nur sprichw\u00f6rtlich ohrenbet\u00e4ubender Weise deutlich machen; da au\u00dfer der Kreuzburg- Reisegruppe niemand sonst in der N\u00e4he war, k\u00f6nnte der politische Effekt allerdings \u00fcberschaubar bleiben. Im beeindruckenden Parlamentsgeb\u00e4ude angekommen wurde einiges \u00fcber die EU allgemein und die Parlamentsarbeit im Besonderen vermittelt. Ein Besuch im Plenarsaal w\u00e4hrend einer Diskussion \u00fcber den Klimawandel rundete den Tag ab. Im Gegensatz zur Hinfahrt verlief die R\u00fcckfahrt st\u00f6rungsfrei und alle kamen am fr\u00fchen Abend wieder sicher und wohlbehalten an der Schule an.<br><br>\r\n<a attid=\"38408\"  href=\"https:\/\/franziskanergymnasium-kreuzburg.de\/cms\/wp-content\/uploads\/2024\/02\/Gruppe-Strassburg.jpg\" rel=\"lightbox[38407]\"><img loading=\"lazy\" decoding=\"async\" src=\"https:\/\/franziskanergymnasium-kreuzburg.de\/cms\/wp-content\/uploads\/2024\/02\/Gruppe-Strassburg-300x225.jpg\" alt=\"\" width=\"300\" height=\"225\" class=\"alignleft size-medium wp-image-38408\" srcset=\"https:\/\/franziskanergymnasium-kreuzburg.de\/cms\/wp-content\/uploads\/2024\/02\/Gruppe-Strassburg-300x225.jpg 300w, https:\/\/franziskanergymnasium-kreuzburg.de\/cms\/wp-content\/uploads\/2024\/02\/Gruppe-Strassburg-1024x768.jpg 1024w, https:\/\/franziskanergymnasium-kreuzburg.de\/cms\/wp-content\/uploads\/2024\/02\/Gruppe-Strassburg-768x576.jpg 768w, https:\/\/franziskanergymnasium-kreuzburg.de\/cms\/wp-content\/uploads\/2024\/02\/Gruppe-Strassburg-440x330.jpg 440w, https:\/\/franziskanergymnasium-kreuzburg.de\/cms\/wp-content\/uploads\/2024\/02\/Gruppe-Strassburg.jpg 1200w\" sizes=\"auto, (max-width: 300px) 100vw, 300px\" \/><\/a>\r\n\r\n<a attid=\"38409\"  href=\"https:\/\/franziskanergymnasium-kreuzburg.de\/cms\/wp-content\/uploads\/2024\/02\/Strassburg2.jpg\" rel=\"lightbox[38407]\"><img loading=\"lazy\" decoding=\"async\" src=\"https:\/\/franziskanergymnasium-kreuzburg.de\/cms\/wp-content\/uploads\/2024\/02\/Strassburg2-300x225.jpg\" alt=\"\" width=\"300\" height=\"225\" class=\"alignleft size-medium wp-image-38409\" srcset=\"https:\/\/franziskanergymnasium-kreuzburg.de\/cms\/wp-content\/uploads\/2024\/02\/Strassburg2-300x225.jpg 300w, https:\/\/franziskanergymnasium-kreuzburg.de\/cms\/wp-content\/uploads\/2024\/02\/Strassburg2-1024x768.jpg 1024w, https:\/\/franziskanergymnasium-kreuzburg.de\/cms\/wp-content\/uploads\/2024\/02\/Strassburg2-768x576.jpg 768w, https:\/\/franziskanergymnasium-kreuzburg.de\/cms\/wp-content\/uploads\/2024\/02\/Strassburg2-1536x1152.jpg 1536w, https:\/\/franziskanergymnasium-kreuzburg.de\/cms\/wp-content\/uploads\/2024\/02\/Strassburg2.jpg 2048w\" sizes=\"auto, (max-width: 300px) 100vw, 300px\" \/><\/a><br><br>\r\n<a attid=\"38410\"  href=\"https:\/\/franziskanergymnasium-kreuzburg.de\/cms\/wp-content\/uploads\/2024\/02\/Strassburg1.jpg\" rel=\"lightbox[38407]\"><img loading=\"lazy\" decoding=\"async\" src=\"https:\/\/franziskanergymnasium-kreuzburg.de\/cms\/wp-content\/uploads\/2024\/02\/Strassburg1-225x300.jpg\" alt=\"\" width=\"225\" height=\"300\" class=\"alignleft size-medium wp-image-38410\" srcset=\"https:\/\/franziskanergymnasium-kreuzburg.de\/cms\/wp-content\/uploads\/2024\/02\/Strassburg1-225x300.jpg 225w, https:\/\/franziskanergymnasium-kreuzburg.de\/cms\/wp-content\/uploads\/2024\/02\/Strassburg1-768x1024.jpg 768w, https:\/\/franziskanergymnasium-kreuzburg.de\/cms\/wp-content\/uploads\/2024\/02\/Strassburg1-1152x1536.jpg 1152w, https:\/\/franziskanergymnasium-kreuzburg.de\/cms\/wp-content\/uploads\/2024\/02\/Strassburg1.jpg 1536w\" sizes=\"auto, (max-width: 225px) 100vw, 225px\" \/><\/a>\r\n\r\n<a attid=\"38411\"  href=\"https:\/\/franziskanergymnasium-kreuzburg.de\/cms\/wp-content\/uploads\/2024\/02\/Strassburg3.jpg\" rel=\"lightbox[38407]\"><img loading=\"lazy\" decoding=\"async\" src=\"https:\/\/franziskanergymnasium-kreuzburg.de\/cms\/wp-content\/uploads\/2024\/02\/Strassburg3-225x300.jpg\" alt=\"\" width=\"225\" height=\"300\" class=\"alignleft size-medium wp-image-38411\" srcset=\"https:\/\/franziskanergymnasium-kreuzburg.de\/cms\/wp-content\/uploads\/2024\/02\/Strassburg3-225x300.jpg 225w, https:\/\/franziskanergymnasium-kreuzburg.de\/cms\/wp-content\/uploads\/2024\/02\/Strassburg3-768x1024.jpg 768w, https:\/\/franziskanergymnasium-kreuzburg.de\/cms\/wp-content\/uploads\/2024\/02\/Strassburg3-1152x1536.jpg 1152w, https:\/\/franziskanergymnasium-kreuzburg.de\/cms\/wp-content\/uploads\/2024\/02\/Strassburg3.jpg 1536w\" sizes=\"auto, (max-width: 225px) 100vw, 225px\" \/><\/a>","protected":false},"excerpt":{"rendered":"Am 06.02.24 stand f\u00fcr knapp 55 Sch\u00fclerinnen und Sch\u00fcler der Oberstufe sowie den Lehrern Kessler, Reese und Stegmann Stra\u00dfburg und dort das Europaparlament im Programm. Leider erwies sich die Reise zun\u00e4chst als etwas schwierig, war doch der Bus an die Otto- Hahn- Schule statt zur Kreuzburg gefahren. Mit einer Stunde Verz\u00f6gerung konnte die Gruppe endlich starten und trotz einiger Staus mittags Stra\u00dfburg erreichen. Im Stechschritt gab es einen Rundgang durch die Innenstadt mit einem Blick auf das ber\u00fchmte M\u00fcnster. Auf dem Weg in das Europaparlament zeigte sich dann, dass franz\u00f6sische Bauern ihre Forderungen nicht nur durch Plakate und gezielt verkehrsbehindernd aufgestellte Traktoren, sondern auch mit Hilfe einer Vierfach- Hupe in nicht nur sprichw\u00f6rtlich ohrenbet\u00e4ubender Weise deutlich machen; da au\u00dfer der Kreuzburg- Reisegruppe niemand sonst in der N\u00e4he war, k\u00f6nnte der politische Effekt allerdings \u00fcberschaubar bleiben. Im beeindruckenden Parlamentsgeb\u00e4ude angekommen wurde einiges \u00fcber die EU allgemein und die Parlamentsarbeit im Besonderen vermittelt. Ein Besuch im Plenarsaal w\u00e4hrend einer Diskussion \u00fcber den Klimawandel rundete den Tag ab. Im Gegensatz zur Hinfahrt verlief die R\u00fcckfahrt st\u00f6rungsfrei und alle kamen am fr\u00fchen Abend wieder sicher und wohlbehalten an der Schule an.","protected":false},"author":11,"featured_media":38408,"comment_status":"closed","ping_status":"closed","sticky":false,"template":"","format":"standard","meta":{"ngg_post_thumbnail":0,"footnotes":""},"categories":[1],"tags":[],"class_list":["post-38407","post","type-post","status-publish","format-standard","has-post-thumbnail","hentry","category-allgemein"],"publishpress_future_action":{"enabled":false,"date":"2026-05-05 10:38:28","action":"change-status","newStatus":"draft","terms":[],"taxonomy":"category","extraData":[]},"publishpress_future_workflow_manual_trigger":{"enabledWorkflows":[]},"_links":{"self":[{"href":"https:\/\/franziskanergymnasium-kreuzburg.de\/cms\/wp-json\/wp\/v2\/posts\/38407","targetHints":{"allow":["GET"]}}],"collection":[{"href":"https:\/\/franziskanergymnasium-kreuzburg.de\/cms\/wp-json\/wp\/v2\/posts"}],"about":[{"href":"https:\/\/franziskanergymnasium-kreuzburg.de\/cms\/wp-json\/wp\/v2\/types\/post"}],"author":[{"embeddable":true,"href":"https:\/\/franziskanergymnasium-kreuzburg.de\/cms\/wp-json\/wp\/v2\/users\/11"}],"replies":[{"embeddable":true,"href":"https:\/\/franziskanergymnasium-kreuzburg.de\/cms\/wp-json\/wp\/v2\/comments?post=38407"}],"version-history":[{"count":2,"href":"https:\/\/franziskanergymnasium-kreuzburg.de\/cms\/wp-json\/wp\/v2\/posts\/38407\/revisions"}],"predecessor-version":[{"id":38413,"href":"https:\/\/franziskanergymnasium-kreuzburg.de\/cms\/wp-json\/wp\/v2\/posts\/38407\/revisions\/38413"}],"wp:featuredmedia":[{"embeddable":true,"href":"https:\/\/franziskanergymnasium-kreuzburg.de\/cms\/wp-json\/wp\/v2\/media\/38408"}],"wp:attachment":[{"href":"https:\/\/franziskanergymnasium-kreuzburg.de\/cms\/wp-json\/wp\/v2\/media?parent=38407"}],"wp:term":[{"taxonomy":"category","embeddable":true,"href":"https:\/\/franziskanergymnasium-kreuzburg.de\/cms\/wp-json\/wp\/v2\/categories?post=38407"},{"taxonomy":"post_tag","embeddable":true,"href":"https:\/\/franziskanergymnasium-kreuzburg.de\/cms\/wp-json\/wp\/v2\/tags?post=38407"}],"curies":[{"name":"wp","href":"https:\/\/api.w.org\/{rel}","templated":true}]}}