{"id":38461,"date":"2024-02-22T09:59:53","date_gmt":"2024-02-22T08:59:53","guid":{"rendered":"https:\/\/franziskanergymnasium-kreuzburg.de\/cms\/?p=38461"},"modified":"2024-02-22T09:59:53","modified_gmt":"2024-02-22T08:59:53","slug":"spanienaustausch-mit-dem-colegio-la-concepcio","status":"publish","type":"post","link":"https:\/\/franziskanergymnasium-kreuzburg.de\/cms\/spanienaustausch-mit-dem-colegio-la-concepcio\/","title":{"rendered":"Spanienaustausch mit dem Colegio La Concepci\u00f3"},"content":{"rendered":"<strong>Spanienaustausch mit dem Colegio La Concepci\u00f3n in Ontinyent (23.01. \u2013 30.01.2024)<\/strong><p>\r\n<br>\r\nDienstag:<p>\r\n\r\nSchon um 6.10 Uhr am Morgen hat sich der gr\u00f6\u00dfte Teil der Gruppe am Hanauer Hauptbahnhof getroffen, um zusammen zum Flughafen zu fahren. Sicherlich \u00fcberrascht es niemanden, dass wir nicht p\u00fcnktlich, sondern mit einiger Versp\u00e4tung in Frankfurt ankamen. Dort verabschiedeten sich alle von ihren Familien und das normale Flughafen-Procedere begann: Gep\u00e4ckabgabe, Securitycheck, Boarding, Flug.<br>\r\n\r\nIn Valencia kamen wir bei sehr angenehmen 20 Grad an.Nach gut einer Stunde Fahrt erreichten wir das Colegio La Concepci\u00f3n in Ontinyent, wo wir ein wenig herumgef\u00fchrt wurden, bevor wir dann endlich unsere Austauschpartner kennenlernten.\r\n<br>\r\nDen Nachmittag haben alle in den Gastfamilien verbracht und viele nutzten die Gelegenheit, Ontinyent zu Fu\u00df zu erkunden.\r\n<p>\r\nMittwoch:<p>\r\n\r\nHeute waren wir das erste Mal mit unseren Austauschsch\u00fclern in der Schule. Wir haben zuerst den Englischunterricht besucht und fuhren anschlie\u00dfend nach Benidorm, einer kleinen Stadt am Meer. Dort sind wir erst auf einen Aussichtspunkt gegangen, von dem aus wir eine tolle Sicht auf das klare, t\u00fcrkisblaue Meer hatten. Anschlie\u00dfend liefen wir zum Strand, wo wir entspannen und unsere F\u00fc\u00dfe ins Meer halten konnten. Danach hatten wir zwei Stunden Mittagspause, in der wir durch die Stadt gelaufen sind, Souvenirs und etwas zu essen kaufen konnten.\r\n<p>\r\nDonnerstag:<p>\r\n\r\nAm Donnerstag liefen wir zum \u201ePou Clar\u201c (= Pozo Claro = Klarer Brunnen). Auf dem Weg sahen wir verlassene spanische H\u00e4user und eine fantastische Natur. Als wir dort ankamen, a\u00dfen wir alle unsere mitgebrachten Bocadillos, und bewunderten das blaue Wasser und die Natur. Als wir uns auf den R\u00fcckweg begaben, sahen wir zwei Klippenspringer. An diesem Tag schien die Sonne sehr stark und es waren 27 Grad. Wir waren alle ganz geschafft.<p>\r\n\r\nFreitag:\r\n<p>\r\nAm Freitag haben wir nach einem leckeren Fr\u00fchst\u00fcck mit unseren Austauschpartnern den Ort Ontinyent besucht. Dies mussten wir zwar leider ohne unsere Austauschsch\u00fcler tun, da diese in den Unterricht mussten, wir hatten aber dennoch Spa\u00df. Wir sind an der Schule gestartet und sind circa 15 Minuten in die Altstadt von Ontinyent gelaufen. Dort sind wir von der Geschichtslehrerin Xelo, die am Colegio unterrichtet, zuerst in ein Museum gef\u00fchrt worden. Dort konnten wir traditionelle Kost\u00fcme sowie eine alte Kirchenglocke ansehen. Anschlie\u00dfend sind wir dann in Richtung Rathaus gelaufen, wo wir in einem Verhandlungsraum Platz genommen haben. Dann lernten wir den B\u00fcrgermeister kennen und wurden von ihm herzlichst begr\u00fc\u00dft.<br>\r\n\r\nAls Andenken haben wir einen kleinen Rucksack bekommen. Zum Abschluss sind wir noch auf den Glockenturm der Santa Mar\u00eda Kirche gegangen und konnten nach vielen kleinen und gewundenen Treppen in einer H\u00f6he von etwa 70 m die wundervolle Aussicht \u00fcber die Stadt bewundern.\r\n<br>\r\nEs war ein sch\u00f6ner Tag und wir haben viele neue Eindr\u00fccke und Erfahrungen sammeln k\u00f6nnen!\r\n<p>\r\nSamstag &#038; Sonntag:\r\n<p>\r\nDas Wochenende verbrachten wir in unseren Gastfamilien. Teilweise fuhren wir nach Valencia an den Strand, teilweise schlossen wir uns zusammen f\u00fcr ein gro\u00dfes gemeinsames Paella-Essen.<p>\r\n\r\nMontag:\r\n<p>\r\nF\u00fcr den letzten Tag unseres Aufenthalts in Spanien ging es f\u00fcr uns und ein paar weiteren Klassen der lokalen Schule in die wundersch\u00f6ne Stadt Valencia. Dort haben wir in zwei Gruppen die Altstadt besichtigt. Wir wurden von einer Vielzahl an spektakul\u00e4ren und aufregenden Altbauten und Kirchen \u00fcberw\u00e4ltigt. Zu diesen Monumenten wurde uns jeweils ein kleiner Vortrag der spanischen Sch\u00fclerInnen vorgetragen, um uns so die Bedeutung und den Zweck dieser n\u00e4herzubringen. Dadurch konnte die wundersch\u00f6ne Altstadt unsere Herzen f\u00fcr sich gewinnen. Zwischen den jeweiligen umwerfenden Attraktionen bekamen wir jeweils etwas Freizeit um uns selbst mit den Stra\u00dfen dieser Stadt vertraut zu machen. Nachdem wir diesen Teil der Stadt abgeschlossen hatten, ging es mit einer kurzen Busfahrt zur \u201eCiudad de las Artes y las Ciencias\u201c, dem modernen Teil von Valencia. Dort durften wir die Zeit nutzen, um unseren Hunger im Einkaufszentrum zu stillen. Als der Tag sich dem Ende neigte, gab es ein letztes gemeinsames Foto, bevor wir alle in den Bus stiegen und es nach Hause ging. Nach der Ankunft in Ontinyent wurden wir mit einem selbstorgansierten Buffet der Eltern \u00fcberrascht, um den Abend ausklingen zu lassen. Anschlie\u00dfend hie\u00df es ein letztes Mal im spanischen Bett schlafen, bevor wir \u201eAdi\u00f3s\u201c sagen mussten.\r\n<p>\r\nDienstag:\r\n<p>\r\nAm Dienstag, den 30.01.2024 war es so weit, es war der letzte Tag unseres Spanischaustausches. Auch wenn man sich einerseits freute, seine Familie und Freunde wiederzusehen, war es dennoch auch sehr traurig, da enge Freundschaften entstanden sind. Als sich alle verabschiedet haben, ging es p\u00fcnktlich um 9:15 Uhr Richtung Flughafen. Nach zwei Stunden Flug waren wir zur\u00fcck in Deutschland und sehr froh unsere Familie wieder zu sehen. Abschlie\u00dfend kann man sagen, dass der Spanienaustausch sehr gelungen war.\r\n<p>\r\n<em>(Sch\u00fclerinnen und Sch\u00fcler der 9. Klassen)<\/em><p>\r\n<a attid=\"38466\"  href=\"https:\/\/franziskanergymnasium-kreuzburg.de\/cms\/wp-content\/uploads\/2024\/02\/Spanienaustausch.jpg\" rel=\"lightbox[38461]\"><img loading=\"lazy\" decoding=\"async\" src=\"https:\/\/franziskanergymnasium-kreuzburg.de\/cms\/wp-content\/uploads\/2024\/02\/Spanienaustausch-300x177.jpg\" alt=\"\" width=\"300\" height=\"177\" class=\"alignleft size-medium wp-image-38466\" srcset=\"https:\/\/franziskanergymnasium-kreuzburg.de\/cms\/wp-content\/uploads\/2024\/02\/Spanienaustausch-300x177.jpg 300w, https:\/\/franziskanergymnasium-kreuzburg.de\/cms\/wp-content\/uploads\/2024\/02\/Spanienaustausch-1024x602.jpg 1024w, https:\/\/franziskanergymnasium-kreuzburg.de\/cms\/wp-content\/uploads\/2024\/02\/Spanienaustausch-768x452.jpg 768w, https:\/\/franziskanergymnasium-kreuzburg.de\/cms\/wp-content\/uploads\/2024\/02\/Spanienaustausch.jpg 1200w\" sizes=\"auto, (max-width: 300px) 100vw, 300px\" \/><\/a>","protected":false},"excerpt":{"rendered":"Spanienaustausch mit dem Colegio La Concepci\u00f3n in Ontinyent (23.01. \u2013 30.01.2024) Dienstag: Schon um 6.10 Uhr am Morgen hat sich der gr\u00f6\u00dfte Teil der Gruppe am Hanauer Hauptbahnhof getroffen, um zusammen zum Flughafen zu fahren. Sicherlich \u00fcberrascht es niemanden, dass wir nicht p\u00fcnktlich, sondern mit einiger Versp\u00e4tung in Frankfurt ankamen. Dort verabschiedeten sich alle von ihren Familien und das normale Flughafen-Procedere begann: Gep\u00e4ckabgabe, Securitycheck, Boarding, Flug. In Valencia kamen wir bei sehr angenehmen 20 Grad an.Nach gut einer Stunde Fahrt erreichten wir das Colegio La Concepci\u00f3n in Ontinyent, wo wir ein wenig herumgef\u00fchrt wurden, bevor wir dann endlich unsere Austauschpartner kennenlernten. Den Nachmittag haben alle in den Gastfamilien verbracht und viele nutzten die Gelegenheit, Ontinyent zu Fu\u00df zu erkunden. Mittwoch: Heute waren wir das erste Mal mit unseren Austauschsch\u00fclern in der Schule. Wir haben zuerst den Englischunterricht besucht und fuhren anschlie\u00dfend nach Benidorm, einer kleinen Stadt am Meer. Dort sind wir erst auf einen Aussichtspunkt gegangen, von dem aus wir eine tolle Sicht auf das klare, t\u00fcrkisblaue Meer hatten. Anschlie\u00dfend liefen wir zum Strand, wo wir entspannen und unsere F\u00fc\u00dfe ins Meer halten konnten. Danach hatten wir zwei Stunden Mittagspause, in der wir durch die Stadt gelaufen sind, Souvenirs und etwas zu essen kaufen konnten. Donnerstag: Am Donnerstag liefen wir zum \u201ePou Clar\u201c (= Pozo Claro = Klarer Brunnen). Auf dem Weg sahen wir verlassene spanische H\u00e4user und eine fantastische Natur. Als wir dort ankamen, a\u00dfen wir alle unsere mitgebrachten Bocadillos, und bewunderten das blaue Wasser und die Natur. Als wir uns auf den R\u00fcckweg begaben, sahen wir zwei Klippenspringer. An diesem Tag schien die Sonne sehr stark und es waren 27 Grad. Wir waren alle ganz geschafft. Freitag: Am Freitag haben wir nach einem leckeren Fr\u00fchst\u00fcck mit unseren Austauschpartnern den Ort Ontinyent besucht. Dies mussten wir zwar leider ohne unsere Austauschsch\u00fcler tun, da diese in den Unterricht mussten, wir hatten aber dennoch Spa\u00df. Wir sind an der Schule gestartet und sind circa 15 Minuten in die Altstadt von Ontinyent gelaufen. Dort sind wir von der Geschichtslehrerin Xelo, die am Colegio unterrichtet, zuerst in ein Museum gef\u00fchrt worden. Dort konnten wir traditionelle Kost\u00fcme sowie eine alte Kirchenglocke ansehen. Anschlie\u00dfend sind wir dann in Richtung Rathaus gelaufen, wo wir in einem Verhandlungsraum Platz genommen haben. Dann lernten wir den B\u00fcrgermeister kennen und wurden von ihm herzlichst begr\u00fc\u00dft. Als Andenken haben wir einen kleinen Rucksack bekommen. Zum Abschluss sind wir noch auf den Glockenturm der Santa Mar\u00eda Kirche gegangen und konnten nach vielen kleinen und gewundenen Treppen in einer H\u00f6he von etwa 70 m die wundervolle Aussicht \u00fcber die Stadt bewundern. Es war ein sch\u00f6ner Tag und wir haben viele neue Eindr\u00fccke und Erfahrungen sammeln k\u00f6nnen! Samstag &#038; Sonntag: Das Wochenende verbrachten wir in unseren Gastfamilien. Teilweise fuhren wir nach Valencia an den Strand, teilweise schlossen wir uns zusammen f\u00fcr ein gro\u00dfes gemeinsames Paella-Essen. Montag: F\u00fcr den letzten Tag unseres Aufenthalts in Spanien ging es f\u00fcr uns und ein paar weiteren Klassen der lokalen Schule in die wundersch\u00f6ne Stadt Valencia. Dort haben wir in zwei Gruppen die Altstadt besichtigt. Wir wurden von einer Vielzahl an spektakul\u00e4ren und aufregenden Altbauten und Kirchen \u00fcberw\u00e4ltigt. Zu diesen Monumenten wurde uns jeweils ein kleiner Vortrag der spanischen Sch\u00fclerInnen vorgetragen, um uns so die Bedeutung und den Zweck dieser n\u00e4herzubringen. Dadurch konnte die wundersch\u00f6ne Altstadt unsere Herzen f\u00fcr sich gewinnen. Zwischen den jeweiligen umwerfenden Attraktionen bekamen wir jeweils etwas Freizeit um uns selbst mit den Stra\u00dfen dieser Stadt vertraut zu machen. Nachdem wir diesen Teil der Stadt abgeschlossen hatten, ging es mit einer kurzen Busfahrt zur \u201eCiudad de las Artes y las Ciencias\u201c, dem modernen Teil von Valencia. Dort durften wir die Zeit nutzen, um unseren Hunger im Einkaufszentrum zu stillen. Als der Tag sich dem Ende neigte, gab es ein letztes gemeinsames Foto, bevor wir alle in den Bus stiegen und es nach Hause ging. Nach der Ankunft in Ontinyent wurden wir mit einem selbstorgansierten Buffet der Eltern \u00fcberrascht, um den Abend ausklingen zu lassen. Anschlie\u00dfend hie\u00df es ein letztes Mal im spanischen Bett schlafen, bevor wir \u201eAdi\u00f3s\u201c sagen mussten. Dienstag: Am Dienstag, den 30.01.2024 war es so weit, es war der letzte Tag unseres Spanischaustausches. Auch wenn man sich einerseits freute, seine Familie und Freunde wiederzusehen, war es dennoch auch sehr traurig, da enge Freundschaften entstanden sind. Als sich alle verabschiedet haben, ging es p\u00fcnktlich um 9:15 Uhr Richtung Flughafen. Nach zwei Stunden Flug waren wir zur\u00fcck in Deutschland und sehr froh unsere Familie wieder zu sehen. Abschlie\u00dfend kann man sagen, dass der Spanienaustausch sehr gelungen war. (Sch\u00fclerinnen und Sch\u00fcler der 9. Klassen)","protected":false},"author":11,"featured_media":38466,"comment_status":"closed","ping_status":"closed","sticky":false,"template":"","format":"standard","meta":{"ngg_post_thumbnail":0,"footnotes":""},"categories":[1],"tags":[],"class_list":["post-38461","post","type-post","status-publish","format-standard","has-post-thumbnail","hentry","category-allgemein"],"publishpress_future_action":{"enabled":false,"date":"2026-05-03 19:15:48","action":"change-status","newStatus":"draft","terms":[],"taxonomy":"category","extraData":[]},"publishpress_future_workflow_manual_trigger":{"enabledWorkflows":[]},"_links":{"self":[{"href":"https:\/\/franziskanergymnasium-kreuzburg.de\/cms\/wp-json\/wp\/v2\/posts\/38461","targetHints":{"allow":["GET"]}}],"collection":[{"href":"https:\/\/franziskanergymnasium-kreuzburg.de\/cms\/wp-json\/wp\/v2\/posts"}],"about":[{"href":"https:\/\/franziskanergymnasium-kreuzburg.de\/cms\/wp-json\/wp\/v2\/types\/post"}],"author":[{"embeddable":true,"href":"https:\/\/franziskanergymnasium-kreuzburg.de\/cms\/wp-json\/wp\/v2\/users\/11"}],"replies":[{"embeddable":true,"href":"https:\/\/franziskanergymnasium-kreuzburg.de\/cms\/wp-json\/wp\/v2\/comments?post=38461"}],"version-history":[{"count":5,"href":"https:\/\/franziskanergymnasium-kreuzburg.de\/cms\/wp-json\/wp\/v2\/posts\/38461\/revisions"}],"predecessor-version":[{"id":38467,"href":"https:\/\/franziskanergymnasium-kreuzburg.de\/cms\/wp-json\/wp\/v2\/posts\/38461\/revisions\/38467"}],"wp:featuredmedia":[{"embeddable":true,"href":"https:\/\/franziskanergymnasium-kreuzburg.de\/cms\/wp-json\/wp\/v2\/media\/38466"}],"wp:attachment":[{"href":"https:\/\/franziskanergymnasium-kreuzburg.de\/cms\/wp-json\/wp\/v2\/media?parent=38461"}],"wp:term":[{"taxonomy":"category","embeddable":true,"href":"https:\/\/franziskanergymnasium-kreuzburg.de\/cms\/wp-json\/wp\/v2\/categories?post=38461"},{"taxonomy":"post_tag","embeddable":true,"href":"https:\/\/franziskanergymnasium-kreuzburg.de\/cms\/wp-json\/wp\/v2\/tags?post=38461"}],"curies":[{"name":"wp","href":"https:\/\/api.w.org\/{rel}","templated":true}]}}