{"id":38468,"date":"2024-02-22T10:07:00","date_gmt":"2024-02-22T09:07:00","guid":{"rendered":"https:\/\/franziskanergymnasium-kreuzburg.de\/cms\/?p=38468"},"modified":"2024-02-22T10:07:00","modified_gmt":"2024-02-22T09:07:00","slug":"kreuzburg-liest-auf-spanisch","status":"publish","type":"post","link":"https:\/\/franziskanergymnasium-kreuzburg.de\/cms\/kreuzburg-liest-auf-spanisch\/","title":{"rendered":"Kreuzburg liest auf Spanisch"},"content":{"rendered":"Ende Januar stellten sich <strong>sechs mutige Sch\u00fclerinnen und Sch\u00fcler des Jahrgangs 7 <\/strong>der Herausforderung des schulinternen Vorentscheids, und gaben in der Schulbibliothek ihre spanische Aussprache und Intonation zum Besten.\r\n<br>\r\nSie lasen auf Spanisch vor einer f\u00fcnfk\u00f6pfigen Jury und Publikum vor.<br>\r\n\r\nAls Gewinnerin ging die Sch\u00fclerin Gia Desogus hervor, den zweiten Platz nahm Anna Beltsi ein, dicht gefolgt von Johannes Rickert.\r\n<br>F\u00fcr die Gewinnerin geht es nun am 18.03. an die Georg-B\u00fcchner-Schule in Rodgau, wo das diesj\u00e4hrige Halbfinale des hessischen Spanisch-Vorlesewettbewerbs \u201eLeo, Leo\u2026\u00bfqu\u00e9 lees?\u201c stattfinden wird.\r\n<br>\r\nDas <strong>Finale am 24.05.<\/strong> wird im Instituto de Cervantes in Frankfurt gefeiert.\r\n<br><br>\r\nWir dr\u00fccken Gia, die f\u00fcr unsere Schule den Wettbewerb antreten wird, die Daumen und danken allen Sch\u00fclerinnen und Sch\u00fclern f\u00fcr die Teilnahme und das Interesse. Auch Herrn Ingram und Frau Becker danken wir f\u00fcr ihre Unterst\u00fctzung bei der Organisation.<p>\r\n<a attid=\"38473\"  href=\"https:\/\/franziskanergymnasium-kreuzburg.de\/cms\/wp-content\/uploads\/2024\/02\/2.jpg\" rel=\"lightbox[38468]\"><img loading=\"lazy\" decoding=\"async\" src=\"https:\/\/franziskanergymnasium-kreuzburg.de\/cms\/wp-content\/uploads\/2024\/02\/2-300x225.jpg\" alt=\"\" width=\"300\" height=\"225\" class=\"alignleft size-medium wp-image-38473\" srcset=\"https:\/\/franziskanergymnasium-kreuzburg.de\/cms\/wp-content\/uploads\/2024\/02\/2-300x225.jpg 300w, https:\/\/franziskanergymnasium-kreuzburg.de\/cms\/wp-content\/uploads\/2024\/02\/2-1024x768.jpg 1024w, https:\/\/franziskanergymnasium-kreuzburg.de\/cms\/wp-content\/uploads\/2024\/02\/2-768x576.jpg 768w, https:\/\/franziskanergymnasium-kreuzburg.de\/cms\/wp-content\/uploads\/2024\/02\/2.jpg 1200w\" sizes=\"auto, (max-width: 300px) 100vw, 300px\" \/><\/a>\r\n\r\n<a attid=\"38474\"  href=\"https:\/\/franziskanergymnasium-kreuzburg.de\/cms\/wp-content\/uploads\/2024\/02\/3.jpg\" rel=\"lightbox[38468]\"><img loading=\"lazy\" decoding=\"async\" src=\"https:\/\/franziskanergymnasium-kreuzburg.de\/cms\/wp-content\/uploads\/2024\/02\/3-300x225.jpg\" alt=\"\" width=\"300\" height=\"225\" class=\"alignleft size-medium wp-image-38474\" srcset=\"https:\/\/franziskanergymnasium-kreuzburg.de\/cms\/wp-content\/uploads\/2024\/02\/3-300x225.jpg 300w, https:\/\/franziskanergymnasium-kreuzburg.de\/cms\/wp-content\/uploads\/2024\/02\/3-1024x768.jpg 1024w, https:\/\/franziskanergymnasium-kreuzburg.de\/cms\/wp-content\/uploads\/2024\/02\/3-768x576.jpg 768w, https:\/\/franziskanergymnasium-kreuzburg.de\/cms\/wp-content\/uploads\/2024\/02\/3.jpg 1200w\" sizes=\"auto, (max-width: 300px) 100vw, 300px\" \/><\/a>","protected":false},"excerpt":{"rendered":"Ende Januar stellten sich sechs mutige Sch\u00fclerinnen und Sch\u00fcler des Jahrgangs 7 der Herausforderung des schulinternen Vorentscheids, und gaben in der Schulbibliothek ihre spanische Aussprache und Intonation zum Besten. Sie lasen auf Spanisch vor einer f\u00fcnfk\u00f6pfigen Jury und Publikum vor. Als Gewinnerin ging die Sch\u00fclerin Gia Desogus hervor, den zweiten Platz nahm Anna Beltsi ein, dicht gefolgt von Johannes Rickert. F\u00fcr die Gewinnerin geht es nun am 18.03. an die Georg-B\u00fcchner-Schule in Rodgau, wo das diesj\u00e4hrige Halbfinale des hessischen Spanisch-Vorlesewettbewerbs \u201eLeo, Leo\u2026\u00bfqu\u00e9 lees?\u201c stattfinden wird. Das Finale am 24.05. wird im Instituto de Cervantes in Frankfurt gefeiert. Wir dr\u00fccken Gia, die f\u00fcr unsere Schule den Wettbewerb antreten wird, die Daumen und danken allen Sch\u00fclerinnen und Sch\u00fclern f\u00fcr die Teilnahme und das Interesse. Auch Herrn Ingram und Frau Becker danken wir f\u00fcr ihre Unterst\u00fctzung bei der Organisation.","protected":false},"author":11,"featured_media":38475,"comment_status":"closed","ping_status":"closed","sticky":false,"template":"","format":"standard","meta":{"ngg_post_thumbnail":0,"footnotes":""},"categories":[1],"tags":[],"class_list":["post-38468","post","type-post","status-publish","format-standard","has-post-thumbnail","hentry","category-allgemein"],"publishpress_future_action":{"enabled":false,"date":"2026-05-03 19:14:44","action":"change-status","newStatus":"draft","terms":[],"taxonomy":"category","extraData":[]},"publishpress_future_workflow_manual_trigger":{"enabledWorkflows":[]},"_links":{"self":[{"href":"https:\/\/franziskanergymnasium-kreuzburg.de\/cms\/wp-json\/wp\/v2\/posts\/38468","targetHints":{"allow":["GET"]}}],"collection":[{"href":"https:\/\/franziskanergymnasium-kreuzburg.de\/cms\/wp-json\/wp\/v2\/posts"}],"about":[{"href":"https:\/\/franziskanergymnasium-kreuzburg.de\/cms\/wp-json\/wp\/v2\/types\/post"}],"author":[{"embeddable":true,"href":"https:\/\/franziskanergymnasium-kreuzburg.de\/cms\/wp-json\/wp\/v2\/users\/11"}],"replies":[{"embeddable":true,"href":"https:\/\/franziskanergymnasium-kreuzburg.de\/cms\/wp-json\/wp\/v2\/comments?post=38468"}],"version-history":[{"count":5,"href":"https:\/\/franziskanergymnasium-kreuzburg.de\/cms\/wp-json\/wp\/v2\/posts\/38468\/revisions"}],"predecessor-version":[{"id":38476,"href":"https:\/\/franziskanergymnasium-kreuzburg.de\/cms\/wp-json\/wp\/v2\/posts\/38468\/revisions\/38476"}],"wp:featuredmedia":[{"embeddable":true,"href":"https:\/\/franziskanergymnasium-kreuzburg.de\/cms\/wp-json\/wp\/v2\/media\/38475"}],"wp:attachment":[{"href":"https:\/\/franziskanergymnasium-kreuzburg.de\/cms\/wp-json\/wp\/v2\/media?parent=38468"}],"wp:term":[{"taxonomy":"category","embeddable":true,"href":"https:\/\/franziskanergymnasium-kreuzburg.de\/cms\/wp-json\/wp\/v2\/categories?post=38468"},{"taxonomy":"post_tag","embeddable":true,"href":"https:\/\/franziskanergymnasium-kreuzburg.de\/cms\/wp-json\/wp\/v2\/tags?post=38468"}],"curies":[{"name":"wp","href":"https:\/\/api.w.org\/{rel}","templated":true}]}}