{"id":38477,"date":"2024-02-28T07:00:17","date_gmt":"2024-02-28T06:00:17","guid":{"rendered":"https:\/\/franziskanergymnasium-kreuzburg.de\/cms\/?p=38477"},"modified":"2024-02-22T22:29:26","modified_gmt":"2024-02-22T21:29:26","slug":"eine-woche-mehr-mut","status":"publish","type":"post","link":"https:\/\/franziskanergymnasium-kreuzburg.de\/cms\/eine-woche-mehr-mut\/","title":{"rendered":"&#8220;Eine Woche mehr Mut&#8221;"},"content":{"rendered":"Mittwoch, 28.02.2024\r\n<p>\r\n\u201eEine Woche mehr MUT\u201c<p>\r\n\r\nIn einem Buch des Alten Testamentes sagt Josuha, ein Nachfolger Mose, zu den Israeliten, die vor dem Gelobten Land stehen und sich vor dem Unbekannten f\u00fcrchten: \u201eSei mutig und stark! F\u00fcrchte dich nicht, und hab keine Angst; denn der Herr, dein Gott ist mit dir bei allem, was du unternimmst.\u201c <em>(Josua 1,9)<\/em>\r\n<br>\r\nDer zweite Morgenimpuls tr\u00e4gt die \u00dcberschrift: \u201eEine Woche mehr <strong>MUT<\/strong>\u201c.\r\n<br>\r\nBeginnen diesen Tag <strong>im Namen des Vaters, des Sohnes und des Heiligen Geistes<\/strong>.<p>\r\n\r\nLied: \u201eHerr, gib uns Mut zum H\u00f6ren\u201c (Lied mit Text zum Mitsingen): <a href=\"https:\/\/www.youtube.com\/watch?v=Sb4oeY6eKjk\" rel=\"noopener\" target=\"_blank\">Herr, gib uns Mut zum H\u00f6ren<\/a><p>\r\n\r\nManche Menschen sind wirklich mutig. Sie scheuen sich nicht davor, Herausforderungen anzunehmen. Andere sind eher \u00e4ngstlich. Sie halten sich zur\u00fcck und trauen sich nicht viel zu. Und manchen wird der Mut genommen. H\u00f6ren wir heute Morgen eine alte Fabel:\r\n<p>\r\n<strong>Der Wettkampf der Fr\u00f6sche<\/strong><p>\r\n\r\nEines Tages entschieden die Fr\u00f6sche, einen Wettlauf zu veranstalten. Um es besonders schwierig zu machen, legten sie als Ziel fest, auf den h\u00f6chsten Punkt eines gro\u00dfen Turms zu gelangen. Am Tag des Wettlaufs versammelten sich viele andere Fr\u00f6sche, um zuzusehen. Dann begann endlich der Wettlauf.<br> Nun war es so, dass keiner der zuschauenden Fr\u00f6sche wirklich glaubte, dass auch nur ein einziger der teilnehmenden Fr\u00f6sche tats\u00e4chlich das Ziel erreichen k\u00f6nne. Statt die L\u00e4ufer anzufeuern, riefen sie also \u201cOje, die Armen! Sie werden es nie schaffen!\u201d oder \u201cDas ist einfach unm\u00f6glich!\u201d oder \u201cDas schafft Ihr nie!\u201d<br>\r\n\r\nUnd wirklich schien es, als sollte das Publikum Recht behalten, denn nach und nach gaben immer mehr Fr\u00f6sche auf. Das Publikum schrie weiter: \u201cOje, die Armen! Sie werden es nie schaffen!\u201d<br>\r\n\r\nTats\u00e4chlich gaben bald alle Fr\u00f6sche auf &#8211; alle, bis auf einen einzigen, der unverdrossen an dem steilen Turm hinaufkletterte\u201c und als einziger das Ziel erreichte.<br>Die Zuschauerfr\u00f6sche waren vollkommen verdattert und alle wollten von ihm wissen, wie das m\u00f6glich war. <br>Einer der anderen Teilnehmerfr\u00f6sche n\u00e4herte sich ihm, um zu fragen, wie er es geschafft h\u00e4tte, den Wettlauf zu gewinnen. Und da merkten sie erst: Dieser Frosch war taub!<p>\r\n\r\n<em>Aus: Karl-Heinz Weise: Wettkampf der Fr\u00f6sche und andere Erz\u00e4hlungen (1961)<\/em><p>\r\n\r\n<strong>Gedanken und Impuls<\/strong><p>\r\n\r\nManche Menschen trauen sich nichts zu. Andere w\u00e4ren gerne mutiger, doch sie wagen zu wenig oder nichts. Viel zu h\u00e4ufig h\u00f6rten sie vielleicht: \u201eDu schaffst das eh nicht! Lass es lieber!\u201c Menschen k\u00f6nnen den Mut verlieren.<br>\r\n\r\nMut k\u00f6nnen wir aber auch wieder finden. Wenn andere uns etwas zutrauen und anfeuern. Wenn sie uns sagen. \u201eTrau dich! Du kannst das!\u201c<br>\r\n\r\n<strong><em>Werde in dieser Woche ein solcher Mutmacher! Sei eine solche Mutmacherin!<\/em><\/strong><br>\r\n\r\nMut k\u00f6nnen wir aber auch finden, wenn wir es schaffen, nicht auf die negativen Kommentare zu h\u00f6ren.<br>\r\n<em><strong>Versuche in dieser Woche \u201eNEIN!\u201c zu sagen,<\/strong><\/em> wenn dich etwas \u00e4rgert, verletzt. Lass dich nicht klein machen.<br>\r\n\r\nSage entschiedener und mutiger \u201eNEIN\u201c!<br>\r\n\r\nSage aber auch \u201eNEIN\u201c, wenn andere kleingemacht werden.<br>\r\n\r\nSage \u201eNEIN\u201c zu Ausgrenzungen, zu Beleidigungen, zur Gleichg\u00fcltigkeit, zu Beschimpfungen, zu unreflektierten Behauptungen und zu populistischen \u201efake News\u201c!<br>\r\n\r\nSage \u201eNEIN\u201c, auch wenn alle sagen: \u201eDas macht doch nichts. Das ist doch nicht schlimm! Das sagen doch alle\u201c.<br>\r\n\r\nSei mutig und wage den Sprung zur Menschlichkeit!<br>\r\n\r\nDu wirst merken, dass ein mutiges \u201eNEIN\u201c Dich freier macht und neue Handlungsm\u00f6glichkeiten schafft. So kann Dein Vertrauen in die Kraft Gottes in Dir wachsen.<p>\r\n\r\n<strong>Gebet<\/strong><p>\r\n\r\nWir beten gemeinsam:<p>\r\n\r\n<strong>Nach Psalm 18<\/strong><p>\r\n\r\nGott, ich glaube dir.<br>\r\n\r\nDu machst mich stark!<br>\r\n\r\nIch vertraue dir.<br>\r\n\r\nDu besch\u00fctzt mich.<p>\r\n\r\nIch hatte f\u00fcrchterliche Angst.<br>\r\n\r\nDa schrie ich zu meinem Gott.<br>\r\n\r\nUnd meine Stimme drang in seine Ohren.<br>\r\n\r\nEr h\u00f6rte mich.<p>\r\n\r\nGott ist mir treu, weil ich ihm treu bin.<br>\r\n\r\nMit ihm kann ich alles schaffen,<br>\r\n\r\ner macht mir Mut:<br>\r\n\r\nZusammen mit Gott kann ich sogar \u00fcber Mauern springen.<br>\r\n\r\nDarum danke ich dir, Gott,<br>\r\n\r\nund lobe deinen Namen!<p>\r\n\r\n<em>Nach: Sabine Gr\u00fcnschl\u00e4ger-Brenneke<\/em><p>\r\n\r\n\r\n<strong>Segen<\/strong><p>\r\n\r\n\u201eSei mutig und stark!<br>\r\n\r\nF\u00fcrchte dich nicht, und hab keine Angst;<br>\r\n\r\ndenn der Herr, dein Gott ist mit dir bei allem,<br>\r\n\r\nwas du unternimmst.\u201c <em>(Josua 1,9)<\/em><br>\r\n\r\nSo segne uns der uns Gott:<br>\r\n\r\nDer Vater, der Sohn und der Heilige Geist!<br>\r\n\r\n\r\n\r\n\r\n\r\n","protected":false},"excerpt":{"rendered":"Mittwoch, 28.02.2024 \u201eEine Woche mehr MUT\u201c In einem Buch des Alten Testamentes sagt Josuha, ein Nachfolger Mose, zu den Israeliten, die vor dem Gelobten Land stehen und sich vor dem Unbekannten f\u00fcrchten: \u201eSei mutig und stark! F\u00fcrchte dich nicht, und hab keine Angst; denn der Herr, dein Gott ist mit dir bei allem, was du unternimmst.\u201c (Josua 1,9) Der zweite Morgenimpuls tr\u00e4gt die \u00dcberschrift: \u201eEine Woche mehr MUT\u201c. Beginnen diesen Tag im Namen des Vaters, des Sohnes und des Heiligen Geistes. Lied: \u201eHerr, gib uns Mut zum H\u00f6ren\u201c (Lied mit Text zum Mitsingen): Herr, gib uns Mut zum H\u00f6ren Manche Menschen sind wirklich mutig. Sie scheuen sich nicht davor, Herausforderungen anzunehmen. Andere sind eher \u00e4ngstlich. Sie halten sich zur\u00fcck und trauen sich nicht viel zu. Und manchen wird der Mut genommen. H\u00f6ren wir heute Morgen eine alte Fabel: Der Wettkampf der Fr\u00f6sche Eines Tages entschieden die Fr\u00f6sche, einen Wettlauf zu veranstalten. Um es besonders schwierig zu machen, legten sie als Ziel fest, auf den h\u00f6chsten Punkt eines gro\u00dfen Turms zu gelangen. Am Tag des Wettlaufs versammelten sich viele andere Fr\u00f6sche, um zuzusehen. Dann begann endlich der Wettlauf. Nun war es so, dass keiner der zuschauenden Fr\u00f6sche wirklich glaubte, dass auch nur ein einziger der teilnehmenden Fr\u00f6sche tats\u00e4chlich das Ziel erreichen k\u00f6nne. Statt die L\u00e4ufer anzufeuern, riefen sie also \u201cOje, die Armen! Sie werden es nie schaffen!\u201d oder \u201cDas ist einfach unm\u00f6glich!\u201d oder \u201cDas schafft Ihr nie!\u201d Und wirklich schien es, als sollte das Publikum Recht behalten, denn nach und nach gaben immer mehr Fr\u00f6sche auf. Das Publikum schrie weiter: \u201cOje, die Armen! Sie werden es nie schaffen!\u201d Tats\u00e4chlich gaben bald alle Fr\u00f6sche auf &#8211; alle, bis auf einen einzigen, der unverdrossen an dem steilen Turm hinaufkletterte\u201c und als einziger das Ziel erreichte.Die Zuschauerfr\u00f6sche waren vollkommen verdattert und alle wollten von ihm wissen, wie das m\u00f6glich war. Einer der anderen Teilnehmerfr\u00f6sche n\u00e4herte sich ihm, um zu fragen, wie er es geschafft h\u00e4tte, den Wettlauf zu gewinnen. Und da merkten sie erst: Dieser Frosch war taub! Aus: Karl-Heinz Weise: Wettkampf der Fr\u00f6sche und andere Erz\u00e4hlungen (1961) Gedanken und Impuls Manche Menschen trauen sich nichts zu. Andere w\u00e4ren gerne mutiger, doch sie wagen zu wenig oder nichts. Viel zu h\u00e4ufig h\u00f6rten sie vielleicht: \u201eDu schaffst das eh nicht! Lass es lieber!\u201c Menschen k\u00f6nnen den Mut verlieren. Mut k\u00f6nnen wir aber auch wieder finden. Wenn andere uns etwas zutrauen und anfeuern. Wenn sie uns sagen. \u201eTrau dich! Du kannst das!\u201c Werde in dieser Woche ein solcher Mutmacher! Sei eine solche Mutmacherin! Mut k\u00f6nnen wir aber auch finden, wenn wir es schaffen, nicht auf die negativen Kommentare zu h\u00f6ren. Versuche in dieser Woche \u201eNEIN!\u201c zu sagen, wenn dich etwas \u00e4rgert, verletzt. Lass dich nicht klein machen. Sage entschiedener und mutiger \u201eNEIN\u201c! Sage aber auch \u201eNEIN\u201c, wenn andere kleingemacht werden. Sage \u201eNEIN\u201c zu Ausgrenzungen, zu Beleidigungen, zur Gleichg\u00fcltigkeit, zu Beschimpfungen, zu unreflektierten Behauptungen und zu populistischen \u201efake News\u201c! Sage \u201eNEIN\u201c, auch wenn alle sagen: \u201eDas macht doch nichts. Das ist doch nicht schlimm! Das sagen doch alle\u201c. Sei mutig und wage den Sprung zur Menschlichkeit! Du wirst merken, dass ein mutiges \u201eNEIN\u201c Dich freier macht und neue Handlungsm\u00f6glichkeiten schafft. So kann Dein Vertrauen in die Kraft Gottes in Dir wachsen. Gebet Wir beten gemeinsam: Nach Psalm 18 Gott, ich glaube dir. Du machst mich stark! Ich vertraue dir. Du besch\u00fctzt mich. Ich hatte f\u00fcrchterliche Angst. Da schrie ich zu meinem Gott. Und meine Stimme drang in seine Ohren. Er h\u00f6rte mich. Gott ist mir treu, weil ich ihm treu bin. Mit ihm kann ich alles schaffen, er macht mir Mut: Zusammen mit Gott kann ich sogar \u00fcber Mauern springen. Darum danke ich dir, Gott, und lobe deinen Namen! Nach: Sabine Gr\u00fcnschl\u00e4ger-Brenneke Segen \u201eSei mutig und stark! F\u00fcrchte dich nicht, und hab keine Angst; denn der Herr, dein Gott ist mit dir bei allem, was du unternimmst.\u201c (Josua 1,9) So segne uns der uns Gott: Der Vater, der Sohn und der Heilige Geist!","protected":false},"author":11,"featured_media":38484,"comment_status":"closed","ping_status":"closed","sticky":false,"template":"","format":"standard","meta":{"ngg_post_thumbnail":0,"footnotes":""},"categories":[1],"tags":[],"class_list":["post-38477","post","type-post","status-publish","format-standard","has-post-thumbnail","hentry","category-allgemein"],"publishpress_future_action":{"enabled":false,"date":"2026-05-03 19:17:18","action":"change-status","newStatus":"draft","terms":[],"taxonomy":"category","extraData":[]},"publishpress_future_workflow_manual_trigger":{"enabledWorkflows":[]},"_links":{"self":[{"href":"https:\/\/franziskanergymnasium-kreuzburg.de\/cms\/wp-json\/wp\/v2\/posts\/38477","targetHints":{"allow":["GET"]}}],"collection":[{"href":"https:\/\/franziskanergymnasium-kreuzburg.de\/cms\/wp-json\/wp\/v2\/posts"}],"about":[{"href":"https:\/\/franziskanergymnasium-kreuzburg.de\/cms\/wp-json\/wp\/v2\/types\/post"}],"author":[{"embeddable":true,"href":"https:\/\/franziskanergymnasium-kreuzburg.de\/cms\/wp-json\/wp\/v2\/users\/11"}],"replies":[{"embeddable":true,"href":"https:\/\/franziskanergymnasium-kreuzburg.de\/cms\/wp-json\/wp\/v2\/comments?post=38477"}],"version-history":[{"count":9,"href":"https:\/\/franziskanergymnasium-kreuzburg.de\/cms\/wp-json\/wp\/v2\/posts\/38477\/revisions"}],"predecessor-version":[{"id":38487,"href":"https:\/\/franziskanergymnasium-kreuzburg.de\/cms\/wp-json\/wp\/v2\/posts\/38477\/revisions\/38487"}],"wp:featuredmedia":[{"embeddable":true,"href":"https:\/\/franziskanergymnasium-kreuzburg.de\/cms\/wp-json\/wp\/v2\/media\/38484"}],"wp:attachment":[{"href":"https:\/\/franziskanergymnasium-kreuzburg.de\/cms\/wp-json\/wp\/v2\/media?parent=38477"}],"wp:term":[{"taxonomy":"category","embeddable":true,"href":"https:\/\/franziskanergymnasium-kreuzburg.de\/cms\/wp-json\/wp\/v2\/categories?post=38477"},{"taxonomy":"post_tag","embeddable":true,"href":"https:\/\/franziskanergymnasium-kreuzburg.de\/cms\/wp-json\/wp\/v2\/tags?post=38477"}],"curies":[{"name":"wp","href":"https:\/\/api.w.org\/{rel}","templated":true}]}}