{"id":38739,"date":"2024-04-22T11:16:31","date_gmt":"2024-04-22T09:16:31","guid":{"rendered":"https:\/\/franziskanergymnasium-kreuzburg.de\/cms\/?p=38739"},"modified":"2024-04-22T11:16:31","modified_gmt":"2024-04-22T09:16:31","slug":"dont-touch-familiengottesdienst-mit-den-firmlingen-aus-karlstein","status":"publish","type":"post","link":"https:\/\/franziskanergymnasium-kreuzburg.de\/cms\/dont-touch-familiengottesdienst-mit-den-firmlingen-aus-karlstein\/","title":{"rendered":"Don\u2019t touch? &#8211; Familiengottesdienst mit den Firmlingen aus Karlstein"},"content":{"rendered":"<strong>Don\u2019t touch?<br><br>\r\n\r\nFamiliengottesdienst mit den Firmlingen aus Karlstein<br>\r\n\r\nSonntag, 28. April 2024 um 10.30 Uhr<\/strong><br>\r\n\r\nin der Aula des Franziskanergymnasium Kreuzburg<br><br>\r\n\r\n\u201eMit dem will ich nichts zu tun haben!\u201c \u201eDie lasse ich nicht an mich heran!\u201c<br>\r\n\r\nEs gibt immer wieder Situationen, in denen wir Menschen ablehnen, sie nicht in unsere N\u00e4he lassen wollen. Gr\u00fcnde daf\u00fcr finden sich viele. Trotzdem kann es sich lohnen, dranzubleiben, die Kontaktversuche nicht vorschnell aufzugeben.<br>\r\n\r\nDavon wollen wir beim kommenden Familiengottesdienst etwas erfahren. Die Firmlinge der Gemeinde aus Klarstein werden diese Feier mitgestalten. Die \u201eSakro-Pop-AG\u201c unterst\u00fctzt uns dabei musikalisch.\r\n<br><br>\r\nWir freuen uns auf Ihr Kommen.\r\n<br>\r\nDie Jugendlichen aus Karlstein und Bruder Michael\r\n<br><br>\r\n<a attid=\"38745\"  href=\"https:\/\/franziskanergymnasium-kreuzburg.de\/cms\/wp-content\/uploads\/2024\/04\/Don\u00b4ttouchall.jpg\" rel=\"lightbox[38739]\"><img loading=\"lazy\" decoding=\"async\" src=\"https:\/\/franziskanergymnasium-kreuzburg.de\/cms\/wp-content\/uploads\/2024\/04\/Don\u00b4ttouchall-212x300.jpg\" alt=\"\" width=\"212\" height=\"300\" class=\"aligncenter size-medium wp-image-38745\" srcset=\"https:\/\/franziskanergymnasium-kreuzburg.de\/cms\/wp-content\/uploads\/2024\/04\/Don\u00b4ttouchall-212x300.jpg 212w, https:\/\/franziskanergymnasium-kreuzburg.de\/cms\/wp-content\/uploads\/2024\/04\/Don\u00b4ttouchall.jpg 711w\" sizes=\"auto, (max-width: 212px) 100vw, 212px\" \/><\/a>","protected":false},"excerpt":{"rendered":"Don\u2019t touch? Familiengottesdienst mit den Firmlingen aus Karlstein Sonntag, 28. April 2024 um 10.30 Uhr in der Aula des Franziskanergymnasium Kreuzburg \u201eMit dem will ich nichts zu tun haben!\u201c \u201eDie lasse ich nicht an mich heran!\u201c Es gibt immer wieder Situationen, in denen wir Menschen ablehnen, sie nicht in unsere N\u00e4he lassen wollen. Gr\u00fcnde daf\u00fcr finden sich viele. Trotzdem kann es sich lohnen, dranzubleiben, die Kontaktversuche nicht vorschnell aufzugeben. Davon wollen wir beim kommenden Familiengottesdienst etwas erfahren. Die Firmlinge der Gemeinde aus Klarstein werden diese Feier mitgestalten. Die \u201eSakro-Pop-AG\u201c unterst\u00fctzt uns dabei musikalisch. Wir freuen uns auf Ihr Kommen. Die Jugendlichen aus Karlstein und Bruder Michael","protected":false},"author":11,"featured_media":38744,"comment_status":"closed","ping_status":"closed","sticky":false,"template":"","format":"standard","meta":{"ngg_post_thumbnail":0,"footnotes":""},"categories":[1],"tags":[],"class_list":["post-38739","post","type-post","status-publish","format-standard","has-post-thumbnail","hentry","category-allgemein"],"publishpress_future_action":{"enabled":false,"date":"2026-05-03 11:24:59","action":"change-status","newStatus":"draft","terms":[],"taxonomy":"category","extraData":[]},"publishpress_future_workflow_manual_trigger":{"enabledWorkflows":[]},"_links":{"self":[{"href":"https:\/\/franziskanergymnasium-kreuzburg.de\/cms\/wp-json\/wp\/v2\/posts\/38739","targetHints":{"allow":["GET"]}}],"collection":[{"href":"https:\/\/franziskanergymnasium-kreuzburg.de\/cms\/wp-json\/wp\/v2\/posts"}],"about":[{"href":"https:\/\/franziskanergymnasium-kreuzburg.de\/cms\/wp-json\/wp\/v2\/types\/post"}],"author":[{"embeddable":true,"href":"https:\/\/franziskanergymnasium-kreuzburg.de\/cms\/wp-json\/wp\/v2\/users\/11"}],"replies":[{"embeddable":true,"href":"https:\/\/franziskanergymnasium-kreuzburg.de\/cms\/wp-json\/wp\/v2\/comments?post=38739"}],"version-history":[{"count":5,"href":"https:\/\/franziskanergymnasium-kreuzburg.de\/cms\/wp-json\/wp\/v2\/posts\/38739\/revisions"}],"predecessor-version":[{"id":38746,"href":"https:\/\/franziskanergymnasium-kreuzburg.de\/cms\/wp-json\/wp\/v2\/posts\/38739\/revisions\/38746"}],"wp:featuredmedia":[{"embeddable":true,"href":"https:\/\/franziskanergymnasium-kreuzburg.de\/cms\/wp-json\/wp\/v2\/media\/38744"}],"wp:attachment":[{"href":"https:\/\/franziskanergymnasium-kreuzburg.de\/cms\/wp-json\/wp\/v2\/media?parent=38739"}],"wp:term":[{"taxonomy":"category","embeddable":true,"href":"https:\/\/franziskanergymnasium-kreuzburg.de\/cms\/wp-json\/wp\/v2\/categories?post=38739"},{"taxonomy":"post_tag","embeddable":true,"href":"https:\/\/franziskanergymnasium-kreuzburg.de\/cms\/wp-json\/wp\/v2\/tags?post=38739"}],"curies":[{"name":"wp","href":"https:\/\/api.w.org\/{rel}","templated":true}]}}