{"id":38904,"date":"2024-06-03T11:09:13","date_gmt":"2024-06-03T09:09:13","guid":{"rendered":"https:\/\/franziskanergymnasium-kreuzburg.de\/cms\/?p=38904"},"modified":"2024-06-03T11:09:54","modified_gmt":"2024-06-03T09:09:54","slug":"volle-fahrt-voraus-familiengottesdienst-am-09-06-24-1030-uhr","status":"publish","type":"post","link":"https:\/\/franziskanergymnasium-kreuzburg.de\/cms\/volle-fahrt-voraus-familiengottesdienst-am-09-06-24-1030-uhr\/","title":{"rendered":"Volle Fahrt voraus! \u2013 Familiengottesdienst am 09.06.24 (10:30 Uhr)"},"content":{"rendered":"<p><strong>\u201eVolle Fahrt voraus!\u201c<\/strong><br>\r\nFamiliengottesdienst am 9. Juni 2024 um 10:30 Uhr in der Aula des Franziskanergymnasiums Kreuzburg\r\nmitgestaltet vom Jahrgang 7<\/p>\r\n \r\n<p>Der momentane Jahrgang 7 begann seine Reise durch die Schulzeit in unserer Schule mit dem Motto: \u201eLeinen los \u2013 gemeinsam neue Horizonte entdecken\u201c. Mittlerweile haben die Klassen schon einige \u201eSeemeilen hinter sich gebracht\u201c. Das ist ein gutes Bild f\u00fcr unser aller Leben. Bei voller Fahrt ist es immer mal wichtig, den Kurs zu \u00fcberpr\u00fcfen. Wo soll es hingehen? Wer \u00fcbernimmt Verantwortung? Wer gibt die Richtung vor? Die Sch\u00fclerinnen und Sch\u00fcler der 7. Klassen haben sich dar\u00fcber Gedanken gemacht und nehmen uns ein St\u00fcck auf ihrer Reise mit.<\/p>\r\n \r\n<p>Wir freuen uns auf Ihr Kommen.<\/p>\r\n\r\n<p>Die 7. Klassen des Schuljahres 2023\/24<br>\r\nund Bruder Michael<\/p>\r\n \r\n","protected":false},"excerpt":{"rendered":"\u201eVolle Fahrt voraus!\u201c Familiengottesdienst am 9. Juni 2024 um 10:30 Uhr in der Aula des Franziskanergymnasiums Kreuzburg mitgestaltet vom Jahrgang 7 Der momentane Jahrgang 7 begann seine Reise durch die Schulzeit in unserer Schule mit dem Motto: \u201eLeinen los \u2013 gemeinsam neue Horizonte entdecken\u201c. Mittlerweile haben die Klassen schon einige \u201eSeemeilen hinter sich gebracht\u201c. Das ist ein gutes Bild f\u00fcr unser aller Leben. Bei voller Fahrt ist es immer mal wichtig, den Kurs zu \u00fcberpr\u00fcfen. Wo soll es hingehen? Wer \u00fcbernimmt Verantwortung? Wer gibt die Richtung vor? Die Sch\u00fclerinnen und Sch\u00fcler der 7. Klassen haben sich dar\u00fcber Gedanken gemacht und nehmen uns ein St\u00fcck auf ihrer Reise mit. Wir freuen uns auf Ihr Kommen. Die 7. Klassen des Schuljahres 2023\/24 und Bruder Michael","protected":false},"author":1,"featured_media":38905,"comment_status":"closed","ping_status":"closed","sticky":false,"template":"","format":"standard","meta":{"ngg_post_thumbnail":0,"footnotes":""},"categories":[1],"tags":[],"class_list":["post-38904","post","type-post","status-publish","format-standard","has-post-thumbnail","hentry","category-allgemein"],"publishpress_future_action":{"enabled":false,"date":"2026-05-09 00:32:25","action":"change-status","newStatus":"draft","terms":[],"taxonomy":"category","extraData":[]},"publishpress_future_workflow_manual_trigger":{"enabledWorkflows":[]},"_links":{"self":[{"href":"https:\/\/franziskanergymnasium-kreuzburg.de\/cms\/wp-json\/wp\/v2\/posts\/38904","targetHints":{"allow":["GET"]}}],"collection":[{"href":"https:\/\/franziskanergymnasium-kreuzburg.de\/cms\/wp-json\/wp\/v2\/posts"}],"about":[{"href":"https:\/\/franziskanergymnasium-kreuzburg.de\/cms\/wp-json\/wp\/v2\/types\/post"}],"author":[{"embeddable":true,"href":"https:\/\/franziskanergymnasium-kreuzburg.de\/cms\/wp-json\/wp\/v2\/users\/1"}],"replies":[{"embeddable":true,"href":"https:\/\/franziskanergymnasium-kreuzburg.de\/cms\/wp-json\/wp\/v2\/comments?post=38904"}],"version-history":[{"count":2,"href":"https:\/\/franziskanergymnasium-kreuzburg.de\/cms\/wp-json\/wp\/v2\/posts\/38904\/revisions"}],"predecessor-version":[{"id":38907,"href":"https:\/\/franziskanergymnasium-kreuzburg.de\/cms\/wp-json\/wp\/v2\/posts\/38904\/revisions\/38907"}],"wp:featuredmedia":[{"embeddable":true,"href":"https:\/\/franziskanergymnasium-kreuzburg.de\/cms\/wp-json\/wp\/v2\/media\/38905"}],"wp:attachment":[{"href":"https:\/\/franziskanergymnasium-kreuzburg.de\/cms\/wp-json\/wp\/v2\/media?parent=38904"}],"wp:term":[{"taxonomy":"category","embeddable":true,"href":"https:\/\/franziskanergymnasium-kreuzburg.de\/cms\/wp-json\/wp\/v2\/categories?post=38904"},{"taxonomy":"post_tag","embeddable":true,"href":"https:\/\/franziskanergymnasium-kreuzburg.de\/cms\/wp-json\/wp\/v2\/tags?post=38904"}],"curies":[{"name":"wp","href":"https:\/\/api.w.org\/{rel}","templated":true}]}}