{"id":42212,"date":"2025-02-13T11:35:03","date_gmt":"2025-02-13T10:35:03","guid":{"rendered":"https:\/\/franziskanergymnasium-kreuzburg.de\/cms\/?p=42212"},"modified":"2025-02-13T11:40:10","modified_gmt":"2025-02-13T10:40:10","slug":"einladung-zum-kirchentag-in-dortmund","status":"publish","type":"post","link":"https:\/\/franziskanergymnasium-kreuzburg.de\/cms\/einladung-zum-kirchentag-in-dortmund\/","title":{"rendered":"Einladung zum Kirchentag in Hannover"},"content":{"rendered":"<p>Liebe Sch\u00fclerinnen und Sch\u00fcler, <\/p>\r\n\r\n<p>in diesem Jahr wird in der Zeit vom 30.4. bis 04.05.der evangelische Kirchentag in Hannover stattfinden.Nachdem wir 2018-2024 tolle Erfahrungen beim Ev. Kirchentag und Katholikentag gemacht haben, m\u00f6chten wir uns in diesem Jahr wieder auf den Weg machen \u2013 dieses Mal geht es nach Hannover.<\/p>\r\n\r\n<p>Unter dem Motto \u201emutig \u2013 stark \u2013 beherzt\u201c wird es in Hannover voraussichtlich viele Veranstaltungen vor allem f\u00fcr junge Menschen geben. Die Rede ist zum Beispiel von Theater- und Konzertveranstaltungen, einer Kirchenmeile und Diskussionsangeboten auf einer Jugendb\u00fchne und vielem mehr. In entspannter Atmosph\u00e4re soll an vielen Orten in Hannover Gelegenheit gegeben werden, \u00fcber unseren Glauben und \u00fcber Gott nachzudenken, ins Gespr\u00e4ch zu kommen und vielleicht eine neue Perspektive zu erhalten, aus welcher Du Dich zuk\u00fcnftig mit Deinem Glauben auseinandersetzen kannst  bzw. diesen leben k\u00f6nntest.<\/p>\r\n<p>Du hast Lust dabei zu sein und diesen Kirchentag zu erleben?<br>\r\n<strong>Bitte gib die endg\u00fcltige, verbindliche <a href=\"https:\/\/franziskanergymnasium-kreuzburg.de\/cms\/wp-content\/uploads\/2025\/02\/Anmeldung-Kirchentag-Hannover.pdf\" target=\"_blank\">Anmeldung<\/a> bis zum 18.02.2025 bei Frau Brettinger ab.<\/strong>\r\n<\/p>\r\n\r\n<p>Die Kosten werden bei ca. 135,00 \u20ac pro Person liegen. Darin eingeschlossen sind Fahrtkosten, Unterkunft mit Fr\u00fchst\u00fcck und die Dauerkarte inkl. Fahrtausweis f\u00fcr den \u00d6PNV. F\u00fcr die Verpflegung w\u00e4hrend des Tages kommen in etwa 10 Euro pro Tag dazu. Das d\u00fcrfte ausreichen, da es \u00fcberall preisg\u00fcnstiges \u201eKirchentagsessen\u201c gibt.<\/p>\r\n<p>Da der Kirchentag schon am Mittwoch beginnt, wird am 30. April und am 2. Mai der Unterricht f\u00fcr die Teilnehmenden entfallen. Am Sonntag werden wir gegen Nachmittag\/Abend wieder zur\u00fcck sein.\r\nBitte gebt uns die unterschriebene <a href=\"https:\/\/franziskanergymnasium-kreuzburg.de\/cms\/wp-content\/uploads\/2025\/02\/Anmeldung-Kirchentag-Hannover.pdf\" target=\"_blank\">Anmeldung<\/a> und Einverst\u00e4ndniserkl\u00e4rung unbedingt <strong>bis zum 18.02.2024 zur\u00fcck. Sp\u00e4tere Anmeldungen verlieren den Fr\u00fchbucherrabat.<\/strong>\r\n<\/p>\r\n \r\n<p>Herzliche Gr\u00fc\u00dfe <br>\r\nBeate Brettinger<\/p>\r\n","protected":false},"excerpt":{"rendered":"Liebe Sch\u00fclerinnen und Sch\u00fcler, in diesem Jahr wird in der Zeit vom 30.4. bis 04.05.der evangelische Kirchentag in Hannover stattfinden.Nachdem wir 2018-2024 tolle Erfahrungen beim Ev. Kirchentag und Katholikentag gemacht haben, m\u00f6chten wir uns in diesem Jahr wieder auf den Weg machen \u2013 dieses Mal geht es nach Hannover. Unter dem Motto \u201emutig \u2013 stark \u2013 beherzt\u201c wird es in Hannover voraussichtlich viele Veranstaltungen vor allem f\u00fcr junge Menschen geben. Die Rede ist zum Beispiel von Theater- und Konzertveranstaltungen, einer Kirchenmeile und Diskussionsangeboten auf einer Jugendb\u00fchne und vielem mehr. In entspannter Atmosph\u00e4re soll an vielen Orten in Hannover Gelegenheit gegeben werden, \u00fcber unseren Glauben und \u00fcber Gott nachzudenken, ins Gespr\u00e4ch zu kommen und vielleicht eine neue Perspektive zu erhalten, aus welcher Du Dich zuk\u00fcnftig mit Deinem Glauben auseinandersetzen kannst bzw. diesen leben k\u00f6nntest. Du hast Lust dabei zu sein und diesen Kirchentag zu erleben? Bitte gib die endg\u00fcltige, verbindliche Anmeldung bis zum 18.02.2025 bei Frau Brettinger ab. Die Kosten werden bei ca. 135,00 \u20ac pro Person liegen. Darin eingeschlossen sind Fahrtkosten, Unterkunft mit Fr\u00fchst\u00fcck und die Dauerkarte inkl. Fahrtausweis f\u00fcr den \u00d6PNV. F\u00fcr die Verpflegung w\u00e4hrend des Tages kommen in etwa 10 Euro pro Tag dazu. Das d\u00fcrfte ausreichen, da es \u00fcberall preisg\u00fcnstiges \u201eKirchentagsessen\u201c gibt. Da der Kirchentag schon am Mittwoch beginnt, wird am 30. April und am 2. Mai der Unterricht f\u00fcr die Teilnehmenden entfallen. Am Sonntag werden wir gegen Nachmittag\/Abend wieder zur\u00fcck sein. Bitte gebt uns die unterschriebene Anmeldung und Einverst\u00e4ndniserkl\u00e4rung unbedingt bis zum 18.02.2024 zur\u00fcck. Sp\u00e4tere Anmeldungen verlieren den Fr\u00fchbucherrabat. Herzliche Gr\u00fc\u00dfe Beate Brettinger","protected":false},"author":1,"featured_media":38964,"comment_status":"closed","ping_status":"closed","sticky":false,"template":"","format":"standard","meta":{"ngg_post_thumbnail":0,"footnotes":""},"categories":[1],"tags":[],"class_list":["post-42212","post","type-post","status-publish","format-standard","has-post-thumbnail","hentry","category-allgemein"],"publishpress_future_action":{"enabled":false,"date":"2026-05-09 03:57:08","action":"change-status","newStatus":"draft","terms":[],"taxonomy":"category","extraData":[]},"publishpress_future_workflow_manual_trigger":{"enabledWorkflows":[]},"_links":{"self":[{"href":"https:\/\/franziskanergymnasium-kreuzburg.de\/cms\/wp-json\/wp\/v2\/posts\/42212","targetHints":{"allow":["GET"]}}],"collection":[{"href":"https:\/\/franziskanergymnasium-kreuzburg.de\/cms\/wp-json\/wp\/v2\/posts"}],"about":[{"href":"https:\/\/franziskanergymnasium-kreuzburg.de\/cms\/wp-json\/wp\/v2\/types\/post"}],"author":[{"embeddable":true,"href":"https:\/\/franziskanergymnasium-kreuzburg.de\/cms\/wp-json\/wp\/v2\/users\/1"}],"replies":[{"embeddable":true,"href":"https:\/\/franziskanergymnasium-kreuzburg.de\/cms\/wp-json\/wp\/v2\/comments?post=42212"}],"version-history":[{"count":4,"href":"https:\/\/franziskanergymnasium-kreuzburg.de\/cms\/wp-json\/wp\/v2\/posts\/42212\/revisions"}],"predecessor-version":[{"id":42251,"href":"https:\/\/franziskanergymnasium-kreuzburg.de\/cms\/wp-json\/wp\/v2\/posts\/42212\/revisions\/42251"}],"wp:featuredmedia":[{"embeddable":true,"href":"https:\/\/franziskanergymnasium-kreuzburg.de\/cms\/wp-json\/wp\/v2\/media\/38964"}],"wp:attachment":[{"href":"https:\/\/franziskanergymnasium-kreuzburg.de\/cms\/wp-json\/wp\/v2\/media?parent=42212"}],"wp:term":[{"taxonomy":"category","embeddable":true,"href":"https:\/\/franziskanergymnasium-kreuzburg.de\/cms\/wp-json\/wp\/v2\/categories?post=42212"},{"taxonomy":"post_tag","embeddable":true,"href":"https:\/\/franziskanergymnasium-kreuzburg.de\/cms\/wp-json\/wp\/v2\/tags?post=42212"}],"curies":[{"name":"wp","href":"https:\/\/api.w.org\/{rel}","templated":true}]}}