{"id":43088,"date":"2025-11-24T09:23:32","date_gmt":"2025-11-24T08:23:32","guid":{"rendered":"https:\/\/franziskanergymnasium-kreuzburg.de\/cms\/?p=43088"},"modified":"2025-11-24T09:23:32","modified_gmt":"2025-11-24T08:23:32","slug":"romantisch-praktisch-gut","status":"publish","type":"post","link":"https:\/\/franziskanergymnasium-kreuzburg.de\/cms\/romantisch-praktisch-gut\/","title":{"rendered":"Romantisch &#8211; Praktisch &#8211; Gut"},"content":{"rendered":"<p>Am 12. November begab sich der Leistungskurs Deutsch unter der\r\nLeitung von Herrn Esche auf eine Reise in die Epoche der Romantik, doch um dort anzukommen, musste dieser erst einmal in die Frankfurter Innenstadt reisen. <\/p>\r\n\r\n<p>An der Hauptwache ausgestiegen, begab sich der Leistungskurs in Richtung des\r\nGoethehauses, welches sich in der N\u00e4he des Rossmarktes befindet. Der in den letzten Jahren entstandene Anbau, der sich \u201eDeutsches Romantik-Museum\u201c nennt, ist ein Novum in der Geschichte deutscher Museen: Es ist das erste Museum, welches seine Ausstellungen prim\u00e4r auf die Epoche der Romantik und die in ihr schaffenden K\u00fcnstler*innen fokussiert. <\/p>\r\n\r\n<p>Der Aufenthalt startete mit einer Werkeinf\u00fchrung zu Goethes Faust, einem Werk, welches wir in der Q2 kennenlernen werden. W\u00e4hrend der Faust-Vorstellung sammelte der LK neue Informationen \u00fcber Goethe und versuchte, dessen Leben in Bezug zu seinem Werk Faust zu bringen. Gleichzeitig wurde auch ein Bezug\r\nzu Frankfurt als Goethes Heimatstadt hergestellt.<\/p>\r\n\r\n<p>Anschlie\u00dfend fand ein Rundgang statt, welcher sich auf die Ausstellungen im\r\nMuseum konzentrierte, und diese mit Hintergrundinformationen, vorgetragen von einer Studentin, n\u00e4her beleuchtete. Der Rundgang startete mit der sogenannten \u201eHimmelstreppe\u201c, die durch die verschiedenen Ausstellungsebenen f\u00fchrte und die dem Kurs bereits durch Heinrich von Ofterdingen aus dem Unterricht bekannt war. Auf der ersten Ebene gab es eine Goethe-Ausstellung mit verschiedenen Gem\u00e4lden und Informationen \u00fcber diesen. Die zweite Ebene widmete sich bedeutenden Dichtern und K\u00fcnstlern der Romantik, darunter auch Novalis und Eichendorff, die dem Leistungskurs dank Herrn Esche bereits aus dem Unterricht sehr vertraut sind. Hier konnte man ebenfalls Facettenreiches \u00fcber die Entstehung ber\u00fchmter Dichtungen und Werke erfahren. Am Ende der Treppe gab es ein zentrales Symbol der Romantik, n\u00e4mlich die Nachtigall, die sogar elektrisch gesteuert alle zehn Minuten T\u00f6ne sang. Insgesamt konnten im Museum viele Motive der Romantik, wie beispielsweise die Sehnsucht und Natur, erkannt werden. Zus\u00e4tzlich gab es auf der letzten Ebene viele Gem\u00e4lde und auch Architektur der Epoche. Von den Informationen, die w\u00e4hrend der\r\nF\u00fchrung vorgetragen wurden, berieselt, hatte der LK nunmehr Bewegungsfreiheit im Museum. Der abschlie\u00dfende Arbeitsauftrag von Herrn\r\nEsche war es, den Begriff der Romantik fotografisch zu interpretieren, was, der\r\nArchitektonik dieses Bauwerks geschuldet, ein wohlwollender Auftrag war. <\/p>\r\n\r\n<p>Der Tag endete mit einem gemeinsamen Mittagessen im italienischen Ambiente inmitten des Anwaltsviertels von Frankfurt. Den Vorteil der endenden Mittagspause seitens der berufst\u00e4tigen Menschen nutzte der LK, um fr\u00fcher als geplant an einem Tisch Platz zu nehmen und somit Dolce Vita voll auszukosten &#8211; einfach romantisch!<\/p>\r\n\r\n<a attid=\"43090\"  href=\"https:\/\/franziskanergymnasium-kreuzburg.de\/cms\/wp-content\/uploads\/2025\/11\/original-3B0635B4-A1F0-473D-ACFA-42F74DFFDB81.jpeg\" rel=\"lightbox[43088]\"><img loading=\"lazy\" decoding=\"async\" src=\"https:\/\/franziskanergymnasium-kreuzburg.de\/cms\/wp-content\/uploads\/2025\/11\/original-3B0635B4-A1F0-473D-ACFA-42F74DFFDB81-768x1024.jpeg\" alt=\"\" width=\"768\" height=\"1024\" class=\"alignnone size-large wp-image-43090\" srcset=\"https:\/\/franziskanergymnasium-kreuzburg.de\/cms\/wp-content\/uploads\/2025\/11\/original-3B0635B4-A1F0-473D-ACFA-42F74DFFDB81-768x1024.jpeg 768w, https:\/\/franziskanergymnasium-kreuzburg.de\/cms\/wp-content\/uploads\/2025\/11\/original-3B0635B4-A1F0-473D-ACFA-42F74DFFDB81-225x300.jpeg 225w, https:\/\/franziskanergymnasium-kreuzburg.de\/cms\/wp-content\/uploads\/2025\/11\/original-3B0635B4-A1F0-473D-ACFA-42F74DFFDB81-1152x1536.jpeg 1152w, https:\/\/franziskanergymnasium-kreuzburg.de\/cms\/wp-content\/uploads\/2025\/11\/original-3B0635B4-A1F0-473D-ACFA-42F74DFFDB81.jpeg 1536w\" sizes=\"auto, (max-width: 768px) 100vw, 768px\" \/><\/a>\r\n<a attid=\"43091\"  href=\"https:\/\/franziskanergymnasium-kreuzburg.de\/cms\/wp-content\/uploads\/2025\/11\/original-83F829C0-79F6-41BE-80C9-E4046D11B1EE.jpeg\" rel=\"lightbox[43088]\"><img loading=\"lazy\" decoding=\"async\" src=\"https:\/\/franziskanergymnasium-kreuzburg.de\/cms\/wp-content\/uploads\/2025\/11\/original-83F829C0-79F6-41BE-80C9-E4046D11B1EE-768x1024.jpeg\" alt=\"\" width=\"768\" height=\"1024\" class=\"alignnone size-large wp-image-43091\" srcset=\"https:\/\/franziskanergymnasium-kreuzburg.de\/cms\/wp-content\/uploads\/2025\/11\/original-83F829C0-79F6-41BE-80C9-E4046D11B1EE-768x1024.jpeg 768w, https:\/\/franziskanergymnasium-kreuzburg.de\/cms\/wp-content\/uploads\/2025\/11\/original-83F829C0-79F6-41BE-80C9-E4046D11B1EE-225x300.jpeg 225w, https:\/\/franziskanergymnasium-kreuzburg.de\/cms\/wp-content\/uploads\/2025\/11\/original-83F829C0-79F6-41BE-80C9-E4046D11B1EE-1152x1536.jpeg 1152w, https:\/\/franziskanergymnasium-kreuzburg.de\/cms\/wp-content\/uploads\/2025\/11\/original-83F829C0-79F6-41BE-80C9-E4046D11B1EE.jpeg 1536w\" sizes=\"auto, (max-width: 768px) 100vw, 768px\" \/><\/a>\r\n<a attid=\"43093\"  href=\"https:\/\/franziskanergymnasium-kreuzburg.de\/cms\/wp-content\/uploads\/2025\/11\/original-EDDFA691-F1BB-4EEC-9B57-32D219D5F931.jpeg\" rel=\"lightbox[43088]\"><img loading=\"lazy\" decoding=\"async\" src=\"https:\/\/franziskanergymnasium-kreuzburg.de\/cms\/wp-content\/uploads\/2025\/11\/original-EDDFA691-F1BB-4EEC-9B57-32D219D5F931-768x1024.jpeg\" alt=\"\" width=\"768\" height=\"1024\" class=\"alignnone size-large wp-image-43093\" srcset=\"https:\/\/franziskanergymnasium-kreuzburg.de\/cms\/wp-content\/uploads\/2025\/11\/original-EDDFA691-F1BB-4EEC-9B57-32D219D5F931-768x1024.jpeg 768w, https:\/\/franziskanergymnasium-kreuzburg.de\/cms\/wp-content\/uploads\/2025\/11\/original-EDDFA691-F1BB-4EEC-9B57-32D219D5F931-225x300.jpeg 225w, https:\/\/franziskanergymnasium-kreuzburg.de\/cms\/wp-content\/uploads\/2025\/11\/original-EDDFA691-F1BB-4EEC-9B57-32D219D5F931-1152x1536.jpeg 1152w, https:\/\/franziskanergymnasium-kreuzburg.de\/cms\/wp-content\/uploads\/2025\/11\/original-EDDFA691-F1BB-4EEC-9B57-32D219D5F931.jpeg 1200w\" sizes=\"auto, (max-width: 768px) 100vw, 768px\" \/><\/a>\r\n<a attid=\"43094\"  href=\"https:\/\/franziskanergymnasium-kreuzburg.de\/cms\/wp-content\/uploads\/2025\/11\/processed-ECF5808F-43E4-4DCE-B4AB-C7F90F45559B.jpeg\" rel=\"lightbox[43088]\"><img loading=\"lazy\" decoding=\"async\" src=\"https:\/\/franziskanergymnasium-kreuzburg.de\/cms\/wp-content\/uploads\/2025\/11\/processed-ECF5808F-43E4-4DCE-B4AB-C7F90F45559B-768x1024.jpeg\" alt=\"\" width=\"768\" height=\"1024\" class=\"alignnone size-large wp-image-43094\" srcset=\"https:\/\/franziskanergymnasium-kreuzburg.de\/cms\/wp-content\/uploads\/2025\/11\/processed-ECF5808F-43E4-4DCE-B4AB-C7F90F45559B-768x1023.jpeg 768w, https:\/\/franziskanergymnasium-kreuzburg.de\/cms\/wp-content\/uploads\/2025\/11\/processed-ECF5808F-43E4-4DCE-B4AB-C7F90F45559B-225x300.jpeg 225w, https:\/\/franziskanergymnasium-kreuzburg.de\/cms\/wp-content\/uploads\/2025\/11\/processed-ECF5808F-43E4-4DCE-B4AB-C7F90F45559B-1153x1536.jpeg 1153w, https:\/\/franziskanergymnasium-kreuzburg.de\/cms\/wp-content\/uploads\/2025\/11\/processed-ECF5808F-43E4-4DCE-B4AB-C7F90F45559B-1537x2048.jpeg 1537w, https:\/\/franziskanergymnasium-kreuzburg.de\/cms\/wp-content\/uploads\/2025\/11\/processed-ECF5808F-43E4-4DCE-B4AB-C7F90F45559B.jpeg 1816w\" sizes=\"auto, (max-width: 768px) 100vw, 768px\" \/><\/a>\r\n<a attid=\"43092\"  href=\"https:\/\/franziskanergymnasium-kreuzburg.de\/cms\/wp-content\/uploads\/2025\/11\/original-ED31565F-9B1D-4158-A906-13F19AB1B76D.jpeg\" rel=\"lightbox[43088]\"><img loading=\"lazy\" decoding=\"async\" src=\"https:\/\/franziskanergymnasium-kreuzburg.de\/cms\/wp-content\/uploads\/2025\/11\/original-ED31565F-9B1D-4158-A906-13F19AB1B76D-768x1024.jpeg\" alt=\"\" width=\"768\" height=\"1024\" class=\"alignnone size-large wp-image-43092\" srcset=\"https:\/\/franziskanergymnasium-kreuzburg.de\/cms\/wp-content\/uploads\/2025\/11\/original-ED31565F-9B1D-4158-A906-13F19AB1B76D-768x1024.jpeg 768w, https:\/\/franziskanergymnasium-kreuzburg.de\/cms\/wp-content\/uploads\/2025\/11\/original-ED31565F-9B1D-4158-A906-13F19AB1B76D-225x300.jpeg 225w, https:\/\/franziskanergymnasium-kreuzburg.de\/cms\/wp-content\/uploads\/2025\/11\/original-ED31565F-9B1D-4158-A906-13F19AB1B76D-1152x1536.jpeg 1152w, https:\/\/franziskanergymnasium-kreuzburg.de\/cms\/wp-content\/uploads\/2025\/11\/original-ED31565F-9B1D-4158-A906-13F19AB1B76D.jpeg 1200w\" sizes=\"auto, (max-width: 768px) 100vw, 768px\" \/><\/a>\r\n\r\n","protected":false},"excerpt":{"rendered":"Am 12. November begab sich der Leistungskurs Deutsch unter der Leitung von Herrn Esche auf eine Reise in die Epoche der Romantik, doch um dort anzukommen, musste dieser erst einmal in die Frankfurter Innenstadt reisen. An der Hauptwache ausgestiegen, begab sich der Leistungskurs in Richtung des Goethehauses, welches sich in der N\u00e4he des Rossmarktes befindet. Der in den letzten Jahren entstandene Anbau, der sich \u201eDeutsches Romantik-Museum\u201c nennt, ist ein Novum in der Geschichte deutscher Museen: Es ist das erste Museum, welches seine Ausstellungen prim\u00e4r auf die Epoche der Romantik und die in ihr schaffenden K\u00fcnstler*innen fokussiert. Der Aufenthalt startete mit einer Werkeinf\u00fchrung zu Goethes Faust, einem Werk, welches wir in der Q2 kennenlernen werden. W\u00e4hrend der Faust-Vorstellung sammelte der LK neue Informationen \u00fcber Goethe und versuchte, dessen Leben in Bezug zu seinem Werk Faust zu bringen. Gleichzeitig wurde auch ein Bezug zu Frankfurt als Goethes Heimatstadt hergestellt. Anschlie\u00dfend fand ein Rundgang statt, welcher sich auf die Ausstellungen im Museum konzentrierte, und diese mit Hintergrundinformationen, vorgetragen von einer Studentin, n\u00e4her beleuchtete. Der Rundgang startete mit der sogenannten \u201eHimmelstreppe\u201c, die durch die verschiedenen Ausstellungsebenen f\u00fchrte und die dem Kurs bereits durch Heinrich von Ofterdingen aus dem Unterricht bekannt war. Auf der ersten Ebene gab es eine Goethe-Ausstellung mit verschiedenen Gem\u00e4lden und Informationen \u00fcber diesen. Die zweite Ebene widmete sich bedeutenden Dichtern und K\u00fcnstlern der Romantik, darunter auch Novalis und Eichendorff, die dem Leistungskurs dank Herrn Esche bereits aus dem Unterricht sehr vertraut sind. Hier konnte man ebenfalls Facettenreiches \u00fcber die Entstehung ber\u00fchmter Dichtungen und Werke erfahren. Am Ende der Treppe gab es ein zentrales Symbol der Romantik, n\u00e4mlich die Nachtigall, die sogar elektrisch gesteuert alle zehn Minuten T\u00f6ne sang. Insgesamt konnten im Museum viele Motive der Romantik, wie beispielsweise die Sehnsucht und Natur, erkannt werden. Zus\u00e4tzlich gab es auf der letzten Ebene viele Gem\u00e4lde und auch Architektur der Epoche. Von den Informationen, die w\u00e4hrend der F\u00fchrung vorgetragen wurden, berieselt, hatte der LK nunmehr Bewegungsfreiheit im Museum. Der abschlie\u00dfende Arbeitsauftrag von Herrn Esche war es, den Begriff der Romantik fotografisch zu interpretieren, was, der Architektonik dieses Bauwerks geschuldet, ein wohlwollender Auftrag war. Der Tag endete mit einem gemeinsamen Mittagessen im italienischen Ambiente inmitten des Anwaltsviertels von Frankfurt. Den Vorteil der endenden Mittagspause seitens der berufst\u00e4tigen Menschen nutzte der LK, um fr\u00fcher als geplant an einem Tisch Platz zu nehmen und somit Dolce Vita voll auszukosten &#8211; einfach romantisch!","protected":false},"author":14,"featured_media":43089,"comment_status":"closed","ping_status":"closed","sticky":false,"template":"","format":"standard","meta":{"ngg_post_thumbnail":0,"footnotes":""},"categories":[1],"tags":[],"class_list":["post-43088","post","type-post","status-publish","format-standard","has-post-thumbnail","hentry","category-allgemein"],"publishpress_future_action":{"enabled":false,"date":"2026-05-07 14:22:33","action":"change-status","newStatus":"draft","terms":[],"taxonomy":"category","extraData":[]},"publishpress_future_workflow_manual_trigger":{"enabledWorkflows":[]},"_links":{"self":[{"href":"https:\/\/franziskanergymnasium-kreuzburg.de\/cms\/wp-json\/wp\/v2\/posts\/43088","targetHints":{"allow":["GET"]}}],"collection":[{"href":"https:\/\/franziskanergymnasium-kreuzburg.de\/cms\/wp-json\/wp\/v2\/posts"}],"about":[{"href":"https:\/\/franziskanergymnasium-kreuzburg.de\/cms\/wp-json\/wp\/v2\/types\/post"}],"author":[{"embeddable":true,"href":"https:\/\/franziskanergymnasium-kreuzburg.de\/cms\/wp-json\/wp\/v2\/users\/14"}],"replies":[{"embeddable":true,"href":"https:\/\/franziskanergymnasium-kreuzburg.de\/cms\/wp-json\/wp\/v2\/comments?post=43088"}],"version-history":[{"count":1,"href":"https:\/\/franziskanergymnasium-kreuzburg.de\/cms\/wp-json\/wp\/v2\/posts\/43088\/revisions"}],"predecessor-version":[{"id":43095,"href":"https:\/\/franziskanergymnasium-kreuzburg.de\/cms\/wp-json\/wp\/v2\/posts\/43088\/revisions\/43095"}],"wp:featuredmedia":[{"embeddable":true,"href":"https:\/\/franziskanergymnasium-kreuzburg.de\/cms\/wp-json\/wp\/v2\/media\/43089"}],"wp:attachment":[{"href":"https:\/\/franziskanergymnasium-kreuzburg.de\/cms\/wp-json\/wp\/v2\/media?parent=43088"}],"wp:term":[{"taxonomy":"category","embeddable":true,"href":"https:\/\/franziskanergymnasium-kreuzburg.de\/cms\/wp-json\/wp\/v2\/categories?post=43088"},{"taxonomy":"post_tag","embeddable":true,"href":"https:\/\/franziskanergymnasium-kreuzburg.de\/cms\/wp-json\/wp\/v2\/tags?post=43088"}],"curies":[{"name":"wp","href":"https:\/\/api.w.org\/{rel}","templated":true}]}}