{"id":43423,"date":"2026-02-19T10:09:44","date_gmt":"2026-02-19T09:09:44","guid":{"rendered":"https:\/\/franziskanergymnasium-kreuzburg.de\/cms\/?p=43423"},"modified":"2026-02-19T10:12:08","modified_gmt":"2026-02-19T09:12:08","slug":"informationen-zu-den-abi-plakaten-2026","status":"publish","type":"post","link":"https:\/\/franziskanergymnasium-kreuzburg.de\/cms\/informationen-zu-den-abi-plakaten-2026\/","title":{"rendered":"Informationen zu den Abi-Plakaten 2026"},"content":{"rendered":"<p>Liebe Eltern des diesj\u00e4hrigen Abitur-Jahrgangs,<br>\r\nliebe angehende Abiturientinnen und Abiturienten,<\/p>\r\n<p>die Abiturpr\u00fcfungen nahen und wir m\u00f6chten Ihnen und Euch Informationen zur Abi-Plakat-Aktion geben.<br>\r\nDas Abi-Plakate-Team, bestehend aus Eltern der Kreuzburg, organisiert die Abi-Plakat-Aktion wie im Vorjahr.<\/p>\r\n\r\n<p><strong>Um Diskussionen am Aktionstag zu vermeiden, bitten wir Sie, folgende Dinge zu beachten:<\/strong><\/p>\r\n<ol>\r\n<li>Erst nach der Pr\u00fcfung der Vorgaben durch das Organisationsteam vor Ort kann das Plakat aufgeh\u00e4ngt werden. Eine Kennzeichnung auf der R\u00fcckseite des Plakats mit Vor- und Zunamen sowie der TG ist zwingend erforderlich. Nutzen Sie hierzu bitte einen wasserfesten Stift.<\/li>\r\n<li>Um die Bauz\u00e4une optimal nutzen zu k\u00f6nnen (s. Bilder am Ende der Seite), werden immer einzelne Zaunfelder freigegeben. Erst wenn diese mit Plakaten gef\u00fcllt sind, geht es mit einem anderen Zaunfeld weiter.<\/li>\r\n<li>W\u00e4hlen Sie bei der Gestaltung Ihres Plakats eine der beiden Gr\u00f6\u00dfen aus:\r\n<ul>\r\n<li>Gr\u00f6\u00dfe 1: DIN A0 (120 cm x 85 cm), Querformat<\/li>\r\n<li>Gr\u00f6\u00dfe 2: DIN A1 (85 cm x 60 cm), Querformat<\/li>\r\n<\/ul><\/li>\r\n<li>Pro Sch\u00fcler\/in wird nur <strong><u>ein<\/u><\/strong> &#8222;privates&#8220; Plakat angenommen. Ein weiteres Plakat wird nur aufgrund von Schulaktivit\u00e4ten (z.B. Patent\u00e4tigkeit, SV-Arbeit etc.) zugelassen.<\/li>\r\n<li>Der Termin f\u00fcr das Aufh\u00e4ngen der Plakate ist: <strong>Montag, 13. April 2026 von 15:00 bis 16:30 Uhr<\/strong><br><span style=\"color:red;font-weight:bold;\">Plakate in anderen Formaten als die o.a. werden am Ende aufgeh\u00e4ngt, soweit noch Platz vorhanden ist. Alle eigenh\u00e4ndig aufgeh\u00e4ngten Plakate werden, wie auch in den Vorjahren, von den Verantwortlichen umgehend wieder abgeh\u00e4ngt.<\/span><\/li>\r\n<li>Bitte bringen Sie Zeit, Geduld, Freude und Respekt sowie Kabelbinder mit. Wir haben aber auch Kabelbinder und Zangen zum L\u00f6sen der Plakate vor Ort.<\/li>\r\n<\/ol>\r\n\r\n<p>Auch in diesem Jahr bieten wir parallel Kaffee, Brezeln und Kuchen an &#8211; eine gute Gelegenheit f\u00fcr alle &#8222;Abi-Eltern&#8220;, sich auszutauschen und die Plakate anzuschauen. Bitte bringen Sie einen eigenen Becher bzw. eine Tasse mit. Hier k\u00f6nnen Sie sich in die Kuchen- und Brezelliste eintragen: <a href=\"https:\/\/melly.de\/plan\/88YEWBJYR64J\" target=\"_blank\">https:\/\/melly.de\/plan\/88YEWBJYR64J<\/a><\/p>\r\n\r\n<p><strong>Die Einnahmen werden den SV-Vertretern f\u00fcr die Abi-Feier \u00fcbergeben.<\/strong><\/p>\r\n<p><u>Wir bitten darum, dass die Sch\u00fclerinnen und Sch\u00fcler ihr Plakat direkt nach ihrer letzten Pr\u00fcfung, aber sp\u00e4testens am 11. Mai 2026, selbst\u00e4ndig abh\u00e4ngen und mitnehmen.<\/u><\/p>\r\n\r\n<p>Bitte geben Sie diese Informationen auch an Freunde und Bekannte weiter.<\/p>\r\n<p>Wir freuen uns auf Ihr Plakat als Zeichen der Unterst\u00fctzung unserer Abiturientinnen und Abiturienten.<\/p>\r\n\r\n<p>Bei R\u00fcckfragen wenden Sie sich gerne an: <a href=\"mailto:ring.martin@icloud.com\">ring.martin@icloud.com<\/a><\/p>\r\n\r\n<p>Mit freundlichen Gr\u00fc\u00dfen,<br>das Abi-Plakate-Team<\/p>\r\n\r\n<a attid=\"43425\"  href=\"https:\/\/franziskanergymnasium-kreuzburg.de\/cms\/wp-content\/uploads\/2026\/02\/Abiplakate.jpg\" rel=\"lightbox[43423]\"><img loading=\"lazy\" decoding=\"async\" src=\"https:\/\/franziskanergymnasium-kreuzburg.de\/cms\/wp-content\/uploads\/2026\/02\/Abiplakate-300x271.jpg\" alt=\"\" width=\"300\" height=\"271\" class=\"alignnone size-medium wp-image-43425\" srcset=\"https:\/\/franziskanergymnasium-kreuzburg.de\/cms\/wp-content\/uploads\/2026\/02\/Abiplakate-300x271.jpg 300w, https:\/\/franziskanergymnasium-kreuzburg.de\/cms\/wp-content\/uploads\/2026\/02\/Abiplakate-1024x926.jpg 1024w, https:\/\/franziskanergymnasium-kreuzburg.de\/cms\/wp-content\/uploads\/2026\/02\/Abiplakate-768x694.jpg 768w, https:\/\/franziskanergymnasium-kreuzburg.de\/cms\/wp-content\/uploads\/2026\/02\/Abiplakate.jpg 1530w\" sizes=\"auto, (max-width: 300px) 100vw, 300px\" \/><\/a>","protected":false},"excerpt":{"rendered":"Liebe Eltern des diesj\u00e4hrigen Abitur-Jahrgangs, liebe angehende Abiturientinnen und Abiturienten, die Abiturpr\u00fcfungen nahen und wir m\u00f6chten Ihnen und Euch Informationen zur Abi-Plakat-Aktion geben. Das Abi-Plakate-Team, bestehend aus Eltern der Kreuzburg, organisiert die Abi-Plakat-Aktion wie im Vorjahr. Um Diskussionen am Aktionstag zu vermeiden, bitten wir Sie, folgende Dinge zu beachten: Erst nach der Pr\u00fcfung der Vorgaben durch das Organisationsteam vor Ort kann das Plakat aufgeh\u00e4ngt werden. Eine Kennzeichnung auf der R\u00fcckseite des Plakats mit Vor- und Zunamen sowie der TG ist zwingend erforderlich. Nutzen Sie hierzu bitte einen wasserfesten Stift. Um die Bauz\u00e4une optimal nutzen zu k\u00f6nnen (s. Bilder am Ende der Seite), werden immer einzelne Zaunfelder freigegeben. Erst wenn diese mit Plakaten gef\u00fcllt sind, geht es mit einem anderen Zaunfeld weiter. W\u00e4hlen Sie bei der Gestaltung Ihres Plakats eine der beiden Gr\u00f6\u00dfen aus: Gr\u00f6\u00dfe 1: DIN A0 (120 cm x 85 cm), Querformat Gr\u00f6\u00dfe 2: DIN A1 (85 cm x 60 cm), Querformat Pro Sch\u00fcler\/in wird nur ein &#8222;privates&#8220; Plakat angenommen. Ein weiteres Plakat wird nur aufgrund von Schulaktivit\u00e4ten (z.B. Patent\u00e4tigkeit, SV-Arbeit etc.) zugelassen. Der Termin f\u00fcr das Aufh\u00e4ngen der Plakate ist: Montag, 13. April 2026 von 15:00 bis 16:30 UhrPlakate in anderen Formaten als die o.a. werden am Ende aufgeh\u00e4ngt, soweit noch Platz vorhanden ist. Alle eigenh\u00e4ndig aufgeh\u00e4ngten Plakate werden, wie auch in den Vorjahren, von den Verantwortlichen umgehend wieder abgeh\u00e4ngt. Bitte bringen Sie Zeit, Geduld, Freude und Respekt sowie Kabelbinder mit. Wir haben aber auch Kabelbinder und Zangen zum L\u00f6sen der Plakate vor Ort. Auch in diesem Jahr bieten wir parallel Kaffee, Brezeln und Kuchen an &#8211; eine gute Gelegenheit f\u00fcr alle &#8222;Abi-Eltern&#8220;, sich auszutauschen und die Plakate anzuschauen. Bitte bringen Sie einen eigenen Becher bzw. eine Tasse mit. Hier k\u00f6nnen Sie sich in die Kuchen- und Brezelliste eintragen: https:\/\/melly.de\/plan\/88YEWBJYR64J Die Einnahmen werden den SV-Vertretern f\u00fcr die Abi-Feier \u00fcbergeben. Wir bitten darum, dass die Sch\u00fclerinnen und Sch\u00fcler ihr Plakat direkt nach ihrer letzten Pr\u00fcfung, aber sp\u00e4testens am 11. Mai 2026, selbst\u00e4ndig abh\u00e4ngen und mitnehmen. Bitte geben Sie diese Informationen auch an Freunde und Bekannte weiter. Wir freuen uns auf Ihr Plakat als Zeichen der Unterst\u00fctzung unserer Abiturientinnen und Abiturienten. Bei R\u00fcckfragen wenden Sie sich gerne an: ring.martin@icloud.com Mit freundlichen Gr\u00fc\u00dfen,das Abi-Plakate-Team","protected":false},"author":1,"featured_media":43427,"comment_status":"closed","ping_status":"closed","sticky":false,"template":"","format":"standard","meta":{"ngg_post_thumbnail":0,"footnotes":""},"categories":[1],"tags":[],"class_list":["post-43423","post","type-post","status-publish","format-standard","has-post-thumbnail","hentry","category-allgemein"],"publishpress_future_action":{"enabled":false,"date":"2026-05-09 08:43:01","action":"change-status","newStatus":"draft","terms":[],"taxonomy":"category","extraData":[]},"publishpress_future_workflow_manual_trigger":{"enabledWorkflows":[]},"_links":{"self":[{"href":"https:\/\/franziskanergymnasium-kreuzburg.de\/cms\/wp-json\/wp\/v2\/posts\/43423","targetHints":{"allow":["GET"]}}],"collection":[{"href":"https:\/\/franziskanergymnasium-kreuzburg.de\/cms\/wp-json\/wp\/v2\/posts"}],"about":[{"href":"https:\/\/franziskanergymnasium-kreuzburg.de\/cms\/wp-json\/wp\/v2\/types\/post"}],"author":[{"embeddable":true,"href":"https:\/\/franziskanergymnasium-kreuzburg.de\/cms\/wp-json\/wp\/v2\/users\/1"}],"replies":[{"embeddable":true,"href":"https:\/\/franziskanergymnasium-kreuzburg.de\/cms\/wp-json\/wp\/v2\/comments?post=43423"}],"version-history":[{"count":3,"href":"https:\/\/franziskanergymnasium-kreuzburg.de\/cms\/wp-json\/wp\/v2\/posts\/43423\/revisions"}],"predecessor-version":[{"id":43428,"href":"https:\/\/franziskanergymnasium-kreuzburg.de\/cms\/wp-json\/wp\/v2\/posts\/43423\/revisions\/43428"}],"wp:featuredmedia":[{"embeddable":true,"href":"https:\/\/franziskanergymnasium-kreuzburg.de\/cms\/wp-json\/wp\/v2\/media\/43427"}],"wp:attachment":[{"href":"https:\/\/franziskanergymnasium-kreuzburg.de\/cms\/wp-json\/wp\/v2\/media?parent=43423"}],"wp:term":[{"taxonomy":"category","embeddable":true,"href":"https:\/\/franziskanergymnasium-kreuzburg.de\/cms\/wp-json\/wp\/v2\/categories?post=43423"},{"taxonomy":"post_tag","embeddable":true,"href":"https:\/\/franziskanergymnasium-kreuzburg.de\/cms\/wp-json\/wp\/v2\/tags?post=43423"}],"curies":[{"name":"wp","href":"https:\/\/api.w.org\/{rel}","templated":true}]}}