{"id":43630,"date":"2026-04-27T08:55:00","date_gmt":"2026-04-27T06:55:00","guid":{"rendered":"https:\/\/franziskanergymnasium-kreuzburg.de\/cms\/?p=43630"},"modified":"2026-04-27T08:55:00","modified_gmt":"2026-04-27T06:55:00","slug":"neuigkeiten-aus-der-umweltgruppe","status":"publish","type":"post","link":"https:\/\/franziskanergymnasium-kreuzburg.de\/cms\/neuigkeiten-aus-der-umweltgruppe\/","title":{"rendered":"Neuigkeiten aus der Umweltgruppe"},"content":{"rendered":"<p><strong>Erste diesj\u00e4hrige Pflanzung im Klostergarten<\/strong><\/p>\r\n<p>Mitterweile im vierten Jahr besteht eine Kooperation der Kreuzburg mit der Gem\u00fcseAckerdemie \u2013 einem bundesweiten Bildungsprogramm, dass Schulen dabei unterst\u00fctzt Kinder und Jugendliche zu Nachhaltigkeitsprofis und Gem\u00fcseg\u00e4rtnern werden zu lassen. Zwei Freie Lernbereiche der Jahrgangsstufen 9\/10 mit dem Titel \u201eZukunftswerkstatt\u201c profitierten in der Vergangenheit von einer Lernplattform, Bio-Saatgut und starken Jungpflanzen \u2013 aber auch von punktuellen Expertenbesuchen, wie in der vergangenen Woche. Die erste Pflanzung im Klostergarten stand an. Die Lernortbegleiterin Stephanie Unruh der Gem\u00fcseAckerdemie erweiterte das Wissen und K\u00f6nnen rund um das Legen von Kartoffeln, das Stecken von Zwiebeln, die Aussaat von Radieschen und vielem mehr. <\/p>\r\n\r\n<a attid=\"43633\"  href=\"https:\/\/franziskanergymnasium-kreuzburg.de\/cms\/wp-content\/uploads\/2026\/04\/20260420_134319-scaled.jpg\" rel=\"lightbox[43630]\"><img loading=\"lazy\" decoding=\"async\" src=\"https:\/\/franziskanergymnasium-kreuzburg.de\/cms\/wp-content\/uploads\/2026\/04\/20260420_134319-scaled.jpg\" alt=\"\" width=\"2560\" height=\"1920\" class=\"alignnone size-full wp-image-43633\" srcset=\"https:\/\/franziskanergymnasium-kreuzburg.de\/cms\/wp-content\/uploads\/2026\/04\/20260420_134319-scaled.jpg 2560w, https:\/\/franziskanergymnasium-kreuzburg.de\/cms\/wp-content\/uploads\/2026\/04\/20260420_134319-300x225.jpg 300w, https:\/\/franziskanergymnasium-kreuzburg.de\/cms\/wp-content\/uploads\/2026\/04\/20260420_134319-1024x768.jpg 1024w, https:\/\/franziskanergymnasium-kreuzburg.de\/cms\/wp-content\/uploads\/2026\/04\/20260420_134319-768x576.jpg 768w, https:\/\/franziskanergymnasium-kreuzburg.de\/cms\/wp-content\/uploads\/2026\/04\/20260420_134319-1536x1152.jpg 1536w, https:\/\/franziskanergymnasium-kreuzburg.de\/cms\/wp-content\/uploads\/2026\/04\/20260420_134319-2048x1536.jpg 2048w\" sizes=\"auto, (max-width: 2560px) 100vw, 2560px\" \/><\/a>\r\n\r\n<p><strong>Outdoor AG zum M\u00fcllsammeln unterwegs<\/strong><\/p>\r\nErneut beteiligte sich die Kreuzburg an der Aktion \u201eSaubere Gemarkung\u201c, die jedes Fr\u00fchjahr von der Gemeinde Gro\u00dfkrotzenburg organisiert wird. Erneut \u00fcbernahm die Outdoor-AG diese Aufgabe, die durch ihre Bewegung au\u00dferhalb des Schulgel\u00e4ndes die ein oder andere Abfallecke in den letzten Monaten schon aufgesp\u00fcrt hatte. Diesmal statteten die Outdoorprofis der Schule nach einem Einsch\u00e4tzungsquiz rund um das Thema Mikroplastik aber zun\u00e4chst dem Bahnhofsgel\u00e4nde einen dringenden Besuch ab, bevor noch der Abfall auf einigen Wegen und Fl\u00e4chen rund um das Schulgel\u00e4nde eingesammelt wurde. Mehrere Eimer wurden voll!<\/p>\r\n\r\n<a attid=\"43632\"  href=\"https:\/\/franziskanergymnasium-kreuzburg.de\/cms\/wp-content\/uploads\/2026\/04\/20260414_140154-scaled.jpg\" rel=\"lightbox[43630]\"><img loading=\"lazy\" decoding=\"async\" src=\"https:\/\/franziskanergymnasium-kreuzburg.de\/cms\/wp-content\/uploads\/2026\/04\/20260414_140154-scaled.jpg\" alt=\"\" width=\"1920\" height=\"2560\" class=\"alignnone size-full wp-image-43632\" \/><\/a>\r\n\r\n<p><strong>Neuanfang f\u00fcr die Wildblumenwiese<\/strong><\/p>\r\n<p>Schlechte Noten des Landschaftspflegeverbands des Main-Kinzig-Kreises f\u00fcr die schuleigene Wildblumenwiese haben in diesem Fr\u00fchjahr Entscheidungen nach sich gezogen. Die seit dem Jahr 2020 von Sch\u00fclerinnen und Sch\u00fclern angelegte Bl\u00fchwiese war \u00fcber die letzten Jahre zunehmend mehr von Gr\u00e4sern \u00fcberfrachtet worden, die den insektenfreundlichen Blumen kaum noch eine Chance gaben. So wurde die Fl\u00e4che mit Unterst\u00fctzung unterschiedlicher Sch\u00fclergruppen in den zur\u00fcckliegenden Wochen von den Gr\u00e4sern befreit, durch das G\u00e4rtnerteam gefr\u00e4st und schlie\u00dflich durch die \u201eZukunftswerkstatt\u201c, einem Wahlpflichtkurs der Jahrgangsstufe 10, mit heimischem Saatgut neu einges\u00e4t und gew\u00e4ssert. Schulgemeinde und Insektenwelt d\u00fcrfen sich gleicherma\u00dfen auf das Aufgehen der Saat freuen.<\/p>\r\n\r\n<a attid=\"43634\"  href=\"https:\/\/franziskanergymnasium-kreuzburg.de\/cms\/wp-content\/uploads\/2026\/04\/IMG-20260327-WA0003.jpg\" rel=\"lightbox[43630]\"><img loading=\"lazy\" decoding=\"async\" src=\"https:\/\/franziskanergymnasium-kreuzburg.de\/cms\/wp-content\/uploads\/2026\/04\/IMG-20260327-WA0003.jpg\" alt=\"\" width=\"1080\" height=\"1920\" class=\"alignnone size-full wp-image-43634\" srcset=\"https:\/\/franziskanergymnasium-kreuzburg.de\/cms\/wp-content\/uploads\/2026\/04\/IMG-20260327-WA0003.jpg 1080w, https:\/\/franziskanergymnasium-kreuzburg.de\/cms\/wp-content\/uploads\/2026\/04\/IMG-20260327-WA0003-169x300.jpg 169w, https:\/\/franziskanergymnasium-kreuzburg.de\/cms\/wp-content\/uploads\/2026\/04\/IMG-20260327-WA0003-576x1024.jpg 576w, https:\/\/franziskanergymnasium-kreuzburg.de\/cms\/wp-content\/uploads\/2026\/04\/IMG-20260327-WA0003-768x1365.jpg 768w, https:\/\/franziskanergymnasium-kreuzburg.de\/cms\/wp-content\/uploads\/2026\/04\/IMG-20260327-WA0003-864x1536.jpg 864w\" sizes=\"auto, (max-width: 1080px) 100vw, 1080px\" \/><\/a>\r\n\r\n","protected":false},"excerpt":{"rendered":"Erste diesj\u00e4hrige Pflanzung im Klostergarten Mitterweile im vierten Jahr besteht eine Kooperation der Kreuzburg mit der Gem\u00fcseAckerdemie \u2013 einem bundesweiten Bildungsprogramm, dass Schulen dabei unterst\u00fctzt Kinder und Jugendliche zu Nachhaltigkeitsprofis und Gem\u00fcseg\u00e4rtnern werden zu lassen. Zwei Freie Lernbereiche der Jahrgangsstufen 9\/10 mit dem Titel \u201eZukunftswerkstatt\u201c profitierten in der Vergangenheit von einer Lernplattform, Bio-Saatgut und starken Jungpflanzen \u2013 aber auch von punktuellen Expertenbesuchen, wie in der vergangenen Woche. Die erste Pflanzung im Klostergarten stand an. Die Lernortbegleiterin Stephanie Unruh der Gem\u00fcseAckerdemie erweiterte das Wissen und K\u00f6nnen rund um das Legen von Kartoffeln, das Stecken von Zwiebeln, die Aussaat von Radieschen und vielem mehr. Outdoor AG zum M\u00fcllsammeln unterwegs Erneut beteiligte sich die Kreuzburg an der Aktion \u201eSaubere Gemarkung\u201c, die jedes Fr\u00fchjahr von der Gemeinde Gro\u00dfkrotzenburg organisiert wird. Erneut \u00fcbernahm die Outdoor-AG diese Aufgabe, die durch ihre Bewegung au\u00dferhalb des Schulgel\u00e4ndes die ein oder andere Abfallecke in den letzten Monaten schon aufgesp\u00fcrt hatte. Diesmal statteten die Outdoorprofis der Schule nach einem Einsch\u00e4tzungsquiz rund um das Thema Mikroplastik aber zun\u00e4chst dem Bahnhofsgel\u00e4nde einen dringenden Besuch ab, bevor noch der Abfall auf einigen Wegen und Fl\u00e4chen rund um das Schulgel\u00e4nde eingesammelt wurde. Mehrere Eimer wurden voll! Neuanfang f\u00fcr die Wildblumenwiese Schlechte Noten des Landschaftspflegeverbands des Main-Kinzig-Kreises f\u00fcr die schuleigene Wildblumenwiese haben in diesem Fr\u00fchjahr Entscheidungen nach sich gezogen. Die seit dem Jahr 2020 von Sch\u00fclerinnen und Sch\u00fclern angelegte Bl\u00fchwiese war \u00fcber die letzten Jahre zunehmend mehr von Gr\u00e4sern \u00fcberfrachtet worden, die den insektenfreundlichen Blumen kaum noch eine Chance gaben. So wurde die Fl\u00e4che mit Unterst\u00fctzung unterschiedlicher Sch\u00fclergruppen in den zur\u00fcckliegenden Wochen von den Gr\u00e4sern befreit, durch das G\u00e4rtnerteam gefr\u00e4st und schlie\u00dflich durch die \u201eZukunftswerkstatt\u201c, einem Wahlpflichtkurs der Jahrgangsstufe 10, mit heimischem Saatgut neu einges\u00e4t und gew\u00e4ssert. Schulgemeinde und Insektenwelt d\u00fcrfen sich gleicherma\u00dfen auf das Aufgehen der Saat freuen.","protected":false},"author":14,"featured_media":43632,"comment_status":"closed","ping_status":"closed","sticky":false,"template":"","format":"standard","meta":{"ngg_post_thumbnail":0,"footnotes":""},"categories":[476],"tags":[],"class_list":["post-43630","post","type-post","status-publish","format-standard","has-post-thumbnail","hentry","category-umwelt"],"publishpress_future_action":{"enabled":false,"date":"2026-05-04 16:45:49","action":"change-status","newStatus":"draft","terms":[],"taxonomy":"category","extraData":[]},"publishpress_future_workflow_manual_trigger":{"enabledWorkflows":[]},"_links":{"self":[{"href":"https:\/\/franziskanergymnasium-kreuzburg.de\/cms\/wp-json\/wp\/v2\/posts\/43630","targetHints":{"allow":["GET"]}}],"collection":[{"href":"https:\/\/franziskanergymnasium-kreuzburg.de\/cms\/wp-json\/wp\/v2\/posts"}],"about":[{"href":"https:\/\/franziskanergymnasium-kreuzburg.de\/cms\/wp-json\/wp\/v2\/types\/post"}],"author":[{"embeddable":true,"href":"https:\/\/franziskanergymnasium-kreuzburg.de\/cms\/wp-json\/wp\/v2\/users\/14"}],"replies":[{"embeddable":true,"href":"https:\/\/franziskanergymnasium-kreuzburg.de\/cms\/wp-json\/wp\/v2\/comments?post=43630"}],"version-history":[{"count":4,"href":"https:\/\/franziskanergymnasium-kreuzburg.de\/cms\/wp-json\/wp\/v2\/posts\/43630\/revisions"}],"predecessor-version":[{"id":43637,"href":"https:\/\/franziskanergymnasium-kreuzburg.de\/cms\/wp-json\/wp\/v2\/posts\/43630\/revisions\/43637"}],"wp:featuredmedia":[{"embeddable":true,"href":"https:\/\/franziskanergymnasium-kreuzburg.de\/cms\/wp-json\/wp\/v2\/media\/43632"}],"wp:attachment":[{"href":"https:\/\/franziskanergymnasium-kreuzburg.de\/cms\/wp-json\/wp\/v2\/media?parent=43630"}],"wp:term":[{"taxonomy":"category","embeddable":true,"href":"https:\/\/franziskanergymnasium-kreuzburg.de\/cms\/wp-json\/wp\/v2\/categories?post=43630"},{"taxonomy":"post_tag","embeddable":true,"href":"https:\/\/franziskanergymnasium-kreuzburg.de\/cms\/wp-json\/wp\/v2\/tags?post=43630"}],"curies":[{"name":"wp","href":"https:\/\/api.w.org\/{rel}","templated":true}]}}