{"id":43638,"date":"2026-04-27T09:14:41","date_gmt":"2026-04-27T07:14:41","guid":{"rendered":"https:\/\/franziskanergymnasium-kreuzburg.de\/cms\/?p=43638"},"modified":"2026-04-27T09:14:41","modified_gmt":"2026-04-27T07:14:41","slug":"ausflug-der-8a-und-8d-nach-wuerzburg","status":"publish","type":"post","link":"https:\/\/franziskanergymnasium-kreuzburg.de\/cms\/ausflug-der-8a-und-8d-nach-wuerzburg\/","title":{"rendered":"Ausflug der 8a und 8d nach W\u00fcrzburg"},"content":{"rendered":"<p>Am 26.03. sind die Klassen 8a und 8d mit Herrn Reese, Frau Rothmann-Schulz und Frau Alexander nach W\u00fcrzburg gefahren.<\/p> \r\n<li>Um 7:30 starteten wir am Parkplatz. Alle waren noch etwas m\u00fcde, aber voller Vorfreude auf einen unterrichtsfreien Donnerstag. Nach ca. 1,5 h Fahrt erreichten wir die Festung Marienberg. Wir erkundeten kurz auf eigene Faust das Au\u00dfengel\u00e4nde, bevor wir uns in 3 Gruppen aufteilten. \r\n<li>Zwei davon lernten in einer F\u00fchrung etwas \u00fcber die Barockzeit, die dritte Gruppe besuchte eine F\u00fchrung zum Mittelalter. Nach ca. 2 h endeten die F\u00fchrungen und wir machten noch eine kleine Rast an der Festung, um zu fr\u00fchst\u00fccken. \r\n<li>Dann wanderten wir, wieder gemeinsam, hinunter in die Innenstadt, wo klassenintern im Voraus kleine Vortr\u00e4ge zu den bekanntesten Sehensw\u00fcrdigkeiten vorbereitet wurden. \r\n<p>Wir alle hatten sehr viel Spa\u00df an diesem Tag.>\/p> \r\n<li>Pia Fleckenstein, 8a<\/li>\r\n\r\n<a attid=\"43640\"  href=\"https:\/\/franziskanergymnasium-kreuzburg.de\/cms\/wp-content\/uploads\/2026\/04\/Wuerzburg.jpg\" rel=\"lightbox[43638]\"><img loading=\"lazy\" decoding=\"async\" src=\"https:\/\/franziskanergymnasium-kreuzburg.de\/cms\/wp-content\/uploads\/2026\/04\/Wuerzburg.jpg\" alt=\"\" width=\"320\" height=\"240\" class=\"alignnone size-full wp-image-43640\" srcset=\"https:\/\/franziskanergymnasium-kreuzburg.de\/cms\/wp-content\/uploads\/2026\/04\/Wuerzburg.jpg 320w, https:\/\/franziskanergymnasium-kreuzburg.de\/cms\/wp-content\/uploads\/2026\/04\/Wuerzburg-300x225.jpg 300w\" sizes=\"auto, (max-width: 320px) 100vw, 320px\" \/><\/a>\r\n","protected":false},"excerpt":{"rendered":"Am 26.03. sind die Klassen 8a und 8d mit Herrn Reese, Frau Rothmann-Schulz und Frau Alexander nach W\u00fcrzburg gefahren. Um 7:30 starteten wir am Parkplatz. Alle waren noch etwas m\u00fcde, aber voller Vorfreude auf einen unterrichtsfreien Donnerstag. Nach ca. 1,5 h Fahrt erreichten wir die Festung Marienberg. Wir erkundeten kurz auf eigene Faust das Au\u00dfengel\u00e4nde, bevor wir uns in 3 Gruppen aufteilten. Zwei davon lernten in einer F\u00fchrung etwas \u00fcber die Barockzeit, die dritte Gruppe besuchte eine F\u00fchrung zum Mittelalter. Nach ca. 2 h endeten die F\u00fchrungen und wir machten noch eine kleine Rast an der Festung, um zu fr\u00fchst\u00fccken. Dann wanderten wir, wieder gemeinsam, hinunter in die Innenstadt, wo klassenintern im Voraus kleine Vortr\u00e4ge zu den bekanntesten Sehensw\u00fcrdigkeiten vorbereitet wurden. Wir alle hatten sehr viel Spa\u00df an diesem Tag.>\/p> Pia Fleckenstein, 8a","protected":false},"author":14,"featured_media":43640,"comment_status":"closed","ping_status":"closed","sticky":false,"template":"","format":"standard","meta":{"ngg_post_thumbnail":0,"footnotes":""},"categories":[1],"tags":[],"class_list":["post-43638","post","type-post","status-publish","format-standard","has-post-thumbnail","hentry","category-allgemein"],"publishpress_future_action":{"enabled":false,"date":"2026-05-04 16:44:32","action":"change-status","newStatus":"draft","terms":[],"taxonomy":"category","extraData":[]},"publishpress_future_workflow_manual_trigger":{"enabledWorkflows":[]},"_links":{"self":[{"href":"https:\/\/franziskanergymnasium-kreuzburg.de\/cms\/wp-json\/wp\/v2\/posts\/43638","targetHints":{"allow":["GET"]}}],"collection":[{"href":"https:\/\/franziskanergymnasium-kreuzburg.de\/cms\/wp-json\/wp\/v2\/posts"}],"about":[{"href":"https:\/\/franziskanergymnasium-kreuzburg.de\/cms\/wp-json\/wp\/v2\/types\/post"}],"author":[{"embeddable":true,"href":"https:\/\/franziskanergymnasium-kreuzburg.de\/cms\/wp-json\/wp\/v2\/users\/14"}],"replies":[{"embeddable":true,"href":"https:\/\/franziskanergymnasium-kreuzburg.de\/cms\/wp-json\/wp\/v2\/comments?post=43638"}],"version-history":[{"count":3,"href":"https:\/\/franziskanergymnasium-kreuzburg.de\/cms\/wp-json\/wp\/v2\/posts\/43638\/revisions"}],"predecessor-version":[{"id":43642,"href":"https:\/\/franziskanergymnasium-kreuzburg.de\/cms\/wp-json\/wp\/v2\/posts\/43638\/revisions\/43642"}],"wp:featuredmedia":[{"embeddable":true,"href":"https:\/\/franziskanergymnasium-kreuzburg.de\/cms\/wp-json\/wp\/v2\/media\/43640"}],"wp:attachment":[{"href":"https:\/\/franziskanergymnasium-kreuzburg.de\/cms\/wp-json\/wp\/v2\/media?parent=43638"}],"wp:term":[{"taxonomy":"category","embeddable":true,"href":"https:\/\/franziskanergymnasium-kreuzburg.de\/cms\/wp-json\/wp\/v2\/categories?post=43638"},{"taxonomy":"post_tag","embeddable":true,"href":"https:\/\/franziskanergymnasium-kreuzburg.de\/cms\/wp-json\/wp\/v2\/tags?post=43638"}],"curies":[{"name":"wp","href":"https:\/\/api.w.org\/{rel}","templated":true}]}}