{"id":7072,"date":"2015-11-12T09:53:36","date_gmt":"2015-11-12T08:53:36","guid":{"rendered":"https:\/\/franziskanergymnasium-kreuzburg.de\/cms\/?p=7072"},"modified":"2016-02-17T13:27:26","modified_gmt":"2016-02-17T12:27:26","slug":"in-maedchenkleidern-durch-die-nacht","status":"publish","type":"post","link":"https:\/\/franziskanergymnasium-kreuzburg.de\/cms\/in-maedchenkleidern-durch-die-nacht\/","title":{"rendered":"In M\u00e4dchenkleidern durch die Nacht &#8230;"},"content":{"rendered":"<a href=\"https:\/\/franziskanergymnasium-kreuzburg.de\/cms\/wp-content\/uploads\/2015\/11\/2015_11Autorenlesung-Mohl1.jpg\" rel-data=fancybox rel=\"lightbox[7072]\"><img loading=\"lazy\" decoding=\"async\" class=\"alignleft  wp-image-7073\" src=\"https:\/\/franziskanergymnasium-kreuzburg.de\/cms\/wp-content\/uploads\/2015\/11\/2015_11Autorenlesung-Mohl1-300x257.jpg\" alt=\"\" width=\"197\" height=\"169\" srcset=\"https:\/\/franziskanergymnasium-kreuzburg.de\/cms\/wp-content\/uploads\/2015\/11\/2015_11Autorenlesung-Mohl1-300x257.jpg 300w, https:\/\/franziskanergymnasium-kreuzburg.de\/cms\/wp-content\/uploads\/2015\/11\/2015_11Autorenlesung-Mohl1-1024x876.jpg 1024w, https:\/\/franziskanergymnasium-kreuzburg.de\/cms\/wp-content\/uploads\/2015\/11\/2015_11Autorenlesung-Mohl1.jpg 1200w\" sizes=\"auto, (max-width: 197px) 100vw, 197px\" \/><\/a>&#8230;das macht wohl so schnell kein Junge im spannenden Alter von 15 &#8211; au\u00dfer in einem Buch und in der Phantasie seines Autors Nils Mohl, der am 11.11. in der Bibliothek auftrat, um allen Sch\u00fclern der 9. Klassen sein j\u00fcngstes Buch &#8222;Mogel&#8220; vorzustellen.\r\nSie lauschten verwundert, fasziniert und am\u00fcsiert der Geschichte von Miguel aus der Hamburger Stadtrandsiedlung, der f\u00fcr eine Nacht Miguela wird und ganz eigent\u00fcmliche Erfahrungen sammelt &#8211; immer begleitet von seinen Schulfreunden.\r\n<a href=\"https:\/\/franziskanergymnasium-kreuzburg.de\/cms\/wp-content\/uploads\/2015\/11\/2015_11Autorenlesung-Mohl.jpg\" rel-data=fancybox rel=\"lightbox[7072]\"><img loading=\"lazy\" decoding=\"async\" class=\"alignright  wp-image-7075\" src=\"https:\/\/franziskanergymnasium-kreuzburg.de\/cms\/wp-content\/uploads\/2015\/11\/2015_11Autorenlesung-Mohl-1024x768.jpg\" alt=\"\" width=\"280\" height=\"210\" srcset=\"https:\/\/franziskanergymnasium-kreuzburg.de\/cms\/wp-content\/uploads\/2015\/11\/2015_11Autorenlesung-Mohl-1024x768.jpg 1024w, https:\/\/franziskanergymnasium-kreuzburg.de\/cms\/wp-content\/uploads\/2015\/11\/2015_11Autorenlesung-Mohl-300x225.jpg 300w, https:\/\/franziskanergymnasium-kreuzburg.de\/cms\/wp-content\/uploads\/2015\/11\/2015_11Autorenlesung-Mohl-440x330.jpg 440w, https:\/\/franziskanergymnasium-kreuzburg.de\/cms\/wp-content\/uploads\/2015\/11\/2015_11Autorenlesung-Mohl.jpg 1200w\" sizes=\"auto, (max-width: 280px) 100vw, 280px\" \/><\/a>Neben aller Komik regte das Buch aber auch zum Nachdenken an \u00fcber echte Freundschaft, \u00fcber die Grenzen der Geschlechteridentit\u00e4t und auch \u00fcber das Erz\u00e4hlen selbst, das Nils Mohl auf seine zur\u00fcckhaltende Hamburger Art virtuos beherrscht. &#8211; Fazit: eine aufregende Nacht &#8211; im Kopf.","protected":false},"excerpt":{"rendered":"&#8230;das macht wohl so schnell kein Junge im spannenden Alter von 15 &#8211; au\u00dfer in einem Buch und in der Phantasie seines Autors Nils Mohl, der am 11.11. in der Bibliothek auftrat, um allen Sch\u00fclern der 9. Klassen sein j\u00fcngstes Buch &#8222;Mogel&#8220; vorzustellen. Sie lauschten verwundert, fasziniert und am\u00fcsiert der Geschichte von Miguel aus der Hamburger Stadtrandsiedlung, der f\u00fcr eine Nacht Miguela wird und ganz eigent\u00fcmliche Erfahrungen sammelt &#8211; immer begleitet von seinen Schulfreunden. Neben aller Komik regte das Buch aber auch zum Nachdenken an \u00fcber echte Freundschaft, \u00fcber die Grenzen der Geschlechteridentit\u00e4t und auch \u00fcber das Erz\u00e4hlen selbst, das Nils Mohl auf seine zur\u00fcckhaltende Hamburger Art virtuos beherrscht. &#8211; Fazit: eine aufregende Nacht &#8211; im Kopf.","protected":false},"author":3,"featured_media":7075,"comment_status":"closed","ping_status":"closed","sticky":false,"template":"","format":"standard","meta":{"ngg_post_thumbnail":0,"footnotes":""},"categories":[252],"tags":[94],"class_list":["post-7072","post","type-post","status-publish","format-standard","has-post-thumbnail","hentry","category-fachbereich-1","tag-bibliothek"],"publishpress_future_action":{"enabled":false,"date":"2026-05-04 19:38:58","action":"change-status","newStatus":"draft","terms":[],"taxonomy":"category","extraData":[]},"publishpress_future_workflow_manual_trigger":{"enabledWorkflows":[]},"_links":{"self":[{"href":"https:\/\/franziskanergymnasium-kreuzburg.de\/cms\/wp-json\/wp\/v2\/posts\/7072","targetHints":{"allow":["GET"]}}],"collection":[{"href":"https:\/\/franziskanergymnasium-kreuzburg.de\/cms\/wp-json\/wp\/v2\/posts"}],"about":[{"href":"https:\/\/franziskanergymnasium-kreuzburg.de\/cms\/wp-json\/wp\/v2\/types\/post"}],"author":[{"embeddable":true,"href":"https:\/\/franziskanergymnasium-kreuzburg.de\/cms\/wp-json\/wp\/v2\/users\/3"}],"replies":[{"embeddable":true,"href":"https:\/\/franziskanergymnasium-kreuzburg.de\/cms\/wp-json\/wp\/v2\/comments?post=7072"}],"version-history":[{"count":4,"href":"https:\/\/franziskanergymnasium-kreuzburg.de\/cms\/wp-json\/wp\/v2\/posts\/7072\/revisions"}],"predecessor-version":[{"id":7079,"href":"https:\/\/franziskanergymnasium-kreuzburg.de\/cms\/wp-json\/wp\/v2\/posts\/7072\/revisions\/7079"}],"wp:featuredmedia":[{"embeddable":true,"href":"https:\/\/franziskanergymnasium-kreuzburg.de\/cms\/wp-json\/wp\/v2\/media\/7075"}],"wp:attachment":[{"href":"https:\/\/franziskanergymnasium-kreuzburg.de\/cms\/wp-json\/wp\/v2\/media?parent=7072"}],"wp:term":[{"taxonomy":"category","embeddable":true,"href":"https:\/\/franziskanergymnasium-kreuzburg.de\/cms\/wp-json\/wp\/v2\/categories?post=7072"},{"taxonomy":"post_tag","embeddable":true,"href":"https:\/\/franziskanergymnasium-kreuzburg.de\/cms\/wp-json\/wp\/v2\/tags?post=7072"}],"curies":[{"name":"wp","href":"https:\/\/api.w.org\/{rel}","templated":true}]}}