{"id":7956,"date":"2016-02-29T16:12:04","date_gmt":"2016-02-29T15:12:04","guid":{"rendered":"https:\/\/franziskanergymnasium-kreuzburg.de\/cms\/?p=7956"},"modified":"2016-02-29T16:16:33","modified_gmt":"2016-02-29T15:16:33","slug":"aktuelle-nachrichten-aus-spanien","status":"publish","type":"post","link":"https:\/\/franziskanergymnasium-kreuzburg.de\/cms\/aktuelle-nachrichten-aus-spanien\/","title":{"rendered":"Aktuelle Nachrichten aus Spanien"},"content":{"rendered":"<a attid=\"7958\"  href=\"https:\/\/franziskanergymnasium-kreuzburg.de\/cms\/wp-content\/uploads\/2016\/02\/2016_02Spanienaustausch2-4.jpg\" data-rel=\"fancybox\" rel=\"lightbox[7956]\"><img loading=\"lazy\" decoding=\"async\" src=\"https:\/\/franziskanergymnasium-kreuzburg.de\/cms\/wp-content\/uploads\/2016\/02\/2016_02Spanienaustausch2-4-225x300.jpg\" alt=\"2016_02Spanienaustausch2-4\" width=\"225\" height=\"300\" class=\"alignleft size-medium wp-image-7958\" srcset=\"https:\/\/franziskanergymnasium-kreuzburg.de\/cms\/wp-content\/uploads\/2016\/02\/2016_02Spanienaustausch2-4-225x300.jpg 225w, https:\/\/franziskanergymnasium-kreuzburg.de\/cms\/wp-content\/uploads\/2016\/02\/2016_02Spanienaustausch2-4.jpg 640w\" sizes=\"auto, (max-width: 225px) 100vw, 225px\" \/><\/a>Von unseren Austauschsch\u00fclern in Spanien erreichten uns neue Nachrichten und Fotos:<br>\r\nDas vergangene Wochenende verbrachten die Austauschsch\u00fcler in ihren spanischen Gastfamilien. Am Sonntag gab es ein gro\u00dfes Fest mit traditioneller Paella.<br>\r\nJetzt befindet sich die Gruppe schon auf dem letzten gemeinsamen Ausflug nach Valenzia.<br>\r\nWeitere Fotos sind in unserer Galerie<a href=\"https:\/\/franziskanergymnasium-kreuzburg.de\/cms\/galerie\/nggallery\/fotos\/schueleraustausch-besuch-in-ontinyent-bei-valencia\"> hier<\/a> zu sehen.<a attid=\"7957\"  href=\"https:\/\/franziskanergymnasium-kreuzburg.de\/cms\/wp-content\/uploads\/2016\/02\/2016_02Spanienaustausch2-0.jpg\" data-rel=\"fancybox\" rel=\"lightbox[7956]\"><img loading=\"lazy\" decoding=\"async\" src=\"https:\/\/franziskanergymnasium-kreuzburg.de\/cms\/wp-content\/uploads\/2016\/02\/2016_02Spanienaustausch2-0-300x169.jpg\" alt=\"2016_02Spanienaustausch2-0\" width=\"300\" height=\"169\" class=\"alignright size-medium wp-image-7957\" srcset=\"https:\/\/franziskanergymnasium-kreuzburg.de\/cms\/wp-content\/uploads\/2016\/02\/2016_02Spanienaustausch2-0-300x169.jpg 300w, https:\/\/franziskanergymnasium-kreuzburg.de\/cms\/wp-content\/uploads\/2016\/02\/2016_02Spanienaustausch2-0-768x432.jpg 768w, https:\/\/franziskanergymnasium-kreuzburg.de\/cms\/wp-content\/uploads\/2016\/02\/2016_02Spanienaustausch2-0-1024x576.jpg 1024w, https:\/\/franziskanergymnasium-kreuzburg.de\/cms\/wp-content\/uploads\/2016\/02\/2016_02Spanienaustausch2-0.jpg 1300w\" sizes=\"auto, (max-width: 300px) 100vw, 300px\" \/><\/a>","protected":false},"excerpt":{"rendered":"Von unseren Austauschsch\u00fclern in Spanien erreichten uns neue Nachrichten und Fotos: Das vergangene Wochenende verbrachten die Austauschsch\u00fcler in ihren spanischen Gastfamilien. Am Sonntag gab es ein gro\u00dfes Fest mit traditioneller Paella. Jetzt befindet sich die Gruppe schon auf dem letzten gemeinsamen Ausflug nach Valenzia. Weitere Fotos sind in unserer Galerie hier zu sehen.","protected":false},"author":3,"featured_media":7957,"comment_status":"closed","ping_status":"closed","sticky":false,"template":"","format":"standard","meta":{"ngg_post_thumbnail":0,"footnotes":""},"categories":[1,252],"tags":[196],"class_list":["post-7956","post","type-post","status-publish","format-standard","has-post-thumbnail","hentry","category-allgemein","category-fachbereich-1","tag-schueleraustausch"],"publishpress_future_action":{"enabled":false,"date":"2026-05-07 13:07:29","action":"change-status","newStatus":"draft","terms":[],"taxonomy":"category","extraData":[]},"publishpress_future_workflow_manual_trigger":{"enabledWorkflows":[]},"_links":{"self":[{"href":"https:\/\/franziskanergymnasium-kreuzburg.de\/cms\/wp-json\/wp\/v2\/posts\/7956","targetHints":{"allow":["GET"]}}],"collection":[{"href":"https:\/\/franziskanergymnasium-kreuzburg.de\/cms\/wp-json\/wp\/v2\/posts"}],"about":[{"href":"https:\/\/franziskanergymnasium-kreuzburg.de\/cms\/wp-json\/wp\/v2\/types\/post"}],"author":[{"embeddable":true,"href":"https:\/\/franziskanergymnasium-kreuzburg.de\/cms\/wp-json\/wp\/v2\/users\/3"}],"replies":[{"embeddable":true,"href":"https:\/\/franziskanergymnasium-kreuzburg.de\/cms\/wp-json\/wp\/v2\/comments?post=7956"}],"version-history":[{"count":8,"href":"https:\/\/franziskanergymnasium-kreuzburg.de\/cms\/wp-json\/wp\/v2\/posts\/7956\/revisions"}],"predecessor-version":[{"id":7966,"href":"https:\/\/franziskanergymnasium-kreuzburg.de\/cms\/wp-json\/wp\/v2\/posts\/7956\/revisions\/7966"}],"wp:featuredmedia":[{"embeddable":true,"href":"https:\/\/franziskanergymnasium-kreuzburg.de\/cms\/wp-json\/wp\/v2\/media\/7957"}],"wp:attachment":[{"href":"https:\/\/franziskanergymnasium-kreuzburg.de\/cms\/wp-json\/wp\/v2\/media?parent=7956"}],"wp:term":[{"taxonomy":"category","embeddable":true,"href":"https:\/\/franziskanergymnasium-kreuzburg.de\/cms\/wp-json\/wp\/v2\/categories?post=7956"},{"taxonomy":"post_tag","embeddable":true,"href":"https:\/\/franziskanergymnasium-kreuzburg.de\/cms\/wp-json\/wp\/v2\/tags?post=7956"}],"curies":[{"name":"wp","href":"https:\/\/api.w.org\/{rel}","templated":true}]}}