{"id":8850,"date":"2016-06-13T11:29:33","date_gmt":"2016-06-13T09:29:33","guid":{"rendered":"https:\/\/franziskanergymnasium-kreuzburg.de\/cms\/?p=8850"},"modified":"2016-06-13T12:11:10","modified_gmt":"2016-06-13T10:11:10","slug":"vernetzt-familiengottessdienst-zum-abschluss-der-9-klassen","status":"publish","type":"post","link":"https:\/\/franziskanergymnasium-kreuzburg.de\/cms\/vernetzt-familiengottessdienst-zum-abschluss-der-9-klassen\/","title":{"rendered":"\u201eVernetzt!\u201c  &#8211;  Familiengottessdienst zum Abschluss der 9. Klassen"},"content":{"rendered":"<a attid=\"8852\"  href=\"https:\/\/franziskanergymnasium-kreuzburg.de\/cms\/wp-content\/uploads\/2016\/06\/2016_06abschlussgottesdienst9er03.jpg\" data-rel=fancybox rel=\"lightbox[8850]\"><img loading=\"lazy\" decoding=\"async\" src=\"https:\/\/franziskanergymnasium-kreuzburg.de\/cms\/wp-content\/uploads\/2016\/06\/2016_06abschlussgottesdienst9er03-300x225.jpg\" alt=\"2016_06abschlussgottesdienst9er03\" width=\"300\" height=\"225\" class=\"alignleft size-medium wp-image-8852\" srcset=\"https:\/\/franziskanergymnasium-kreuzburg.de\/cms\/wp-content\/uploads\/2016\/06\/2016_06abschlussgottesdienst9er03-300x225.jpg 300w, https:\/\/franziskanergymnasium-kreuzburg.de\/cms\/wp-content\/uploads\/2016\/06\/2016_06abschlussgottesdienst9er03-768x576.jpg 768w, https:\/\/franziskanergymnasium-kreuzburg.de\/cms\/wp-content\/uploads\/2016\/06\/2016_06abschlussgottesdienst9er03-1024x768.jpg 1024w\" sizes=\"auto, (max-width: 300px) 100vw, 300px\" \/><\/a>Nach f\u00fcnf gemeinsamen Jahren geht f\u00fcr den augenblicklichen Jahrgang 9 die Zeit der Mittelstufe zu Ende. im August 2011 wurden die Sch\u00fclerinnen und Sch\u00fcler unter dem Motto \u201eVernetzt \u2013 Komm, lass uns Netze kn\u00fcpfen!\u201c in der Kreuzburg eingeschult. Nach diesen Jahren sind tats\u00e4chlich tragf\u00e4hige Netze entstanden, die beim Abschlussgottesdienst am 12. Juni 2016  symbolisch vor dem Altar zu h\u00e4ngen kamen. Darin fanden sich B\u00e4lle in den jeweiligen Klassenfarben. <br>\r\nNun war es Zeit zu danken. Die Sch\u00fclerinnen und Sch\u00fcler formulierten diesen Dank selbst. Er ging von: \u201eDanke f\u00fcr die vielen Kuchen\u201c bis zu: \u201eIch bin dankbar f\u00fcr die Unterst\u00fctzung und Ermutigung, die ich beim Lernen erhalten habe.\u201c <br>\r\n\u201eGemeinschaft entsteht erst dann wirklich, wenn durch die entstandenen Verbindungen die Kraft, der Stromkreis der Freundschaft und er Liebe flie\u00dft. Eine solche Verbindung wird schwer zu kappen sein\u201c, sagte Bruder Michael in der Predigt. <br><a attid=\"8853\"  href=\"https:\/\/franziskanergymnasium-kreuzburg.de\/cms\/wp-content\/uploads\/2016\/06\/2016_06abschlussgottesdienst9er11.jpg\" data-rel=fancybox rel=\"lightbox[8850]\"><img decoding=\"async\" src=\"https:\/\/franziskanergymnasium-kreuzburg.de\/cms\/wp-content\/uploads\/2016\/06\/2016_06abschlussgottesdienst9er11-300x225.jpg\" alt=\"2016_06abschlussgottesdienst9er11\" width=\"200\"  class=\"alignright size-medium wp-image-8853\" srcset=\"https:\/\/franziskanergymnasium-kreuzburg.de\/cms\/wp-content\/uploads\/2016\/06\/2016_06abschlussgottesdienst9er11-300x225.jpg 300w, https:\/\/franziskanergymnasium-kreuzburg.de\/cms\/wp-content\/uploads\/2016\/06\/2016_06abschlussgottesdienst9er11-768x576.jpg 768w, https:\/\/franziskanergymnasium-kreuzburg.de\/cms\/wp-content\/uploads\/2016\/06\/2016_06abschlussgottesdienst9er11-1024x768.jpg 1024w\" sizes=\"(max-width: 300px) 100vw, 300px\" \/><\/a>\r\nDoch auch neue Kontakte sollten geschlossen werden. Beim Friedensgru\u00df gingen die Sch\u00fclerinnen und Sch\u00fcler auf die anderen Klassen zu, tauschten die eigenen B\u00e4lle und fanden sich gemeinsam in einem neuen Netz wieder \u2013 ein Bild f\u00fcr das, was ab dem August 2016 eine neue Realit\u00e4t werden kann.<br><br>\r\n\r\nDer Segen sollte dazu Mut machen:<br>\r\n\r\n<em>Unser Gott segne dir den Blick zur\u00fcck <br>\r\nund den Schritt nach vorn. <br>\r\nEr bewahre in dir die Erfahrungen, die du in deiner bisherigen Klasse gemacht hast.<br>\r\nGott begleite dich auf dem Weg, <br>\r\nder vor dir liegt, <br>\r\nund lasse dein Vertrauen zu ihm wachsen. <\/em><br><br>\r\n\r\nWir danken nochmals der Vorbereitungsgruppe f\u00fcr die bunten Ideen, der Technik-AG und der \u201eSakro-Pop-AG\u201c!<br><br>\r\n\r\nWeitere Fotos in unserer Galerie <a href=\"https:\/\/franziskanergymnasium-kreuzburg.de\/cms\/galerie\/nggallery\/fotos\/Familiengottessdienst-zum-Abschluss-der-9.-Klassen\">hier<\/a>.\r\n","protected":false},"excerpt":{"rendered":"Nach f\u00fcnf gemeinsamen Jahren geht f\u00fcr den augenblicklichen Jahrgang 9 die Zeit der Mittelstufe zu Ende. im August 2011 wurden die Sch\u00fclerinnen und Sch\u00fcler unter dem Motto \u201eVernetzt \u2013 Komm, lass uns Netze kn\u00fcpfen!\u201c in der Kreuzburg eingeschult. Nach diesen Jahren sind tats\u00e4chlich tragf\u00e4hige Netze entstanden, die beim Abschlussgottesdienst am 12. Juni 2016 symbolisch vor dem Altar zu h\u00e4ngen kamen. Darin fanden sich B\u00e4lle in den jeweiligen Klassenfarben. Nun war es Zeit zu danken. Die Sch\u00fclerinnen und Sch\u00fcler formulierten diesen Dank selbst. Er ging von: \u201eDanke f\u00fcr die vielen Kuchen\u201c bis zu: \u201eIch bin dankbar f\u00fcr die Unterst\u00fctzung und Ermutigung, die ich beim Lernen erhalten habe.\u201c \u201eGemeinschaft entsteht erst dann wirklich, wenn durch die entstandenen Verbindungen die Kraft, der Stromkreis der Freundschaft und er Liebe flie\u00dft. Eine solche Verbindung wird schwer zu kappen sein\u201c, sagte Bruder Michael in der Predigt. Doch auch neue Kontakte sollten geschlossen werden. Beim Friedensgru\u00df gingen die Sch\u00fclerinnen und Sch\u00fcler auf die anderen Klassen zu, tauschten die eigenen B\u00e4lle und fanden sich gemeinsam in einem neuen Netz wieder \u2013 ein Bild f\u00fcr das, was ab dem August 2016 eine neue Realit\u00e4t werden kann. Der Segen sollte dazu Mut machen: Unser Gott segne dir den Blick zur\u00fcck und den Schritt nach vorn. Er bewahre in dir die Erfahrungen, die du in deiner bisherigen Klasse gemacht hast. Gott begleite dich auf dem Weg, der vor dir liegt, und lasse dein Vertrauen zu ihm wachsen. Wir danken nochmals der Vorbereitungsgruppe f\u00fcr die bunten Ideen, der Technik-AG und der \u201eSakro-Pop-AG\u201c! Weitere Fotos in unserer Galerie hier.","protected":false},"author":3,"featured_media":8851,"comment_status":"closed","ping_status":"closed","sticky":false,"template":"","format":"standard","meta":{"ngg_post_thumbnail":0,"footnotes":""},"categories":[1],"tags":[213],"class_list":["post-8850","post","type-post","status-publish","format-standard","has-post-thumbnail","hentry","category-allgemein","tag-gottesdienst"],"publishpress_future_action":{"enabled":false,"date":"2026-05-03 11:16:54","action":"change-status","newStatus":"draft","terms":[],"taxonomy":"category","extraData":[]},"publishpress_future_workflow_manual_trigger":{"enabledWorkflows":[]},"_links":{"self":[{"href":"https:\/\/franziskanergymnasium-kreuzburg.de\/cms\/wp-json\/wp\/v2\/posts\/8850","targetHints":{"allow":["GET"]}}],"collection":[{"href":"https:\/\/franziskanergymnasium-kreuzburg.de\/cms\/wp-json\/wp\/v2\/posts"}],"about":[{"href":"https:\/\/franziskanergymnasium-kreuzburg.de\/cms\/wp-json\/wp\/v2\/types\/post"}],"author":[{"embeddable":true,"href":"https:\/\/franziskanergymnasium-kreuzburg.de\/cms\/wp-json\/wp\/v2\/users\/3"}],"replies":[{"embeddable":true,"href":"https:\/\/franziskanergymnasium-kreuzburg.de\/cms\/wp-json\/wp\/v2\/comments?post=8850"}],"version-history":[{"count":5,"href":"https:\/\/franziskanergymnasium-kreuzburg.de\/cms\/wp-json\/wp\/v2\/posts\/8850\/revisions"}],"predecessor-version":[{"id":8859,"href":"https:\/\/franziskanergymnasium-kreuzburg.de\/cms\/wp-json\/wp\/v2\/posts\/8850\/revisions\/8859"}],"wp:featuredmedia":[{"embeddable":true,"href":"https:\/\/franziskanergymnasium-kreuzburg.de\/cms\/wp-json\/wp\/v2\/media\/8851"}],"wp:attachment":[{"href":"https:\/\/franziskanergymnasium-kreuzburg.de\/cms\/wp-json\/wp\/v2\/media?parent=8850"}],"wp:term":[{"taxonomy":"category","embeddable":true,"href":"https:\/\/franziskanergymnasium-kreuzburg.de\/cms\/wp-json\/wp\/v2\/categories?post=8850"},{"taxonomy":"post_tag","embeddable":true,"href":"https:\/\/franziskanergymnasium-kreuzburg.de\/cms\/wp-json\/wp\/v2\/tags?post=8850"}],"curies":[{"name":"wp","href":"https:\/\/api.w.org\/{rel}","templated":true}]}}