{"id":9971,"date":"2016-09-21T12:23:39","date_gmt":"2016-09-21T10:23:39","guid":{"rendered":"https:\/\/franziskanergymnasium-kreuzburg.de\/cms\/?p=9971"},"modified":"2016-09-21T12:24:13","modified_gmt":"2016-09-21T10:24:13","slug":"schirmherrschaft-ueber-rom-assisifahrt","status":"publish","type":"post","link":"https:\/\/franziskanergymnasium-kreuzburg.de\/cms\/schirmherrschaft-ueber-rom-assisifahrt\/","title":{"rendered":"Schirmherrschaft \u00fcber Rom-\/Assisifahrt"},"content":{"rendered":"Frau Annette Schavan, Botschafterin der Bundesrepublik Deutschland beim Heiligen Stuhl, Vatican, \u00fcbernimmt die Schirmherrschaft \u00fcber die Fahrt der Schulgemeinde nach Rom und Assisi.  Dies hat Sie in einem heutigen Schreiben an die Gesch\u00e4ftsf\u00fchrung mitgeteilt.","protected":false},"excerpt":{"rendered":"Frau Annette Schavan, Botschafterin der Bundesrepublik Deutschland beim Heiligen Stuhl, Vatican, \u00fcbernimmt die Schirmherrschaft \u00fcber die Fahrt der Schulgemeinde nach Rom und Assisi. Dies hat Sie in einem heutigen Schreiben an die Gesch\u00e4ftsf\u00fchrung mitgeteilt.","protected":false},"author":3,"featured_media":9972,"comment_status":"closed","ping_status":"closed","sticky":false,"template":"","format":"standard","meta":{"ngg_post_thumbnail":0,"footnotes":""},"categories":[244],"tags":[],"class_list":["post-9971","post","type-post","status-publish","format-standard","has-post-thumbnail","hentry","category-romfahrt-2017"],"publishpress_future_action":{"enabled":false,"date":"2026-05-03 09:55:39","action":"change-status","newStatus":"draft","terms":[],"taxonomy":"category","extraData":[]},"publishpress_future_workflow_manual_trigger":{"enabledWorkflows":[]},"_links":{"self":[{"href":"https:\/\/franziskanergymnasium-kreuzburg.de\/cms\/wp-json\/wp\/v2\/posts\/9971","targetHints":{"allow":["GET"]}}],"collection":[{"href":"https:\/\/franziskanergymnasium-kreuzburg.de\/cms\/wp-json\/wp\/v2\/posts"}],"about":[{"href":"https:\/\/franziskanergymnasium-kreuzburg.de\/cms\/wp-json\/wp\/v2\/types\/post"}],"author":[{"embeddable":true,"href":"https:\/\/franziskanergymnasium-kreuzburg.de\/cms\/wp-json\/wp\/v2\/users\/3"}],"replies":[{"embeddable":true,"href":"https:\/\/franziskanergymnasium-kreuzburg.de\/cms\/wp-json\/wp\/v2\/comments?post=9971"}],"version-history":[{"count":2,"href":"https:\/\/franziskanergymnasium-kreuzburg.de\/cms\/wp-json\/wp\/v2\/posts\/9971\/revisions"}],"predecessor-version":[{"id":9974,"href":"https:\/\/franziskanergymnasium-kreuzburg.de\/cms\/wp-json\/wp\/v2\/posts\/9971\/revisions\/9974"}],"wp:featuredmedia":[{"embeddable":true,"href":"https:\/\/franziskanergymnasium-kreuzburg.de\/cms\/wp-json\/wp\/v2\/media\/9972"}],"wp:attachment":[{"href":"https:\/\/franziskanergymnasium-kreuzburg.de\/cms\/wp-json\/wp\/v2\/media?parent=9971"}],"wp:term":[{"taxonomy":"category","embeddable":true,"href":"https:\/\/franziskanergymnasium-kreuzburg.de\/cms\/wp-json\/wp\/v2\/categories?post=9971"},{"taxonomy":"post_tag","embeddable":true,"href":"https:\/\/franziskanergymnasium-kreuzburg.de\/cms\/wp-json\/wp\/v2\/tags?post=9971"}],"curies":[{"name":"wp","href":"https:\/\/api.w.org\/{rel}","templated":true}]}}